{"id":293686,"date":"2016-10-14T00:10:03","date_gmt":"2016-10-14T05:10:03","guid":{"rendered":"http:\/\/www.diarioimagen.net\/?p=293686"},"modified":"2016-10-14T05:40:03","modified_gmt":"2016-10-14T10:40:03","slug":"avance-en-generacion-de-plazas-laborales","status":"publish","type":"post","link":"https:\/\/www.diarioimagen.net\/?p=293686","title":{"rendered":"Avance en generaci\u00f3n de plazas laborales"},"content":{"rendered":"<h2>Arco Norte<\/h2>\n<h5>Jos\u00e9 Luis Monta\u00f1ez Aguilar<\/h5>\n<p>&nbsp;<\/p>\n<div id=\"attachment_293736\" style=\"width: 470px\" class=\"wp-caption aligncenter\"><a href=\"http:\/\/www.diarioimagen.net\/?attachment_id=293736\" rel=\"attachment wp-att-293736\"><img loading=\"lazy\" decoding=\"async\" aria-describedby=\"caption-attachment-293736\" class=\"size-large wp-image-293736\" src=\"http:\/\/www.diarioimagen.net\/wp-content\/uploads\/2016\/10\/arco-2975-460x259.jpg\" alt=\"Eruviel \u00c1vila - Durante la ampliaci\u00f3n de la Autopista M\u00e9xico-Puebla.\" width=\"460\" height=\"259\" srcset=\"https:\/\/www.diarioimagen.net\/wp-content\/uploads\/2016\/10\/arco-2975-460x259.jpg 460w, https:\/\/www.diarioimagen.net\/wp-content\/uploads\/2016\/10\/arco-2975-240x135.jpg 240w, https:\/\/www.diarioimagen.net\/wp-content\/uploads\/2016\/10\/arco-2975-235x132.jpg 235w, https:\/\/www.diarioimagen.net\/wp-content\/uploads\/2016\/10\/arco-2975-202x114.jpg 202w, https:\/\/www.diarioimagen.net\/wp-content\/uploads\/2016\/10\/arco-2975-350x196.jpg 350w, https:\/\/www.diarioimagen.net\/wp-content\/uploads\/2016\/10\/arco-2975-220x123.jpg 220w, https:\/\/www.diarioimagen.net\/wp-content\/uploads\/2016\/10\/arco-2975-237x132.jpg 237w, https:\/\/www.diarioimagen.net\/wp-content\/uploads\/2016\/10\/arco-2975.jpg 480w\" sizes=\"auto, (max-width: 460px) 100vw, 460px\" \/><\/a><p id=\"caption-attachment-293736\" class=\"wp-caption-text\">Eruviel \u00c1vila &#8211; Durante la ampliaci\u00f3n de la Autopista M\u00e9xico-Puebla.<\/p><\/div>\n<p>&nbsp;<\/p>\n<p>El presidente Enrique Pe\u00f1a Nieto y el\u00a0gobernador Eruviel \u00c1vila Villegas destacaron las cifras hist\u00f3ricas en creaci\u00f3n de empleos, tanto en el Estado de M\u00e9xico como a nivel nacional. El mandatario mexiquense refiri\u00f3 que en lo que va de 2016, de acuerdo con el IMSS, el Estado de M\u00e9xico se encuentra entre las cuatro entidades del pa\u00eds que m\u00e1s plazas laborales ha creado, con 73 mil, cantidad equivalente a casi 50 por ciento del promedio generado en los \u00faltimos 10 a\u00f1os en la entidad.<\/p>\n<p>En Valle de Chalco, durante la entrega de la ampliaci\u00f3n de la Autopista M\u00e9xico-Puebla, el Presidente se\u00f1al\u00f3 que durante su administraci\u00f3n se han creado 2 millones 331 mil nuevos empleos, y confi\u00f3 en que la cifra llegar\u00e1 a los 2 millones y medio de nuevos trabajos, cantidad que superar\u00eda \u00a0lo conseguido en cualquier otra administraci\u00f3n federal.<\/p>\n<p style=\"text-align: center;\"><strong>Reconoce Semarnat a Edomex por masa forestal <\/strong><\/p>\n<p>El secretario de Medio Ambiente y Recursos Naturales, Rafael Pacchiano Alam\u00e1n, reconoci\u00f3 al Estado de M\u00e9xico, poni\u00e9ndolo como ejemplo a nivel nacional por ser la \u00fanica entidad que ha incrementado su masa forestal con m\u00e1s de 50 mil hect\u00e1reas en los \u00faltimos a\u00f1os, durante la XII edici\u00f3n de la Expo Forestal que organiza la Comisi\u00f3n Nacional Forestal.<\/p>\n<p>En este sentido, Yolotsi Olivares Rosales, directora general de Probosque, explic\u00f3 que este logro se debe a que el Estado de M\u00e9xico es pionero en implementar programas como el Pago por Servicios Ambientales Hidrol\u00f3gicos, el cual permite apoyar econ\u00f3micamente a los poseedores de terrenos para fomentar el cuidado de los bosques.<\/p>\n<p style=\"text-align: center;\"><strong>\u00a0Nuevas variedades de semilla de ma\u00edz y girasol<\/strong><\/p>\n<p>Resultado de las investigaciones realizadas por el Instituto de Investigaci\u00f3n y Capacitaci\u00f3n Agropecuaria, Acu\u00edcola y Forestal del Estado de M\u00e9xico (Icamex), se entregaron dos nuevas variedades de semillas de ma\u00edz y girasol a productores mexiquenses, lo que permitir\u00e1 tener un campo mexiquense m\u00e1s productivo. Heriberto Ortega Ram\u00edrez, secretario de Desarrollo Agropecuario, entreg\u00f3 la Variedad de Ma\u00edz Amarillo 14-B al Congreso Agrario Permanente del Estado de M\u00e9xico (Capem) y la Variedad de Girasol Forrajero a la Uni\u00f3n Ganadera Regional de la entidad.<\/p>\n<p><em><a href=\"mailto:montanezaguilar@gmail.com\" target=\"_blank\">montanezaguilar@gmail.com<\/a><\/em><\/p>\n","protected":false},"excerpt":{"rendered":"<p><span style=\"color: #005497;\">Jos\u00e9 Luis Monta\u00f1ez Aguilar<\/span><br \/>\n<br \/>\nEl presidente Enrique Pe\u00f1a Nieto y el gobernador Eruviel \u00c1vila Villegas destacaron las cifras hist\u00f3ricas en creaci\u00f3n de empleos, tanto en el Estado de M\u00e9xico como a nivel nacional. <\/p>\n","protected":false},"author":3,"featured_media":293736,"comment_status":"open","ping_status":"open","sticky":false,"template":"","format":"standard","meta":{"_monsterinsights_skip_tracking":false,"_monsterinsights_sitenote_active":false,"_monsterinsights_sitenote_note":"","_monsterinsights_sitenote_category":0,"footnotes":""},"categories":[5],"tags":[13284,43704,43674],"class_list":["post-293686","post","type-post","status-publish","format-standard","has-post-thumbnail","hentry","category-estado-de-mexico","tag-arco-norte","tag-jose-luis-montanez-aguilar","tag-opinion"],"_links":{"self":[{"href":"https:\/\/www.diarioimagen.net\/index.php?rest_route=\/wp\/v2\/posts\/293686","targetHints":{"allow":["GET"]}}],"collection":[{"href":"https:\/\/www.diarioimagen.net\/index.php?rest_route=\/wp\/v2\/posts"}],"about":[{"href":"https:\/\/www.diarioimagen.net\/index.php?rest_route=\/wp\/v2\/types\/post"}],"author":[{"embeddable":true,"href":"https:\/\/www.diarioimagen.net\/index.php?rest_route=\/wp\/v2\/users\/3"}],"replies":[{"embeddable":true,"href":"https:\/\/www.diarioimagen.net\/index.php?rest_route=%2Fwp%2Fv2%2Fcomments&post=293686"}],"version-history":[{"count":0,"href":"https:\/\/www.diarioimagen.net\/index.php?rest_route=\/wp\/v2\/posts\/293686\/revisions"}],"wp:featuredmedia":[{"embeddable":true,"href":"https:\/\/www.diarioimagen.net\/index.php?rest_route=\/wp\/v2\/media\/293736"}],"wp:attachment":[{"href":"https:\/\/www.diarioimagen.net\/index.php?rest_route=%2Fwp%2Fv2%2Fmedia&parent=293686"}],"wp:term":[{"taxonomy":"category","embeddable":true,"href":"https:\/\/www.diarioimagen.net\/index.php?rest_route=%2Fwp%2Fv2%2Fcategories&post=293686"},{"taxonomy":"post_tag","embeddable":true,"href":"https:\/\/www.diarioimagen.net\/index.php?rest_route=%2Fwp%2Fv2%2Ftags&post=293686"}],"curies":[{"name":"wp","href":"https:\/\/api.w.org\/{rel}","templated":true}]}}