{"id":293706,"date":"2016-10-14T00:07:14","date_gmt":"2016-10-14T05:07:14","guid":{"rendered":"http:\/\/www.diarioimagen.net\/?p=293706"},"modified":"2016-10-14T04:58:47","modified_gmt":"2016-10-14T09:58:47","slug":"asisten-mas-de-14-mil-personas-a-eventos-de-luminaria-2016","status":"publish","type":"post","link":"https:\/\/www.diarioimagen.net\/?p=293706","title":{"rendered":"Asisten m\u00e1s de 14 mil personas  a eventos de \u201cLuminaria 2016\u201d"},"content":{"rendered":"<ul>\n<li><em><strong>En segundo d\u00eda de festejos<\/strong><\/em><\/li>\n<\/ul>\n<p>&nbsp;<\/p>\n<div id=\"attachment_293753\" style=\"width: 470px\" class=\"wp-caption aligncenter\"><a href=\"http:\/\/www.diarioimagen.net\/?attachment_id=293753\" rel=\"attachment wp-att-293753\"><img loading=\"lazy\" decoding=\"async\" aria-describedby=\"caption-attachment-293753\" class=\"size-large wp-image-293753\" src=\"http:\/\/www.diarioimagen.net\/wp-content\/uploads\/2016\/10\/ATIZAPAN-2975-460x259.jpg\" alt=\"La alcaldesa de Atizap\u00e1n, Ana Mar\u00eda Balderas Trejo, afirm\u00f3 que el objetivo primordial es promocionar la riqueza cultural, gastron\u00f3mica y artesanal de cada pa\u00eds.\" width=\"460\" height=\"259\" srcset=\"https:\/\/www.diarioimagen.net\/wp-content\/uploads\/2016\/10\/ATIZAPAN-2975-460x259.jpg 460w, https:\/\/www.diarioimagen.net\/wp-content\/uploads\/2016\/10\/ATIZAPAN-2975-240x135.jpg 240w, https:\/\/www.diarioimagen.net\/wp-content\/uploads\/2016\/10\/ATIZAPAN-2975-480x270.jpg 480w, https:\/\/www.diarioimagen.net\/wp-content\/uploads\/2016\/10\/ATIZAPAN-2975-235x132.jpg 235w, https:\/\/www.diarioimagen.net\/wp-content\/uploads\/2016\/10\/ATIZAPAN-2975-202x114.jpg 202w, https:\/\/www.diarioimagen.net\/wp-content\/uploads\/2016\/10\/ATIZAPAN-2975-350x196.jpg 350w, https:\/\/www.diarioimagen.net\/wp-content\/uploads\/2016\/10\/ATIZAPAN-2975-220x123.jpg 220w, https:\/\/www.diarioimagen.net\/wp-content\/uploads\/2016\/10\/ATIZAPAN-2975-237x132.jpg 237w, https:\/\/www.diarioimagen.net\/wp-content\/uploads\/2016\/10\/ATIZAPAN-2975.jpg 700w\" sizes=\"auto, (max-width: 460px) 100vw, 460px\" \/><\/a><p id=\"caption-attachment-293753\" class=\"wp-caption-text\">La alcaldesa de Atizap\u00e1n, Ana Mar\u00eda Balderas Trejo, afirm\u00f3 que el objetivo primordial es promocionar la riqueza cultural, gastron\u00f3mica y artesanal de cada pa\u00eds.<\/p><\/div>\n<p>&nbsp;<\/p>\n<p><strong>Atizap\u00e1n, Estado de M\u00e9xico.<\/strong>&#8211; En el marco del segundo d\u00eda de actividades del XV Festival Internacional de las Artes Luminaria 2016, se cont\u00f3 con la participaci\u00f3n de grandes espect\u00e1culos que hicieron vibrar a los m\u00e1s de 14 mil asistentes en las diferentes sedes. En su mensaje, la alcaldesa de Atizap\u00e1n, Ana Mar\u00eda Balderas Trejo mencion\u00f3: \u201cantes de ir al extranjero hay que conocer lo que en M\u00e9xico tenemos\u201d.<\/p>\n<p>Con la participaci\u00f3n del Patronato Oaxaque\u00f1o de Cultura Popular, A.C., la explanada municipal se cubri\u00f3 de m\u00fasica y color con la Inauguraci\u00f3n: Presencia de Oaxaca en M\u00e9xico. Con muestras gastron\u00f3micas, artesanales y\u00a0\u00a0bailables t\u00edpicos de la regi\u00f3n, se presentaron algunos n\u00fameros de la\u00a0\u00a0famosa Guelaguetza que encantaron a los asistentes<\/p>\n<p>Posteriormente, la presidenta municipal inaugur\u00f3 la Exposici\u00f3n Internacional Gastron\u00f3mica y Artesanal, donde mencion\u00f3 que el objetivo primordial es promocionar la riqueza cultural, gastron\u00f3mica y artesanal de cada pa\u00eds que participa en nuestro festival.<\/p>\n<p>\u201cQuiero agradecer la participaci\u00f3n de la delegaciones de Siria, Ecuador, India, Turqu\u00eda, Cuba, Marruecos, Rusia, Bolivia, Egipto, Tailandia, Nigeria, Costa de Marfil, L\u00edbano, Suiza, Venezuela, Panam\u00e1, Per\u00fa, Guatemala, Uruguay, Colombia, Espa\u00f1a, Jordania, Brasil y Paraguay, y los invito a que conozcan Atizap\u00e1n, a su gente trabajadora y responsable \u201d.<\/p>\n<p>Por la tarde, el Bulevar Ignacio Zaragoza brill\u00f3 con la participaci\u00f3n de Pepe Bustos y los Santaneros, temas como <em>Perfume de gardenias, Aventurera, El mudo y Saca la botella<\/em>, entre otros,\u00a0\u00a0hicieron bailar y cantar\u00a0\u00a0a\u00a0\u00a0los asistentes, quienes desde horas antes se dieron cita para no perderse ese importante espect\u00e1culo.<\/p>\n<p>&nbsp;<\/p>\n","protected":false},"excerpt":{"rendered":"<p>En el marco del segundo d\u00eda de actividades del XV Festival Internacional de las Artes Luminaria 2016, se cont\u00f3 con la participaci\u00f3n de grandes espect\u00e1culos que hicieron vibrar a los m\u00e1s de 14 mil asistentes en las diferentes sedes. En su mensaje, la alcaldesa de Atizap\u00e1n, Ana Mar\u00eda Balderas Trejo mencion\u00f3: \u201cantes de ir al extranjero hay que conocer lo que en M\u00e9xico tenemos\u201d.<\/p>\n","protected":false},"author":3,"featured_media":293753,"comment_status":"open","ping_status":"open","sticky":false,"template":"","format":"standard","meta":{"_monsterinsights_skip_tracking":false,"_monsterinsights_sitenote_active":false,"_monsterinsights_sitenote_note":"","_monsterinsights_sitenote_category":0,"footnotes":""},"categories":[35155],"tags":[47219,969,43675],"class_list":["post-293706","post","type-post","status-publish","format-standard","has-post-thumbnail","hentry","category-estado-de-mexico-estado-de-mexico","tag-ana-maria-balderas-trejo","tag-atizapan","tag-estado-de-mexico"],"_links":{"self":[{"href":"https:\/\/www.diarioimagen.net\/index.php?rest_route=\/wp\/v2\/posts\/293706","targetHints":{"allow":["GET"]}}],"collection":[{"href":"https:\/\/www.diarioimagen.net\/index.php?rest_route=\/wp\/v2\/posts"}],"about":[{"href":"https:\/\/www.diarioimagen.net\/index.php?rest_route=\/wp\/v2\/types\/post"}],"author":[{"embeddable":true,"href":"https:\/\/www.diarioimagen.net\/index.php?rest_route=\/wp\/v2\/users\/3"}],"replies":[{"embeddable":true,"href":"https:\/\/www.diarioimagen.net\/index.php?rest_route=%2Fwp%2Fv2%2Fcomments&post=293706"}],"version-history":[{"count":0,"href":"https:\/\/www.diarioimagen.net\/index.php?rest_route=\/wp\/v2\/posts\/293706\/revisions"}],"wp:featuredmedia":[{"embeddable":true,"href":"https:\/\/www.diarioimagen.net\/index.php?rest_route=\/wp\/v2\/media\/293753"}],"wp:attachment":[{"href":"https:\/\/www.diarioimagen.net\/index.php?rest_route=%2Fwp%2Fv2%2Fmedia&parent=293706"}],"wp:term":[{"taxonomy":"category","embeddable":true,"href":"https:\/\/www.diarioimagen.net\/index.php?rest_route=%2Fwp%2Fv2%2Fcategories&post=293706"},{"taxonomy":"post_tag","embeddable":true,"href":"https:\/\/www.diarioimagen.net\/index.php?rest_route=%2Fwp%2Fv2%2Ftags&post=293706"}],"curies":[{"name":"wp","href":"https:\/\/api.w.org\/{rel}","templated":true}]}}