{"id":293714,"date":"2016-10-14T00:04:01","date_gmt":"2016-10-14T05:04:01","guid":{"rendered":"http:\/\/www.diarioimagen.net\/?p=293714"},"modified":"2016-10-14T06:05:18","modified_gmt":"2016-10-14T11:05:18","slug":"tomas-palomares-el-nuevo-lider-del-suteym-naucalpan","status":"publish","type":"post","link":"https:\/\/www.diarioimagen.net\/?p=293714","title":{"rendered":"Tom\u00e1s Palomares, el nuevo l\u00edder del SUTEyM-Naucalpan"},"content":{"rendered":"<ul>\n<li><strong><em>Dar\u00e1 continuidad a la lucha sindical<\/em><\/strong><\/li>\n<\/ul>\n<p>&nbsp;<\/p>\n<div id=\"attachment_293797\" style=\"width: 470px\" class=\"wp-caption aligncenter\"><a href=\"http:\/\/www.diarioimagen.net\/?attachment_id=293797\" rel=\"attachment wp-att-293797\"><img loading=\"lazy\" decoding=\"async\" aria-describedby=\"caption-attachment-293797\" class=\"size-large wp-image-293797\" src=\"http:\/\/www.diarioimagen.net\/wp-content\/uploads\/2016\/10\/NAUCALPAN-2975-460x259.jpg\" alt=\"Tom\u00e1s Palomares Parra dar\u00e1 continuidad a la lucha sindical realizada por su antecesor Ren\u00e9 Palomares Parra.\" width=\"460\" height=\"259\" srcset=\"https:\/\/www.diarioimagen.net\/wp-content\/uploads\/2016\/10\/NAUCALPAN-2975-460x259.jpg 460w, https:\/\/www.diarioimagen.net\/wp-content\/uploads\/2016\/10\/NAUCALPAN-2975-240x135.jpg 240w, https:\/\/www.diarioimagen.net\/wp-content\/uploads\/2016\/10\/NAUCALPAN-2975-235x132.jpg 235w, https:\/\/www.diarioimagen.net\/wp-content\/uploads\/2016\/10\/NAUCALPAN-2975-202x114.jpg 202w, https:\/\/www.diarioimagen.net\/wp-content\/uploads\/2016\/10\/NAUCALPAN-2975-350x196.jpg 350w, https:\/\/www.diarioimagen.net\/wp-content\/uploads\/2016\/10\/NAUCALPAN-2975-220x123.jpg 220w, https:\/\/www.diarioimagen.net\/wp-content\/uploads\/2016\/10\/NAUCALPAN-2975-237x132.jpg 237w, https:\/\/www.diarioimagen.net\/wp-content\/uploads\/2016\/10\/NAUCALPAN-2975.jpg 480w\" sizes=\"auto, (max-width: 460px) 100vw, 460px\" \/><\/a><p id=\"caption-attachment-293797\" class=\"wp-caption-text\">Tom\u00e1s Palomares Parra dar\u00e1 continuidad a la lucha sindical realizada por su antecesor Ren\u00e9 Palomares Parra.<\/p><\/div>\n<p>&nbsp;<\/p>\n<p><strong>Naucalpan, Estado de M\u00e9xico<\/strong>.- En un hecho in\u00e9dito e hist\u00f3rico en la vida de la secci\u00f3n municipal del Sindicato \u00danico de Trabajadores del Estado y Municipios (SUTEyM), el aspirante de la planilla verde a la dirigencia de esta organizaci\u00f3n gremial, Tom\u00e1s Alberto Palomares Parra, fue electo bajo la modalidad de candidatura de unidad, lo que confirma la que la unidad interna de los 4,100 trabajadores se mantiene inquebrantable.<\/p>\n<p>Con el apoyo mayoritario de la clase trabajadora, misma que con su cohesi\u00f3n corrobora que el sindicato se encuentra fortalecido, maduro y consolidado, Tom\u00e1s Palomares Parra dar\u00e1 continuidad a la lucha realizada por su antecesor Ren\u00e9 Palomares Parra, en defensa de los derechos de \u00e9sta.<\/p>\n<p>De este modo, los suteymistas naucalpenses demostraron al brindar su incondicional confianza a la planilla \u00fanica \u00a0encabezada por Tom\u00e1s Palomares Parra, que resulta un hecho hist\u00f3rico que en 31 a\u00f1os, el SUTEyM Naucalpan, ha avalado los indiscutibles liderazgos de David Parra S\u00e1nchez, Juanita Parra S\u00e1nchez, \u00a0Jos\u00e9 Fernando Palomares Parra, Ren\u00e9 Palomares Parra, y ahora Tom\u00e1s Palomares Parra.<\/p>\n<p>Asimismo, los trabajadores reconocen a quienes desde la trinchera sindical los han llevado a la victoria para refrendar obtener conquistas laborales, refrendar las que ya ten\u00edan, y para frenar los abusos por parte de gobernantes insensibles.<\/p>\n<p>Luego de obtener los votos en la elecci\u00f3n de comit\u00e9 local del SUTEyM, que lo convierten en el pr\u00f3ximo secretario general de la secci\u00f3n Naucalpan, Tom\u00e1s Palomares Parra destac\u00f3 en entrevista que dar\u00e1 continuidad a las acciones realizadas por Ren\u00e9 Palomares, en beneficio de los trabajadores.<\/p>\n<p>Dijo que la principal prioridad de su gesti\u00f3n ser\u00e1 en pro de garantizar la estabilidad laboral de los agremiados, con una visi\u00f3n integral \u201ces decir, de trasladarlo hacia la familia, porque es la c\u00e9lula principal de toda sociedad\u201d.<\/p>\n<p>&nbsp;<\/p>\n","protected":false},"excerpt":{"rendered":"<p>En un hecho in\u00e9dito e hist\u00f3rico en la vida de la secci\u00f3n municipal del Sindicato \u00danico de Trabajadores del Estado y Municipios (SUTEyM), el aspirante de la planilla verde a la dirigencia de esta organizaci\u00f3n gremial, Tom\u00e1s Alberto Palomares Parra, fue electo bajo la modalidad de candidatura de unidad, lo que confirma la que la unidad interna de los 4,100 trabajadores se mantiene inquebrantable.<\/p>\n","protected":false},"author":3,"featured_media":293797,"comment_status":"open","ping_status":"open","sticky":false,"template":"","format":"standard","meta":{"_monsterinsights_skip_tracking":false,"_monsterinsights_sitenote_active":false,"_monsterinsights_sitenote_note":"","_monsterinsights_sitenote_category":0,"footnotes":""},"categories":[35155],"tags":[43675,970,2572],"class_list":["post-293714","post","type-post","status-publish","format-standard","has-post-thumbnail","hentry","category-estado-de-mexico-estado-de-mexico","tag-estado-de-mexico","tag-naucalpan","tag-suteym"],"_links":{"self":[{"href":"https:\/\/www.diarioimagen.net\/index.php?rest_route=\/wp\/v2\/posts\/293714","targetHints":{"allow":["GET"]}}],"collection":[{"href":"https:\/\/www.diarioimagen.net\/index.php?rest_route=\/wp\/v2\/posts"}],"about":[{"href":"https:\/\/www.diarioimagen.net\/index.php?rest_route=\/wp\/v2\/types\/post"}],"author":[{"embeddable":true,"href":"https:\/\/www.diarioimagen.net\/index.php?rest_route=\/wp\/v2\/users\/3"}],"replies":[{"embeddable":true,"href":"https:\/\/www.diarioimagen.net\/index.php?rest_route=%2Fwp%2Fv2%2Fcomments&post=293714"}],"version-history":[{"count":0,"href":"https:\/\/www.diarioimagen.net\/index.php?rest_route=\/wp\/v2\/posts\/293714\/revisions"}],"wp:featuredmedia":[{"embeddable":true,"href":"https:\/\/www.diarioimagen.net\/index.php?rest_route=\/wp\/v2\/media\/293797"}],"wp:attachment":[{"href":"https:\/\/www.diarioimagen.net\/index.php?rest_route=%2Fwp%2Fv2%2Fmedia&parent=293714"}],"wp:term":[{"taxonomy":"category","embeddable":true,"href":"https:\/\/www.diarioimagen.net\/index.php?rest_route=%2Fwp%2Fv2%2Fcategories&post=293714"},{"taxonomy":"post_tag","embeddable":true,"href":"https:\/\/www.diarioimagen.net\/index.php?rest_route=%2Fwp%2Fv2%2Ftags&post=293714"}],"curies":[{"name":"wp","href":"https:\/\/api.w.org\/{rel}","templated":true}]}}