{"id":293829,"date":"2016-10-16T17:00:15","date_gmt":"2016-10-16T22:00:15","guid":{"rendered":"http:\/\/www.diarioimagen.net\/?p=293829"},"modified":"2016-10-17T23:44:46","modified_gmt":"2016-10-18T04:44:46","slug":"entregan-aurelio-nuno-y-eruviel-avila-apoyos-de-acciones-por-la-educacion","status":"publish","type":"post","link":"https:\/\/www.diarioimagen.net\/?p=293829","title":{"rendered":"Entregan Aurelio Nu\u00f1o y Eruviel \u00c1vila apoyos de acciones por la educaci\u00f3n"},"content":{"rendered":"<ul>\n<li><em><strong>M\u00e1s herramientas para la preparaci\u00f3n acad\u00e9mica<\/strong><\/em><\/li>\n<\/ul>\n<p>&nbsp;<\/p>\n<div id=\"attachment_293830\" style=\"width: 470px\" class=\"wp-caption aligncenter\"><a href=\"http:\/\/www.diarioimagen.net\/?attachment_id=293830\" rel=\"attachment wp-att-293830\"><img loading=\"lazy\" decoding=\"async\" aria-describedby=\"caption-attachment-293830\" class=\"size-large wp-image-293830\" src=\"http:\/\/www.diarioimagen.net\/wp-content\/uploads\/2016\/10\/EDUCACION17-pooortal-460x306.jpg\" alt=\"Aurelio Nu\u00f1o y Eruviel \u00c1vila inauguraron el Plantel 54 del COBAEM, en beneficio de 297 alumnos.\" width=\"460\" height=\"306\" srcset=\"https:\/\/www.diarioimagen.net\/wp-content\/uploads\/2016\/10\/EDUCACION17-pooortal-460x306.jpg 460w, https:\/\/www.diarioimagen.net\/wp-content\/uploads\/2016\/10\/EDUCACION17-pooortal-240x159.jpg 240w, https:\/\/www.diarioimagen.net\/wp-content\/uploads\/2016\/10\/EDUCACION17-pooortal.jpg 700w\" sizes=\"auto, (max-width: 460px) 100vw, 460px\" \/><\/a><p id=\"caption-attachment-293830\" class=\"wp-caption-text\">Aurelio Nu\u00f1o y Eruviel \u00c1vila inauguraron el Plantel 54 del COBAEM, en beneficio de 297 alumnos.<\/p><\/div>\n<p>&nbsp;<\/p>\n<p><strong>Teoloyucan, Estado de M\u00e9xico<\/strong>.- El secretario de Educaci\u00f3n, Aurelio Nu\u00f1o, y el gobernador Eruviel \u00c1vila, iniciaron la entrega de apoyos de las Acciones por la Educaci\u00f3n correspondientes al ciclo escolar 2016-2017, invitando a los estudiantes del Estado de M\u00e9xico a conocer y participar en las convocatorias de los diferentes programas, becas y est\u00edmulos para que tengan mejores herramientas en su preparaci\u00f3n acad\u00e9mica.<\/p>\n<p>El gobernador Eruviel \u00c1vila inform\u00f3 que se entregar\u00e1n est\u00edmulos econ\u00f3micos a escoltas escolares y de laptops a estudiantes de secundaria, preparatoria y universidad, as\u00ed como equipamiento a bandas de guerra, becas al extranjero y otorgamiento de apoyos a los alumnos en proceso de titulaci\u00f3n, entre otras acciones. Los interesados pueden obtener m\u00e1s informaci\u00f3n en la p\u00e1gina de internet www. edomex.gob.mx\/educacion<\/p>\n<p>\u201cHoy de hecho se\u00f1or secretario Aurelio Nu\u00f1o, estamos formalmente d\u00e1ndole el banderazo de salida con su anuencia, a las 10 Acciones por la Educaci\u00f3n, a partir de hoy deben registrarse las escoltas de las escuelas, a partir de hoy deben registrarse los alumnos interesados en el programa de titulaci\u00f3n simplificada, para que se titulen r\u00e1pido y adem\u00e1s les apoyamos para los derechos y las fotos, y las copias.<\/p>\n<p>\u201cHoy estamos tambi\u00e9n arrancando con el programa de est\u00edmulos a trav\u00e9s las laptops que estamos entregando, a partir de hoy con la anuencia del secretario, con su apoyo, estamos dando arranque al programa de becas al extranjero y del programa Proyecta 100 mil que el presidente Pe\u00f1a Nieto impulsa para todos los j\u00f3venes de este gran pa\u00eds y de este gran Estado de M\u00e9xico\u201d, expres\u00f3 el gobernador.<\/p>\n<p>En Teoloyucan, al inaugurar el Plantel 54 del Colegio de Bachilleres del Estado de M\u00e9xico (COBAEM), Eruviel \u00c1vila destac\u00f3 que hace cinco a\u00f1os el COBAEM contaba con 27 mil 500 alumnos, y actualmente su matr\u00edcula escolar es de 37 mil estudiantes, adem\u00e1s de que se han construido 10 nuevas escuelas de este colegio.<\/p>\n<p>Por su parte, Aurelio Nu\u00f1o indic\u00f3 que un tema clave para que los alumnos puedan encontrar un buen empleo cuando terminen la universidad, es el impulso de las habilidades socio-emocionales, que permiten mejorar el trabajo en equipo, que los estudiantes est\u00e9n seguros de s\u00ed mismos, puedan hablar en p\u00fablico, entre otros.<\/p>\n<p>Por lo que en el nuevo modelo educativo nacional tiene este enfoque, que se pondr\u00e1 en pr\u00e1ctica en el plantel hoy inaugurado.<\/p>\n<p>\u201cAqu\u00ed tienen j\u00f3venes un ejemplo de lo que se puede lograr con esfuerzo con dedicaci\u00f3n y lo que se puede lograr con una educaci\u00f3n de calidad, y una educaci\u00f3n de calidad, por eso, es la plataforma para que M\u00e9xico pueda ser un mejor pa\u00eds, y ustedes pueden ser mejores con educaci\u00f3n, sus familias ser\u00e1n mejores, y as\u00ed M\u00e9xico ser\u00e1 mejor, y ese es el empe\u00f1o en el que estamos, trabajando junto con el gobernador del Estado de M\u00e9xico, para construir ese nuevo modelo educativo que a ustedes les d\u00e9 m\u00e1s y mejores oportunidades, una nueva educaci\u00f3n para un nuevo mundo, para un siglo XXI y que ustedes puedan ser exitosos aqu\u00ed y en donde sea\u201d, apunt\u00f3.<\/p>\n<p>En el Plantel 54 del Colegio de Bachilleres del Estado de M\u00e9xico se construyeron siete aulas para la preparaci\u00f3n de 297 alumnos de ambos turnos, as\u00ed como talleres de c\u00f3mputo, laboratorio multidisciplinario, \u00e1rea administrativa, plaza c\u00edvica, entre otros.<\/p>\n<p>En este evento el mandatario estatal y el titular de la SEP entregaron becas a ni\u00f1os que padecen ceguera, as\u00ed como tarjetas La Efectiva a estudiantes destacados.<\/p>\n","protected":false},"excerpt":{"rendered":"<p>El secretario de Educaci\u00f3n, Aurelio Nu\u00f1o, y el gobernador Eruviel \u00c1vila, iniciaron la entrega de apoyos de las Acciones por la Educaci\u00f3n correspondientes al ciclo escolar 2016-2017, invitando a los estudiantes del Estado de M\u00e9xico a conocer y participar en las convocatorias de los diferentes programas, becas y est\u00edmulos para que tengan mejores herramientas en su preparaci\u00f3n acad\u00e9mica.<\/p>\n","protected":false},"author":5,"featured_media":293831,"comment_status":"open","ping_status":"open","sticky":false,"template":"","format":"standard","meta":{"_monsterinsights_skip_tracking":false,"_monsterinsights_sitenote_active":false,"_monsterinsights_sitenote_note":"","_monsterinsights_sitenote_category":0,"footnotes":""},"categories":[35155],"tags":[51829,30144,43694],"class_list":["post-293829","post","type-post","status-publish","format-standard","has-post-thumbnail","hentry","category-estado-de-mexico-estado-de-mexico","tag-aurelio-nuno","tag-aurelio-nuno-mayer","tag-educacion"],"_links":{"self":[{"href":"https:\/\/www.diarioimagen.net\/index.php?rest_route=\/wp\/v2\/posts\/293829","targetHints":{"allow":["GET"]}}],"collection":[{"href":"https:\/\/www.diarioimagen.net\/index.php?rest_route=\/wp\/v2\/posts"}],"about":[{"href":"https:\/\/www.diarioimagen.net\/index.php?rest_route=\/wp\/v2\/types\/post"}],"author":[{"embeddable":true,"href":"https:\/\/www.diarioimagen.net\/index.php?rest_route=\/wp\/v2\/users\/5"}],"replies":[{"embeddable":true,"href":"https:\/\/www.diarioimagen.net\/index.php?rest_route=%2Fwp%2Fv2%2Fcomments&post=293829"}],"version-history":[{"count":0,"href":"https:\/\/www.diarioimagen.net\/index.php?rest_route=\/wp\/v2\/posts\/293829\/revisions"}],"wp:featuredmedia":[{"embeddable":true,"href":"https:\/\/www.diarioimagen.net\/index.php?rest_route=\/wp\/v2\/media\/293831"}],"wp:attachment":[{"href":"https:\/\/www.diarioimagen.net\/index.php?rest_route=%2Fwp%2Fv2%2Fmedia&parent=293829"}],"wp:term":[{"taxonomy":"category","embeddable":true,"href":"https:\/\/www.diarioimagen.net\/index.php?rest_route=%2Fwp%2Fv2%2Fcategories&post=293829"},{"taxonomy":"post_tag","embeddable":true,"href":"https:\/\/www.diarioimagen.net\/index.php?rest_route=%2Fwp%2Fv2%2Ftags&post=293829"}],"curies":[{"name":"wp","href":"https:\/\/api.w.org\/{rel}","templated":true}]}}