{"id":293904,"date":"2016-10-17T00:02:38","date_gmt":"2016-10-17T05:02:38","guid":{"rendered":"http:\/\/www.diarioimagen.net\/?p=293904"},"modified":"2016-10-17T02:37:08","modified_gmt":"2016-10-17T07:37:08","slug":"todo-un-exito-el-xv-festival-de-las-artes-luminaria-en-atizapan","status":"publish","type":"post","link":"https:\/\/www.diarioimagen.net\/?p=293904","title":{"rendered":"Todo un \u00e9xito, el XV Festival de las Artes Luminaria, en Atizap\u00e1n"},"content":{"rendered":"<ul>\n<li><strong><em>Concurrridos eventos en diferentes sedes<\/em><\/strong><\/li>\n<\/ul>\n<p>&nbsp;<\/p>\n<div id=\"attachment_294006\" style=\"width: 470px\" class=\"wp-caption aligncenter\"><a href=\"http:\/\/www.diarioimagen.net\/?attachment_id=294006\" rel=\"attachment wp-att-294006\"><img loading=\"lazy\" decoding=\"async\" aria-describedby=\"caption-attachment-294006\" class=\"size-large wp-image-294006\" src=\"http:\/\/www.diarioimagen.net\/wp-content\/uploads\/2016\/10\/ATIZAPAN-2976-460x259.jpg\" alt=\"Ha resultado todo un \u00e9xito el XV Festival Internacional de las Artes Luminaria 2016, que se realiza en Atizap\u00e1n.\" width=\"460\" height=\"259\" srcset=\"https:\/\/www.diarioimagen.net\/wp-content\/uploads\/2016\/10\/ATIZAPAN-2976-460x259.jpg 460w, https:\/\/www.diarioimagen.net\/wp-content\/uploads\/2016\/10\/ATIZAPAN-2976-240x135.jpg 240w, https:\/\/www.diarioimagen.net\/wp-content\/uploads\/2016\/10\/ATIZAPAN-2976-235x132.jpg 235w, https:\/\/www.diarioimagen.net\/wp-content\/uploads\/2016\/10\/ATIZAPAN-2976-202x114.jpg 202w, https:\/\/www.diarioimagen.net\/wp-content\/uploads\/2016\/10\/ATIZAPAN-2976-350x196.jpg 350w, https:\/\/www.diarioimagen.net\/wp-content\/uploads\/2016\/10\/ATIZAPAN-2976-220x123.jpg 220w, https:\/\/www.diarioimagen.net\/wp-content\/uploads\/2016\/10\/ATIZAPAN-2976-237x132.jpg 237w, https:\/\/www.diarioimagen.net\/wp-content\/uploads\/2016\/10\/ATIZAPAN-2976.jpg 480w\" sizes=\"auto, (max-width: 460px) 100vw, 460px\" \/><\/a><p id=\"caption-attachment-294006\" class=\"wp-caption-text\">Ha resultado todo un \u00e9xito el XV Festival Internacional de las Artes Luminaria 2016, que se realiza en Atizap\u00e1n.<\/p><\/div>\n<p>&nbsp;<\/p>\n<p><strong>Atizap\u00e1n, Estado de M\u00e9xico.<\/strong>&#8211; La presentaci\u00f3n de la famosa actriz y cantante mexicana, Mar\u00eda Jos\u00e9, fue todo un \u00e9xito en el XV Festival Internacional de las Artes Luminaria 2016, que se realiza del 11 al 23 de octubre en el municipio de Atizap\u00e1n de Zaragoza.<\/p>\n<p>Miles de gargantas corearon por casi dos horas temas como \u201cPrefiero ser su amante\u201d, \u201cNo quiero ser una se\u00f1ora\u201d, \u201cUn nuevo amor\u201d, \u201cLa ocasi\u00f3n para amarnos\u201d y \u201cLas que se ponen bien la falda\u201d, entre otros. En su concierto, la cantante reconoci\u00f3 el cari\u00f1o que le tienen las familias atizapenses y agradeci\u00f3 a la presidentamunicipal, Ana Mar\u00eda Balderas Trejo, su invitaci\u00f3n.<\/p>\n<p>\u201cAna, de verdad muchas, muchas, muchas gracias por acercarme a mis fans, por acercarme a la gente, por invitarme, te lo agradezco de verdad, para m\u00ed trabajar no es un trabajo es una gozadera y espero que mi gozadera se contagie a todos ustedes, muchas, muchas gracias\u201d, expres\u00f3 la estrella musical.<\/p>\n<p>Por otro lado, en este quinto d\u00eda de actividades el Teatro Zaragoza tambi\u00e9n fue abarrotado en sus dos funciones con la obra infantil \u201cLa sirenita\u201d. Emocionados ni\u00f1os y padres de familia \u00a0gritaron al pr\u00edncipe que salvara de la bruja a la princesa Ariel y que le diera un beso de amor para romper el hechizo.<\/p>\n<p>El Parque de los Ciervos se llen\u00f3 de luz y m\u00fasica electr\u00f3nica con la presentaci\u00f3n de Nortec Bostich y Fussible, DJ Bachis y Edward Maslow, quienes con sus temas deleitaron al p\u00fablico. El XV Festival Internacional de las Artes Luminaria 2016 est\u00e1 siendo todo un \u00e9xito, pues tan s\u00f3lo en su quinto d\u00eda m\u00e1s de 23 mil personas se dieron cita para disfrutar los espect\u00e1culos que se presentan en las diferentes sedes del municipio.<\/p>\n<p>&nbsp;<\/p>\n","protected":false},"excerpt":{"rendered":"<p>La presentaci\u00f3n de la famosa actriz y cantante mexicana, Mar\u00eda Jos\u00e9, fue todo un \u00e9xito en el XV Festival Internacional de las Artes Luminaria 2016, que se realiza del 11 al 23 de octubre en el municipio de Atizap\u00e1n de Zaragoza.<\/p>\n","protected":false},"author":3,"featured_media":294006,"comment_status":"open","ping_status":"open","sticky":false,"template":"","format":"standard","meta":{"_monsterinsights_skip_tracking":false,"_monsterinsights_sitenote_active":false,"_monsterinsights_sitenote_note":"","_monsterinsights_sitenote_category":0,"footnotes":""},"categories":[35155],"tags":[969,43675],"class_list":["post-293904","post","type-post","status-publish","format-standard","has-post-thumbnail","hentry","category-estado-de-mexico-estado-de-mexico","tag-atizapan","tag-estado-de-mexico"],"_links":{"self":[{"href":"https:\/\/www.diarioimagen.net\/index.php?rest_route=\/wp\/v2\/posts\/293904","targetHints":{"allow":["GET"]}}],"collection":[{"href":"https:\/\/www.diarioimagen.net\/index.php?rest_route=\/wp\/v2\/posts"}],"about":[{"href":"https:\/\/www.diarioimagen.net\/index.php?rest_route=\/wp\/v2\/types\/post"}],"author":[{"embeddable":true,"href":"https:\/\/www.diarioimagen.net\/index.php?rest_route=\/wp\/v2\/users\/3"}],"replies":[{"embeddable":true,"href":"https:\/\/www.diarioimagen.net\/index.php?rest_route=%2Fwp%2Fv2%2Fcomments&post=293904"}],"version-history":[{"count":0,"href":"https:\/\/www.diarioimagen.net\/index.php?rest_route=\/wp\/v2\/posts\/293904\/revisions"}],"wp:featuredmedia":[{"embeddable":true,"href":"https:\/\/www.diarioimagen.net\/index.php?rest_route=\/wp\/v2\/media\/294006"}],"wp:attachment":[{"href":"https:\/\/www.diarioimagen.net\/index.php?rest_route=%2Fwp%2Fv2%2Fmedia&parent=293904"}],"wp:term":[{"taxonomy":"category","embeddable":true,"href":"https:\/\/www.diarioimagen.net\/index.php?rest_route=%2Fwp%2Fv2%2Fcategories&post=293904"},{"taxonomy":"post_tag","embeddable":true,"href":"https:\/\/www.diarioimagen.net\/index.php?rest_route=%2Fwp%2Fv2%2Ftags&post=293904"}],"curies":[{"name":"wp","href":"https:\/\/api.w.org\/{rel}","templated":true}]}}