{"id":293906,"date":"2016-10-17T00:08:43","date_gmt":"2016-10-17T05:08:43","guid":{"rendered":"http:\/\/www.diarioimagen.net\/?p=293906"},"modified":"2016-10-17T23:46:03","modified_gmt":"2016-10-18T04:46:03","slug":"cae-implicado-en-asesinato-de-dos-curas-en-veracruz","status":"publish","type":"post","link":"https:\/\/www.diarioimagen.net\/?p=293906","title":{"rendered":"Cae implicado en asesinato de dos curas en Veracruz"},"content":{"rendered":"<ul>\n<li><strong><em>Detenido tras robar un veh\u00edculo<\/em><\/strong><\/li>\n<\/ul>\n<h6>Jos\u00e9 Luis Monta\u00f1ez<\/h6>\n<p>&nbsp;<\/p>\n<div id=\"attachment_294010\" style=\"width: 470px\" class=\"wp-caption aligncenter\"><a href=\"http:\/\/www.diarioimagen.net\/?attachment_id=294010\" rel=\"attachment wp-att-294010\"><img loading=\"lazy\" decoding=\"async\" aria-describedby=\"caption-attachment-294010\" class=\"size-large wp-image-294010\" src=\"http:\/\/www.diarioimagen.net\/wp-content\/uploads\/2016\/10\/CURA-2976-460x259.jpg\" alt=\"Uno de los detenidos por robo de veh\u00edculo est\u00e1 relacionado con el homicidio de dos sacerdotes en Poza Rica, Veracruz.\" width=\"460\" height=\"259\" srcset=\"https:\/\/www.diarioimagen.net\/wp-content\/uploads\/2016\/10\/CURA-2976-460x259.jpg 460w, https:\/\/www.diarioimagen.net\/wp-content\/uploads\/2016\/10\/CURA-2976-240x135.jpg 240w, https:\/\/www.diarioimagen.net\/wp-content\/uploads\/2016\/10\/CURA-2976-235x132.jpg 235w, https:\/\/www.diarioimagen.net\/wp-content\/uploads\/2016\/10\/CURA-2976-202x114.jpg 202w, https:\/\/www.diarioimagen.net\/wp-content\/uploads\/2016\/10\/CURA-2976-350x196.jpg 350w, https:\/\/www.diarioimagen.net\/wp-content\/uploads\/2016\/10\/CURA-2976-220x123.jpg 220w, https:\/\/www.diarioimagen.net\/wp-content\/uploads\/2016\/10\/CURA-2976-237x132.jpg 237w, https:\/\/www.diarioimagen.net\/wp-content\/uploads\/2016\/10\/CURA-2976.jpg 480w\" sizes=\"auto, (max-width: 460px) 100vw, 460px\" \/><\/a><p id=\"caption-attachment-294010\" class=\"wp-caption-text\">Uno de los detenidos por robo de veh\u00edculo est\u00e1 relacionado con el homicidio de dos sacerdotes en Poza Rica, Veracruz.<\/p><\/div>\n<p>&nbsp;<\/p>\n<p>Personal de la Procuradur\u00eda General de Justicia de la Ciudad de M\u00e9xico aprehendi\u00f3 a dos hombres que participaron en el robo de un autom\u00f3vil y se\u00f1al\u00f3 que al parecer uno de ellos est\u00e1 relacionado con el homicidio de dos sacerdotes en Veracruz.<\/p>\n<p>La fiscal central de Investigaci\u00f3n para la Atenci\u00f3n del Delito de Robo de Veh\u00edculos y Transporte, Pen\u00e9lope Rojas, indic\u00f3 que ambas personas fueron arrestadas el jueves, tras despojar a una pareja de un automotor Nissan tipo Versa, color azul met\u00e1lico.<\/p>\n<p>La pareja estaba a bordo de su veh\u00edculo, estacionado en la avenida Azcapotzalco casi esquina con la calle 5 de Febrero, en la colonia El Recreo de la delegaci\u00f3n Azcapotzalco, cuando fue amagada con arma por dos hombres que los despojaron del veh\u00edculo y sus pertenencias; los ladrones huyeron hacia avenida Camarones.<\/p>\n<p>La pareja pidi\u00f3 apoyo a tripulantes de una patrulla de la Secretar\u00eda de Seguridad P\u00fablica, que ubicaron el automotor en la esquina de avenida Tezoz\u00f3moc y Lerdo de Tejada, colonia La Preciosa de la misma demarcaci\u00f3n, a\u00f1adi\u00f3 la fiscal en conferencia de prensa.<\/p>\n<p>En la intersecci\u00f3n de las avenidas San Isidro y Tezoz\u00f3moc, en la misma colonia, fue localizado el bolso de mano de la mujer con todas las pertenencias de los afectados y una pistola calibre .32, color caf\u00e9, con cuatro cartuchos \u00fatiles.<\/p>\n<p>\u201cEl denunciante y los tripulantes de la primera unidad, una vez localizado el automotor, observaron a dos hombres que caminaban sobre la calle Constituci\u00f3n y que coincid\u00edan con las caracter\u00edsticas f\u00edsicas\u201d de los agresores, que intentaron huir sin \u00e9xito.<\/p>\n<p>Rojas Rodr\u00edguez refiri\u00f3 que ambos individuos, identificados como Luis Alberto \u201cMC\u201d de 33 a\u00f1os y Carlos Alberto \u201cLZ\u201d de 20, fueron formalmente asegurados y puestos a disposici\u00f3n del agente del Ministerio P\u00fablico de la Fiscal\u00eda Central de Investigaci\u00f3n para la Atenci\u00f3n del Delito de Robo de Veh\u00edculo y Transporte.<\/p>\n<p>En la conferencia de prensa la fiscal detall\u00f3 que derivado de las pesquisas, entrevistas con polic\u00edas de Investigaci\u00f3n y trabajos de gabinete e inteligencia, se conoci\u00f3 que uno de los imputados contaba con una orden de aprehensi\u00f3n pendiente por cumplimentar.<\/p>\n<p>\u201cEst\u00e1 relacionada con la carpeta administrativa relativa al proceso penal, con fecha 27 de septiembre de 2016, en el municipio de Poza Rica, Veracruz, por el delito de secuestro agravado de dos hombres, quienes en vida fueron sacerdotes, privados de su libertad por el ahora imputado\u201d, inform\u00f3 la fiscal central de Investigaci\u00f3n.<\/p>\n<p>El 19 de septiembre, los cuerpos de los sacerdotes, Alejo Nabor Jim\u00e9nez Ju\u00e1rez y Jos\u00e9 Alfredo Ju\u00e1rez fueron encontrados en un paraje.<\/p>\n<p>&nbsp;<\/p>\n","protected":false},"excerpt":{"rendered":"<p><span style=\"color: #005497;\">Jos\u00e9 Luis Monta\u00f1ez<\/span><br \/>\n<br \/>\nPersonal de la Procuradur\u00eda General de Justicia de la Ciudad de M\u00e9xico aprehendi\u00f3 a dos hombres que participaron en el robo de un autom\u00f3vil y se\u00f1al\u00f3 que al parecer uno de ellos est\u00e1 relacionado con el homicidio de dos sacerdotes en Veracruz.<\/p>\n","protected":false},"author":3,"featured_media":294010,"comment_status":"open","ping_status":"open","sticky":false,"template":"","format":"standard","meta":{"_monsterinsights_skip_tracking":false,"_monsterinsights_sitenote_active":false,"_monsterinsights_sitenote_note":"","_monsterinsights_sitenote_category":0,"footnotes":""},"categories":[7],"tags":[4760,204,54109,43677,52],"class_list":["post-293906","post","type-post","status-publish","format-standard","has-post-thumbnail","hentry","category-seguridad","tag-asesinato","tag-ciudad-de-mexico","tag-curas","tag-seguridad","tag-veracruz"],"_links":{"self":[{"href":"https:\/\/www.diarioimagen.net\/index.php?rest_route=\/wp\/v2\/posts\/293906","targetHints":{"allow":["GET"]}}],"collection":[{"href":"https:\/\/www.diarioimagen.net\/index.php?rest_route=\/wp\/v2\/posts"}],"about":[{"href":"https:\/\/www.diarioimagen.net\/index.php?rest_route=\/wp\/v2\/types\/post"}],"author":[{"embeddable":true,"href":"https:\/\/www.diarioimagen.net\/index.php?rest_route=\/wp\/v2\/users\/3"}],"replies":[{"embeddable":true,"href":"https:\/\/www.diarioimagen.net\/index.php?rest_route=%2Fwp%2Fv2%2Fcomments&post=293906"}],"version-history":[{"count":0,"href":"https:\/\/www.diarioimagen.net\/index.php?rest_route=\/wp\/v2\/posts\/293906\/revisions"}],"wp:featuredmedia":[{"embeddable":true,"href":"https:\/\/www.diarioimagen.net\/index.php?rest_route=\/wp\/v2\/media\/294010"}],"wp:attachment":[{"href":"https:\/\/www.diarioimagen.net\/index.php?rest_route=%2Fwp%2Fv2%2Fmedia&parent=293906"}],"wp:term":[{"taxonomy":"category","embeddable":true,"href":"https:\/\/www.diarioimagen.net\/index.php?rest_route=%2Fwp%2Fv2%2Fcategories&post=293906"},{"taxonomy":"post_tag","embeddable":true,"href":"https:\/\/www.diarioimagen.net\/index.php?rest_route=%2Fwp%2Fv2%2Ftags&post=293906"}],"curies":[{"name":"wp","href":"https:\/\/api.w.org\/{rel}","templated":true}]}}