{"id":293933,"date":"2016-10-17T00:08:28","date_gmt":"2016-10-17T05:08:28","guid":{"rendered":"http:\/\/www.diarioimagen.net\/?p=293933"},"modified":"2016-10-17T03:17:07","modified_gmt":"2016-10-17T08:17:07","slug":"estado-laico-una-de-las-mayores-aportaciones-de-benito-juarez","status":"publish","type":"post","link":"https:\/\/www.diarioimagen.net\/?p=293933","title":{"rendered":"Estado laico, una de las mayores aportaciones de Benito Ju\u00e1rez"},"content":{"rendered":"<p><a href=\"http:\/\/www.diarioimagen.net\/?attachment_id=294033\" rel=\"attachment wp-att-294033\"><img loading=\"lazy\" decoding=\"async\" class=\"aligncenter size-large wp-image-294033\" src=\"http:\/\/www.diarioimagen.net\/wp-content\/uploads\/2016\/10\/UAEM-2976-460x259.jpg\" alt=\"uaem-2976\" width=\"460\" height=\"259\" srcset=\"https:\/\/www.diarioimagen.net\/wp-content\/uploads\/2016\/10\/UAEM-2976-460x259.jpg 460w, https:\/\/www.diarioimagen.net\/wp-content\/uploads\/2016\/10\/UAEM-2976-240x135.jpg 240w, https:\/\/www.diarioimagen.net\/wp-content\/uploads\/2016\/10\/UAEM-2976-235x132.jpg 235w, https:\/\/www.diarioimagen.net\/wp-content\/uploads\/2016\/10\/UAEM-2976-202x114.jpg 202w, https:\/\/www.diarioimagen.net\/wp-content\/uploads\/2016\/10\/UAEM-2976-350x196.jpg 350w, https:\/\/www.diarioimagen.net\/wp-content\/uploads\/2016\/10\/UAEM-2976-220x123.jpg 220w, https:\/\/www.diarioimagen.net\/wp-content\/uploads\/2016\/10\/UAEM-2976-237x132.jpg 237w, https:\/\/www.diarioimagen.net\/wp-content\/uploads\/2016\/10\/UAEM-2976.jpg 480w\" sizes=\"auto, (max-width: 460px) 100vw, 460px\" \/><\/a><\/p>\n<p>&nbsp;<\/p>\n<p>El Estado laico es una de las mayores aportaciones de Benito Ju\u00e1rez Garc\u00eda, quien adem\u00e1s inici\u00f3 al M\u00e9xico moderno, sostuvo el presidente de El Colegio Mexiquense y de la Fundaci\u00f3n UAEM\u00e9x, Humberto Ben\u00edtez Trevi\u00f1o, durante la presentaci\u00f3n del libro de su autor\u00eda,<em> Benito Ju\u00e1rez y la trascendencia de las Leyes de Reforma en la Constituci\u00f3n Pol\u00edtica de los Estados Unidos Mexicanos de 1917<\/em>, con la cual concluy\u00f3 la Feria del Libro de El Colegio Mexiquense.<\/p>\n","protected":false},"excerpt":{"rendered":"<p>El Estado laico es una de las mayores aportaciones de Benito Ju\u00e1rez Garc\u00eda, quien adem\u00e1s inici\u00f3 al M\u00e9xico moderno, sostuvo el presidente de El Colegio Mexiquense y de la Fundaci\u00f3n UAEM\u00e9x, Humberto Ben\u00edtez Trevi\u00f1o, durante la presentaci\u00f3n del libro de su autor\u00eda, Benito Ju\u00e1rez y la trascendencia de las Leyes de Reforma en la Constituci\u00f3n Pol\u00edtica de los Estados Unidos Mexicanos de 1917, con la cual concluy\u00f3 la Feria del Libro de El Colegio Mexiquense.<\/p>\n","protected":false},"author":3,"featured_media":294033,"comment_status":"open","ping_status":"open","sticky":false,"template":"","format":"standard","meta":{"_monsterinsights_skip_tracking":false,"_monsterinsights_sitenote_active":false,"_monsterinsights_sitenote_note":"","_monsterinsights_sitenote_category":0,"footnotes":""},"categories":[35155],"tags":[45657,2244,4092,2256],"class_list":["post-293933","post","type-post","status-publish","format-standard","has-post-thumbnail","hentry","category-estado-de-mexico-estado-de-mexico","tag-aportacion","tag-benito-juarez","tag-benito-juarez-garcia","tag-estado-laico"],"_links":{"self":[{"href":"https:\/\/www.diarioimagen.net\/index.php?rest_route=\/wp\/v2\/posts\/293933","targetHints":{"allow":["GET"]}}],"collection":[{"href":"https:\/\/www.diarioimagen.net\/index.php?rest_route=\/wp\/v2\/posts"}],"about":[{"href":"https:\/\/www.diarioimagen.net\/index.php?rest_route=\/wp\/v2\/types\/post"}],"author":[{"embeddable":true,"href":"https:\/\/www.diarioimagen.net\/index.php?rest_route=\/wp\/v2\/users\/3"}],"replies":[{"embeddable":true,"href":"https:\/\/www.diarioimagen.net\/index.php?rest_route=%2Fwp%2Fv2%2Fcomments&post=293933"}],"version-history":[{"count":0,"href":"https:\/\/www.diarioimagen.net\/index.php?rest_route=\/wp\/v2\/posts\/293933\/revisions"}],"wp:featuredmedia":[{"embeddable":true,"href":"https:\/\/www.diarioimagen.net\/index.php?rest_route=\/wp\/v2\/media\/294033"}],"wp:attachment":[{"href":"https:\/\/www.diarioimagen.net\/index.php?rest_route=%2Fwp%2Fv2%2Fmedia&parent=293933"}],"wp:term":[{"taxonomy":"category","embeddable":true,"href":"https:\/\/www.diarioimagen.net\/index.php?rest_route=%2Fwp%2Fv2%2Fcategories&post=293933"},{"taxonomy":"post_tag","embeddable":true,"href":"https:\/\/www.diarioimagen.net\/index.php?rest_route=%2Fwp%2Fv2%2Ftags&post=293933"}],"curies":[{"name":"wp","href":"https:\/\/api.w.org\/{rel}","templated":true}]}}