{"id":293983,"date":"2016-10-17T00:06:45","date_gmt":"2016-10-17T05:06:45","guid":{"rendered":"http:\/\/www.diarioimagen.net\/?p=293983"},"modified":"2016-10-17T02:27:22","modified_gmt":"2016-10-17T07:27:22","slug":"de-cdmx-para-el-mundo","status":"publish","type":"post","link":"https:\/\/www.diarioimagen.net\/?p=293983","title":{"rendered":"De CDMX para el mundo"},"content":{"rendered":"<h2>Detr\u00e1s del Poder<\/h2>\n<h5>Jos\u00e9 Antonio L\u00f3pez Sosa<\/h5>\n<p>&nbsp;<\/p>\n<p>Se llev\u00f3 a cabo el festival denominado Wine&amp;Food, celebrado en el hotel Sheraton Mar\u00eda Isabel de la Ciudad de M\u00e9xico. En \u00e9l, casas de vinos y destilados, as\u00ed como restauranteros y empresarios del sector se dieron cita para dar a conocer sus productos ante un p\u00fablico capitalino \u00e1vido de nuevas tendencias gastron\u00f3micas, ecol\u00f3gicas y de destilados artesanales.<\/p>\n<p>Nosotros fuimos convocados por la oficina de turismo de Houston, Texas, que pag\u00f3 varios miles de pesos por tener un puesto central luego de la entrada, as\u00ed todo el que particip\u00f3 en este foro, vio la imagen de #HolaHouston que pretende llenar las redes sociales y los medios de comunicaci\u00f3n para promover esta ciudad en el mercado mexicano.<\/p>\n<p>El festival fue caro con relaci\u00f3n a lo que se ofreci\u00f3, casi mil pesos por un par de salones, disputas donde no hab\u00eda, falta de entrega por defender el producto local, abuso de la autoridad por permitir esos tratos donde se benefician unos cuantos y la mayor\u00eda de la gente pierde.<\/p>\n<p>Desde la Ciudad de M\u00e9xico se dio a conocer \u00a0este nuevo foro que en Canc\u00fan lleva a\u00f1os de \u00e9xito. No se puede comparar al mercado all\u00e1 con lo que existe en nuestra ciudad, debe haber adecuaciones si lo que buscan es conservar la organizaci\u00f3n de este ambicioso evento.<\/p>\n<p><em><a href=\"http:\/\/www.lopezsosa.com\" target=\"_blank\">www.lopezsosa.com<\/a><\/em><br \/>\n<em><a href=\"mailto:joseantonio@lopezsosa.com\" target=\"_blank\">joseantonio@lopezsosa.com<\/a><\/em><br \/>\n<em><a href=\"http:\/\/twitter.com\/joseantonio1977\" target=\"_blank\">@joseantonio1977<\/a><\/em><\/p>\n","protected":false},"excerpt":{"rendered":"<p><span style=\"color: #005497;\"><strong>Jos\u00e9 Antonio L\u00f3pez Sosa<\/strong><\/span><\/p>\n","protected":false},"author":3,"featured_media":0,"comment_status":"open","ping_status":"open","sticky":false,"template":"","format":"standard","meta":{"_monsterinsights_skip_tracking":false,"_monsterinsights_sitenote_active":false,"_monsterinsights_sitenote_note":"","_monsterinsights_sitenote_category":0,"footnotes":""},"categories":[637],"tags":[638,43690,43674],"class_list":["post-293983","post","type-post","status-publish","format-standard","hentry","category-jose-antonio-lopez-sosa","tag-detras-del-poder","tag-jose-antonio-lopez-sosa","tag-opinion"],"_links":{"self":[{"href":"https:\/\/www.diarioimagen.net\/index.php?rest_route=\/wp\/v2\/posts\/293983","targetHints":{"allow":["GET"]}}],"collection":[{"href":"https:\/\/www.diarioimagen.net\/index.php?rest_route=\/wp\/v2\/posts"}],"about":[{"href":"https:\/\/www.diarioimagen.net\/index.php?rest_route=\/wp\/v2\/types\/post"}],"author":[{"embeddable":true,"href":"https:\/\/www.diarioimagen.net\/index.php?rest_route=\/wp\/v2\/users\/3"}],"replies":[{"embeddable":true,"href":"https:\/\/www.diarioimagen.net\/index.php?rest_route=%2Fwp%2Fv2%2Fcomments&post=293983"}],"version-history":[{"count":0,"href":"https:\/\/www.diarioimagen.net\/index.php?rest_route=\/wp\/v2\/posts\/293983\/revisions"}],"wp:attachment":[{"href":"https:\/\/www.diarioimagen.net\/index.php?rest_route=%2Fwp%2Fv2%2Fmedia&parent=293983"}],"wp:term":[{"taxonomy":"category","embeddable":true,"href":"https:\/\/www.diarioimagen.net\/index.php?rest_route=%2Fwp%2Fv2%2Fcategories&post=293983"},{"taxonomy":"post_tag","embeddable":true,"href":"https:\/\/www.diarioimagen.net\/index.php?rest_route=%2Fwp%2Fv2%2Ftags&post=293983"}],"curies":[{"name":"wp","href":"https:\/\/api.w.org\/{rel}","templated":true}]}}