{"id":294068,"date":"2016-10-18T00:09:06","date_gmt":"2016-10-18T05:09:06","guid":{"rendered":"http:\/\/www.diarioimagen.net\/?p=294068"},"modified":"2016-10-18T00:22:18","modified_gmt":"2016-10-18T05:22:18","slug":"el-isem-celebra-dia-mundial-de-la-alimentacion","status":"publish","type":"post","link":"https:\/\/www.diarioimagen.net\/?p=294068","title":{"rendered":"El ISEM celebra D\u00eda Mundial de la Alimentaci\u00f3n"},"content":{"rendered":"<ul>\n<li><strong><em>Actividades preventivas en todas las escuelas<\/em><\/strong><\/li>\n<\/ul>\n<p>&nbsp;<\/p>\n<div id=\"attachment_294069\" style=\"width: 470px\" class=\"wp-caption aligncenter\"><a href=\"http:\/\/www.diarioimagen.net\/?attachment_id=294069\" rel=\"attachment wp-att-294069\"><img loading=\"lazy\" decoding=\"async\" aria-describedby=\"caption-attachment-294069\" class=\"size-large wp-image-294069\" src=\"http:\/\/www.diarioimagen.net\/wp-content\/uploads\/2016\/10\/ALIMENTACION18-portal-460x268.jpg\" alt=\"El ISEM invita a la poblaci\u00f3n escolar y los padres de familia en la educaci\u00f3n de la sana y correcta alimentaci\u00f3n.\" width=\"460\" height=\"268\" srcset=\"https:\/\/www.diarioimagen.net\/wp-content\/uploads\/2016\/10\/ALIMENTACION18-portal-460x268.jpg 460w, https:\/\/www.diarioimagen.net\/wp-content\/uploads\/2016\/10\/ALIMENTACION18-portal-240x140.jpg 240w, https:\/\/www.diarioimagen.net\/wp-content\/uploads\/2016\/10\/ALIMENTACION18-portal.jpg 480w\" sizes=\"auto, (max-width: 460px) 100vw, 460px\" \/><\/a><p id=\"caption-attachment-294069\" class=\"wp-caption-text\">El ISEM invita a la poblaci\u00f3n escolar y los padres de familia en la educaci\u00f3n de la sana y correcta alimentaci\u00f3n.<\/p><\/div>\n<p>&nbsp;<\/p>\n<p><strong>Toluca, Estado de M\u00e9xico<\/strong>.- Para evitar el sobrepeso y la desnutrici\u00f3n en ni\u00f1os mexiquenses, el Instituto de Salud del Estado de M\u00e9xico (ISEM) invita a la poblaci\u00f3n escolar y los padres de familia en la educaci\u00f3n de la sana y correcta alimentaci\u00f3n, a trav\u00e9s de la realizaci\u00f3n de actividades preventivas y de capacitaci\u00f3n en todas las escuelas primarias de la entidad, esto, en el marco del D\u00eda Mundial de la Alimentaci\u00f3n y la 5\u00aa Semana de la Nutrici\u00f3n Escolar.<\/p>\n<p>Pedro Montoya, coordinador de Salud del ISEM, inform\u00f3 que bajo el lema \u201cEl clima est\u00e1 cambiando, la alimentaci\u00f3n y la agricultura tambi\u00e9n\u201d, 200 nutri\u00f3logos del ISEM realizar\u00e1n talleres de orientaci\u00f3n alimentaria, consumo de agua simple potable, activaci\u00f3n f\u00edsica, lavado de manos, prevenci\u00f3n de adicciones, prevenci\u00f3n de violencia, salud bucal y prevenci\u00f3n de accidentes.<\/p>\n<p>Mencion\u00f3 que estas actividades fomentan la lucha contra el hambre y la pobreza, con la promoci\u00f3n de estilos de vida saludables a trav\u00e9s del deporte y la prevenci\u00f3n de violencia y enfermedades. Por lo que en 150 pa\u00edses se efect\u00faan acciones y de forma simult\u00e1nea en todas las escuelas primarias del estado, para que los alumnos tomen conciencia y tengan acceso a una alimentaci\u00f3n nutritiva y natural.<\/p>\n<p><strong>###<br \/>\n<\/strong><\/p>\n<p><strong>El ISEM invita a la poblaci\u00f3n <\/strong>escolar y los padres de familia a la educaci\u00f3n de la sana y correcta alimentaci\u00f3n.<\/p>\n<p>&nbsp;<\/p>\n","protected":false},"excerpt":{"rendered":"<p>Para evitar el sobrepeso y la desnutrici\u00f3n en ni\u00f1os mexiquenses, el Instituto de Salud del Estado de M\u00e9xico (ISEM) invita a la poblaci\u00f3n escolar y los padres de familia en la educaci\u00f3n de la sana y correcta alimentaci\u00f3n, a trav\u00e9s de la realizaci\u00f3n de actividades preventivas y de capacitaci\u00f3n en todas las escuelas primarias de la entidad, esto, en el marco del D\u00eda Mundial de la Alimentaci\u00f3n y la 5\u00aa Semana de la Nutrici\u00f3n Escolar.<\/p>\n","protected":false},"author":5,"featured_media":294069,"comment_status":"open","ping_status":"open","sticky":false,"template":"","format":"standard","meta":{"_monsterinsights_skip_tracking":false,"_monsterinsights_sitenote_active":false,"_monsterinsights_sitenote_note":"","_monsterinsights_sitenote_category":0,"footnotes":""},"categories":[5],"tags":[1590,43675,13566,452],"class_list":["post-294068","post","type-post","status-publish","format-standard","has-post-thumbnail","hentry","category-estado-de-mexico","tag-alimentacion","tag-estado-de-mexico","tag-isem","tag-toluca"],"_links":{"self":[{"href":"https:\/\/www.diarioimagen.net\/index.php?rest_route=\/wp\/v2\/posts\/294068","targetHints":{"allow":["GET"]}}],"collection":[{"href":"https:\/\/www.diarioimagen.net\/index.php?rest_route=\/wp\/v2\/posts"}],"about":[{"href":"https:\/\/www.diarioimagen.net\/index.php?rest_route=\/wp\/v2\/types\/post"}],"author":[{"embeddable":true,"href":"https:\/\/www.diarioimagen.net\/index.php?rest_route=\/wp\/v2\/users\/5"}],"replies":[{"embeddable":true,"href":"https:\/\/www.diarioimagen.net\/index.php?rest_route=%2Fwp%2Fv2%2Fcomments&post=294068"}],"version-history":[{"count":0,"href":"https:\/\/www.diarioimagen.net\/index.php?rest_route=\/wp\/v2\/posts\/294068\/revisions"}],"wp:featuredmedia":[{"embeddable":true,"href":"https:\/\/www.diarioimagen.net\/index.php?rest_route=\/wp\/v2\/media\/294069"}],"wp:attachment":[{"href":"https:\/\/www.diarioimagen.net\/index.php?rest_route=%2Fwp%2Fv2%2Fmedia&parent=294068"}],"wp:term":[{"taxonomy":"category","embeddable":true,"href":"https:\/\/www.diarioimagen.net\/index.php?rest_route=%2Fwp%2Fv2%2Fcategories&post=294068"},{"taxonomy":"post_tag","embeddable":true,"href":"https:\/\/www.diarioimagen.net\/index.php?rest_route=%2Fwp%2Fv2%2Ftags&post=294068"}],"curies":[{"name":"wp","href":"https:\/\/api.w.org\/{rel}","templated":true}]}}