{"id":294115,"date":"2016-10-18T00:08:08","date_gmt":"2016-10-18T05:08:08","guid":{"rendered":"http:\/\/www.diarioimagen.net\/?p=294115"},"modified":"2016-10-18T07:25:28","modified_gmt":"2016-10-18T12:25:28","slug":"hay-mejores-condiciones-para-invertir","status":"publish","type":"post","link":"https:\/\/www.diarioimagen.net\/?p=294115","title":{"rendered":"Hay mejores condiciones para invertir"},"content":{"rendered":"<h2>Arco Norte<\/h2>\n<h5>Jos\u00e9 Luis Monta\u00f1ez Aguilar<\/h5>\n<p>&nbsp;<\/p>\n<div id=\"attachment_294200\" style=\"width: 470px\" class=\"wp-caption aligncenter\"><a href=\"http:\/\/www.diarioimagen.net\/?attachment_id=294200\" rel=\"attachment wp-att-294200\"><img loading=\"lazy\" decoding=\"async\" aria-describedby=\"caption-attachment-294200\" class=\"size-large wp-image-294200\" src=\"http:\/\/www.diarioimagen.net\/wp-content\/uploads\/2016\/10\/arco-2977-460x259.jpg\" alt=\"Eruviel \u00c1vila - Anunciando inversi\u00f3n de Liverpool.\" width=\"460\" height=\"259\" srcset=\"https:\/\/www.diarioimagen.net\/wp-content\/uploads\/2016\/10\/arco-2977-460x259.jpg 460w, https:\/\/www.diarioimagen.net\/wp-content\/uploads\/2016\/10\/arco-2977-240x135.jpg 240w, https:\/\/www.diarioimagen.net\/wp-content\/uploads\/2016\/10\/arco-2977-235x132.jpg 235w, https:\/\/www.diarioimagen.net\/wp-content\/uploads\/2016\/10\/arco-2977-202x114.jpg 202w, https:\/\/www.diarioimagen.net\/wp-content\/uploads\/2016\/10\/arco-2977-350x196.jpg 350w, https:\/\/www.diarioimagen.net\/wp-content\/uploads\/2016\/10\/arco-2977-220x123.jpg 220w, https:\/\/www.diarioimagen.net\/wp-content\/uploads\/2016\/10\/arco-2977-237x132.jpg 237w, https:\/\/www.diarioimagen.net\/wp-content\/uploads\/2016\/10\/arco-2977.jpg 480w\" sizes=\"auto, (max-width: 460px) 100vw, 460px\" \/><\/a><p id=\"caption-attachment-294200\" class=\"wp-caption-text\">Eruviel \u00c1vila &#8211; Anunciando inversi\u00f3n de Liverpool.<\/p><\/div>\n<p>&nbsp;<\/p>\n<p>El gobernador Eruviel \u00c1vila anunci\u00f3 la inversi\u00f3n de 4 mil 500 millones de pesos por parte de un grupo de tiendas departamentales, para instalar su Centro de Distribuci\u00f3n en la plataforma Arco 57, localizado en el municipio de Soyaniquilpan, que es el puerto seco log\u00edstico m\u00e1s importante del pa\u00eds con 300 kil\u00f3metros a la redonda de actividades productivas que generan el 60 por ciento del Producto Interno Bruto (PIB) nacional y con acceso a v\u00edas de comunicaci\u00f3n que conectan al norte con Estados Unidos, al sur con Centroam\u00e9rica, as\u00ed como al Pac\u00edfico y Golfo de M\u00e9xico.<\/p>\n<p>Luego de inaugurar la segunda etapa del Centro de Abasto de Chicoloapan, Eruviel \u00c1vila reiter\u00f3 que el gobierno mexiquense es aliado de los empresarios, por lo que su administraci\u00f3n continuar\u00e1 trabajando para tener las mejores condiciones de inversi\u00f3n que den las facilidades de abrir nuevas empresas y generar empleos.<\/p>\n<p style=\"text-align: center;\"><strong>Reconocen a elementos de la CES<\/strong><\/p>\n<p>Para revisar el status del equipamiento y personal con el que se labora para la seguridad de los mexiquenses, ayer se realiz\u00f3 una inspecci\u00f3n de la Direcci\u00f3n General de Combate al Robo de Veh\u00edculos y Transporte (DGCRVyT) en la zona del Valle de M\u00e9xico. Por lo que Eduardo Valiente, titular de la Comisi\u00f3n Estatal de Seguridad Ciudadana (CES), reconoci\u00f3 la labor que realizan cada uno de los elementos de la corporaci\u00f3n y los invit\u00f3 a redoblar esfuerzos para seguir trabajando por los habitantes del Estado de M\u00e9xico. Mencion\u00f3 que de acuerdo con estad\u00edsticas de recuperaci\u00f3n de veh\u00edculos por parte de la CES, Procuradur\u00eda General de Justicia estatal (PGJEM), Polic\u00eda Federal y municipios, en el 2016 se han recuperado 12 mil 594 en la entidad.<\/p>\n<p style=\"text-align: center;\"><strong>Realiza Airbus pruebas de vuelo en el AIT<\/strong><\/p>\n<p>El Aeropuerto Internacional de Toluca \u201cLic. Adolfo L\u00f3pez Mateos\u201d fue elegido por Airbus, compa\u00f1\u00eda dedicada a la fabricaci\u00f3n de aviones, para realizar pruebas de su avi\u00f3n A320neo. \u201cAirbus opt\u00f3 por el AIT para demostrar la eficiencia operacional de su aeronave A320neo, verificar par\u00e1metros de dise\u00f1o y aprobar retos en el funcionamiento de los motores, sistemas y materiales en condiciones extremas de baja visibilidad y altitud\u201d, explic\u00f3 H\u00e9ctor H. Espinosa, director general del aeropuerto. La aeronave efectu\u00f3 despegues y aterrizajes para recopilar datos y validar las actuaciones del avi\u00f3n durante estas maniobras, adem\u00e1s, realiz\u00f3 un vuelo de demostraci\u00f3n en el que participaron representantes de la Direcci\u00f3n General de Aeron\u00e1utica Civil y Aduanas, coment\u00f3 el titular del Aeropuerto.<\/p>\n<p><em><a href=\"mailto:montanezaguilar@gmail.com\" target=\"_blank\">montanezaguilar@gmail.com<\/a><\/em><\/p>\n","protected":false},"excerpt":{"rendered":"<p><span style=\"color: #005497;\">Jos\u00e9 Luis Monta\u00f1ez Aguilar<\/span><br \/>\n<br \/>\nEl gobernador Eruviel \u00c1vila anunci\u00f3 la inversi\u00f3n de 4 mil 500 millones de pesos por parte de un grupo de tiendas departamentales, para instalar su Centro de Distribuci\u00f3n en la plataforma Arco 57, localizado en el municipio de Soyaniquilpan, que es el puerto seco log\u00edstico m\u00e1s importante del pa\u00eds con 300 kil\u00f3metros a la redonda de actividades productivas que generan el 60 por ciento del Producto Interno Bruto (PIB) nacional y con acceso a v\u00edas de comunicaci\u00f3n que conectan al norte con Estados Unidos, al sur con Centroam\u00e9rica, as\u00ed como al Pac\u00edfico y Golfo de M\u00e9xico.<\/p>\n","protected":false},"author":3,"featured_media":294200,"comment_status":"open","ping_status":"open","sticky":false,"template":"","format":"standard","meta":{"_monsterinsights_skip_tracking":false,"_monsterinsights_sitenote_active":false,"_monsterinsights_sitenote_note":"","_monsterinsights_sitenote_category":0,"footnotes":""},"categories":[5],"tags":[13284,43704,43674],"class_list":["post-294115","post","type-post","status-publish","format-standard","has-post-thumbnail","hentry","category-estado-de-mexico","tag-arco-norte","tag-jose-luis-montanez-aguilar","tag-opinion"],"_links":{"self":[{"href":"https:\/\/www.diarioimagen.net\/index.php?rest_route=\/wp\/v2\/posts\/294115","targetHints":{"allow":["GET"]}}],"collection":[{"href":"https:\/\/www.diarioimagen.net\/index.php?rest_route=\/wp\/v2\/posts"}],"about":[{"href":"https:\/\/www.diarioimagen.net\/index.php?rest_route=\/wp\/v2\/types\/post"}],"author":[{"embeddable":true,"href":"https:\/\/www.diarioimagen.net\/index.php?rest_route=\/wp\/v2\/users\/3"}],"replies":[{"embeddable":true,"href":"https:\/\/www.diarioimagen.net\/index.php?rest_route=%2Fwp%2Fv2%2Fcomments&post=294115"}],"version-history":[{"count":0,"href":"https:\/\/www.diarioimagen.net\/index.php?rest_route=\/wp\/v2\/posts\/294115\/revisions"}],"wp:featuredmedia":[{"embeddable":true,"href":"https:\/\/www.diarioimagen.net\/index.php?rest_route=\/wp\/v2\/media\/294200"}],"wp:attachment":[{"href":"https:\/\/www.diarioimagen.net\/index.php?rest_route=%2Fwp%2Fv2%2Fmedia&parent=294115"}],"wp:term":[{"taxonomy":"category","embeddable":true,"href":"https:\/\/www.diarioimagen.net\/index.php?rest_route=%2Fwp%2Fv2%2Fcategories&post=294115"},{"taxonomy":"post_tag","embeddable":true,"href":"https:\/\/www.diarioimagen.net\/index.php?rest_route=%2Fwp%2Fv2%2Ftags&post=294115"}],"curies":[{"name":"wp","href":"https:\/\/api.w.org\/{rel}","templated":true}]}}