{"id":294131,"date":"2016-10-18T00:07:38","date_gmt":"2016-10-18T05:07:38","guid":{"rendered":"http:\/\/www.diarioimagen.net\/?p=294131"},"modified":"2016-10-18T07:34:15","modified_gmt":"2016-10-18T12:34:15","slug":"fito-paez-cierra-con-broche-de-oro-festival-quimera-2016","status":"publish","type":"post","link":"https:\/\/www.diarioimagen.net\/?p=294131","title":{"rendered":"Fito P\u00e1ez cierra con broche de oro Festival Quimera 2016"},"content":{"rendered":"<ul>\n<li><strong><em>Lleno total en Plaza Ju\u00e1rez<\/em><\/strong><\/li>\n<\/ul>\n<p>&nbsp;<\/p>\n<div id=\"attachment_294207\" style=\"width: 470px\" class=\"wp-caption aligncenter\"><a href=\"http:\/\/www.diarioimagen.net\/?attachment_id=294207\" rel=\"attachment wp-att-294207\"><img loading=\"lazy\" decoding=\"async\" aria-describedby=\"caption-attachment-294207\" class=\"size-large wp-image-294207\" src=\"http:\/\/www.diarioimagen.net\/wp-content\/uploads\/2016\/10\/metepec-2977-460x259.jpg\" alt=\"Quimera cerr\u00f3 con broche de oro con la presentaci\u00f3n del cantautor y pianista argentino Fito P\u00e1ez.\" width=\"460\" height=\"259\" srcset=\"https:\/\/www.diarioimagen.net\/wp-content\/uploads\/2016\/10\/metepec-2977-460x259.jpg 460w, https:\/\/www.diarioimagen.net\/wp-content\/uploads\/2016\/10\/metepec-2977-240x135.jpg 240w, https:\/\/www.diarioimagen.net\/wp-content\/uploads\/2016\/10\/metepec-2977-235x132.jpg 235w, https:\/\/www.diarioimagen.net\/wp-content\/uploads\/2016\/10\/metepec-2977-202x114.jpg 202w, https:\/\/www.diarioimagen.net\/wp-content\/uploads\/2016\/10\/metepec-2977-350x196.jpg 350w, https:\/\/www.diarioimagen.net\/wp-content\/uploads\/2016\/10\/metepec-2977-220x123.jpg 220w, https:\/\/www.diarioimagen.net\/wp-content\/uploads\/2016\/10\/metepec-2977-237x132.jpg 237w, https:\/\/www.diarioimagen.net\/wp-content\/uploads\/2016\/10\/metepec-2977.jpg 480w\" sizes=\"auto, (max-width: 460px) 100vw, 460px\" \/><\/a><p id=\"caption-attachment-294207\" class=\"wp-caption-text\">Quimera cerr\u00f3 con broche de oro con la presentaci\u00f3n del cantautor y pianista argentino Fito P\u00e1ez.<\/p><\/div>\n<p>&nbsp;<\/p>\n<p><strong>Metepec, Estado de M\u00e9xico<\/strong>.- Quimera 2016 lleg\u00f3 a su fin y para cerrar con broche de oro se present\u00f3 el cantautor y pianista argentino Fito P\u00e1ez, con un lleno total en Plaza Ju\u00e1rez.<\/p>\n<p>Previo al concierto estelar, Flor Villagra interpret\u00f3 algunas de las canciones de su repertorio, y posteriormente, un espect\u00e1culo de pirotecnia llen\u00f3 el cielo de Metepec, para anunciar el cierre de actividades del festival y proceder as\u00ed al concierto que el p\u00fablico esperaba ansiosamente.<\/p>\n<p>Ante los coros del p\u00fablico, que solicitaban la presencia del cantante al grito de \u201c\u00a1Fito, Fito, Fito!\u201d, no existi\u00f3 espacio para la decepci\u00f3n, ya que con enorme energ\u00eda abri\u00f3 el concierto con \u201cRock &amp; roll revoluci\u00f3n\u201d, lo que arranc\u00f3 los gritos de emoci\u00f3n de los asistentes, para continuar con \u201cYo te amo\u201d, \u201cLa rueda n\u00e1gica\u201d, \u201c11 y 6\u201d, \u201cNaturaleza sangre,\u201d \u201cLa mejor soluci\u00f3n\u201d, \u201cTumbas de la gloria\u201d, \u201cUn vestido y un amor\u201d, \u201cAl lado del camino\u201d, \u201cCirco beat\u201d, \u201cBrillante sobre el mic\u201d, \u201cA rodar mi vida\u201d y otras tantas que lograron arrancar suspiros y gritos, haciendo que la \u00faltima noche de Quimera 2016 se convirtiera en memorable.<\/p>\n<p>Tras el aplauso, la solicitud de \u201cotra, otra, otra\u201d no se hizo esperar y el rosarino apareci\u00f3 de nuevo en el escenario para cantar \u201cEl amor despu\u00e9s del amor\u201d, que arranc\u00f3 de inmediato la ovaci\u00f3n generalizada y los coros de los asistentes para acompa\u00f1ar a P\u00e1ez, para despu\u00e9s dar paso a \u201cDar es dar\u201d y \u201cMariposa technicolor\u201d.<\/p>\n<p>&nbsp;<\/p>\n","protected":false},"excerpt":{"rendered":"<p>Quimera 2016 lleg\u00f3 a su fin y para cerrar con broche de oro se present\u00f3 el cantautor y pianista argentino Fito P\u00e1ez, con un lleno total en Plaza Ju\u00e1rez.<\/p>\n","protected":false},"author":3,"featured_media":294207,"comment_status":"open","ping_status":"open","sticky":false,"template":"","format":"standard","meta":{"_monsterinsights_skip_tracking":false,"_monsterinsights_sitenote_active":false,"_monsterinsights_sitenote_note":"","_monsterinsights_sitenote_category":0,"footnotes":""},"categories":[35155],"tags":[43675,35143,876],"class_list":["post-294131","post","type-post","status-publish","format-standard","has-post-thumbnail","hentry","category-estado-de-mexico-estado-de-mexico","tag-estado-de-mexico","tag-fito-paez","tag-metepec"],"_links":{"self":[{"href":"https:\/\/www.diarioimagen.net\/index.php?rest_route=\/wp\/v2\/posts\/294131","targetHints":{"allow":["GET"]}}],"collection":[{"href":"https:\/\/www.diarioimagen.net\/index.php?rest_route=\/wp\/v2\/posts"}],"about":[{"href":"https:\/\/www.diarioimagen.net\/index.php?rest_route=\/wp\/v2\/types\/post"}],"author":[{"embeddable":true,"href":"https:\/\/www.diarioimagen.net\/index.php?rest_route=\/wp\/v2\/users\/3"}],"replies":[{"embeddable":true,"href":"https:\/\/www.diarioimagen.net\/index.php?rest_route=%2Fwp%2Fv2%2Fcomments&post=294131"}],"version-history":[{"count":0,"href":"https:\/\/www.diarioimagen.net\/index.php?rest_route=\/wp\/v2\/posts\/294131\/revisions"}],"wp:featuredmedia":[{"embeddable":true,"href":"https:\/\/www.diarioimagen.net\/index.php?rest_route=\/wp\/v2\/media\/294207"}],"wp:attachment":[{"href":"https:\/\/www.diarioimagen.net\/index.php?rest_route=%2Fwp%2Fv2%2Fmedia&parent=294131"}],"wp:term":[{"taxonomy":"category","embeddable":true,"href":"https:\/\/www.diarioimagen.net\/index.php?rest_route=%2Fwp%2Fv2%2Fcategories&post=294131"},{"taxonomy":"post_tag","embeddable":true,"href":"https:\/\/www.diarioimagen.net\/index.php?rest_route=%2Fwp%2Fv2%2Ftags&post=294131"}],"curies":[{"name":"wp","href":"https:\/\/api.w.org\/{rel}","templated":true}]}}