{"id":294133,"date":"2016-10-18T00:06:09","date_gmt":"2016-10-18T05:06:09","guid":{"rendered":"http:\/\/www.diarioimagen.net\/?p=294133"},"modified":"2016-10-18T07:37:34","modified_gmt":"2016-10-18T12:37:34","slug":"reconocen-labor-del-director-de-escuela-vagon-en-naucalpan","status":"publish","type":"post","link":"https:\/\/www.diarioimagen.net\/?p=294133","title":{"rendered":"Reconocen labor del director de escuela vag\u00f3n en Naucalpan"},"content":{"rendered":"<ul>\n<li><strong><em>Por sus 40 a\u00f1os de labor ininterrumpida<\/em><\/strong><\/li>\n<\/ul>\n<p>&nbsp;<\/p>\n<div id=\"attachment_294210\" style=\"width: 470px\" class=\"wp-caption aligncenter\"><a href=\"http:\/\/www.diarioimagen.net\/?attachment_id=294210\" rel=\"attachment wp-att-294210\"><img loading=\"lazy\" decoding=\"async\" aria-describedby=\"caption-attachment-294210\" class=\"size-large wp-image-294210\" src=\"http:\/\/www.diarioimagen.net\/wp-content\/uploads\/2016\/10\/NAUCALPAN-2977-460x259.jpg\" alt=\"El gobierno local entreg\u00f3 un reconocimiento a Jaime Mayolo Contreras, por sus 40 a\u00f1os de labor ininterrumpida, como profesor y director de la escuela vag\u00f3n Art\u00edculo 123.\" width=\"460\" height=\"259\" srcset=\"https:\/\/www.diarioimagen.net\/wp-content\/uploads\/2016\/10\/NAUCALPAN-2977-460x259.jpg 460w, https:\/\/www.diarioimagen.net\/wp-content\/uploads\/2016\/10\/NAUCALPAN-2977-240x135.jpg 240w, https:\/\/www.diarioimagen.net\/wp-content\/uploads\/2016\/10\/NAUCALPAN-2977-235x132.jpg 235w, https:\/\/www.diarioimagen.net\/wp-content\/uploads\/2016\/10\/NAUCALPAN-2977-202x114.jpg 202w, https:\/\/www.diarioimagen.net\/wp-content\/uploads\/2016\/10\/NAUCALPAN-2977-350x196.jpg 350w, https:\/\/www.diarioimagen.net\/wp-content\/uploads\/2016\/10\/NAUCALPAN-2977-220x123.jpg 220w, https:\/\/www.diarioimagen.net\/wp-content\/uploads\/2016\/10\/NAUCALPAN-2977-237x132.jpg 237w, https:\/\/www.diarioimagen.net\/wp-content\/uploads\/2016\/10\/NAUCALPAN-2977.jpg 480w\" sizes=\"auto, (max-width: 460px) 100vw, 460px\" \/><\/a><p id=\"caption-attachment-294210\" class=\"wp-caption-text\">El gobierno local entreg\u00f3 un reconocimiento a Jaime Mayolo Contreras, por sus 40 a\u00f1os de labor ininterrumpida, como profesor y director de la escuela vag\u00f3n Art\u00edculo 123.<\/p><\/div>\n<p>&nbsp;<\/p>\n<p><strong>Naucalpan, Estado de M\u00e9xico<\/strong>.- El gobierno local entreg\u00f3 un reconocimiento a Jaime Mayolo Contreras por sus 40 a\u00f1os de labor ininterrumpida como profesor y director de la Escuela Vag\u00f3n Art\u00edculo 123 \u201cLicenciado Adolfo L\u00f3pez Mateos\u201d.<\/p>\n<p>Vecinos, padres de familia y alumnos, se congregaron en el patio de esta escuela, ubicada en las v\u00edas del tren que atraviesan la colonia El Conde, para homenajear al profesor Mayolo, como todos lo llama , en un ambiente de camarader\u00eda, al que se sumaron autoridades municipales.<\/p>\n<p>El titular de la Direcci\u00f3n General de Educaci\u00f3n, Eynar de los Cobos Carmona, en representaci\u00f3n del presidente municipal, Edgar Armando Olvera Higuera, entreg\u00f3 el reconocimiento y expres\u00f3: \u201cMe honra el que me\u00a0 hayan designado para venir aqu\u00ed con ustedes a reconocer a una excelente persona que ha sido formadora de varias generaciones de naucalpenses\u201d.<\/p>\n<p>Acompa\u00f1ado por el director general de Vinculaci\u00f3n y Participaci\u00f3n Ciudadana, Pedro Fontaine Mart\u00ednez, anunci\u00f3 que se realizan las gestiones necesarias, con la autoridad competente, para lograr la reeubicaci\u00f3n de la \u00faltima escuela vag\u00f3n del pa\u00eds y as\u00ed sus estudiantes tengan un espacio m\u00e1s digno donde recibir su instrucci\u00f3n acad\u00e9mica.<\/p>\n<p>Tras recibir el homenaje, el profesor Mayolo Contreras expres\u00f3 su agradecimiento, \u201cno s\u00f3lo por este reconocimiento, sino por el apoyo recibido de las autoridades municipales para mejorar dentro de lo posible el espacio que ocupamos como nuestra escuelita\u201d.<\/p>\n<p>En el vag\u00f3n escuela primaria, con Clave Escolar 15DPR30081, estudian alrededor de 30 menores de diversas edades, y es considerada como una de las dos mejores instituciones de educaci\u00f3n primaria en el Estado de M\u00e9xico, por la calidad acad\u00e9mica de sus estudiantes.<\/p>\n<p>&nbsp;<\/p>\n","protected":false},"excerpt":{"rendered":"<p>El gobierno local entreg\u00f3 un reconocimiento a Jaime Mayolo Contreras por sus 40 a\u00f1os de labor ininterrumpida como profesor y director de la Escuela Vag\u00f3n Art\u00edculo 123 \u201cLicenciado Adolfo L\u00f3pez Mateos\u201d.<\/p>\n","protected":false},"author":3,"featured_media":294210,"comment_status":"open","ping_status":"open","sticky":false,"template":"","format":"standard","meta":{"_monsterinsights_skip_tracking":false,"_monsterinsights_sitenote_active":false,"_monsterinsights_sitenote_note":"","_monsterinsights_sitenote_category":0,"footnotes":""},"categories":[35155],"tags":[532,21479,970],"class_list":["post-294133","post","type-post","status-publish","format-standard","has-post-thumbnail","hentry","category-estado-de-mexico-estado-de-mexico","tag-casa-estado-de-mexico","tag-escuela","tag-naucalpan"],"_links":{"self":[{"href":"https:\/\/www.diarioimagen.net\/index.php?rest_route=\/wp\/v2\/posts\/294133","targetHints":{"allow":["GET"]}}],"collection":[{"href":"https:\/\/www.diarioimagen.net\/index.php?rest_route=\/wp\/v2\/posts"}],"about":[{"href":"https:\/\/www.diarioimagen.net\/index.php?rest_route=\/wp\/v2\/types\/post"}],"author":[{"embeddable":true,"href":"https:\/\/www.diarioimagen.net\/index.php?rest_route=\/wp\/v2\/users\/3"}],"replies":[{"embeddable":true,"href":"https:\/\/www.diarioimagen.net\/index.php?rest_route=%2Fwp%2Fv2%2Fcomments&post=294133"}],"version-history":[{"count":0,"href":"https:\/\/www.diarioimagen.net\/index.php?rest_route=\/wp\/v2\/posts\/294133\/revisions"}],"wp:featuredmedia":[{"embeddable":true,"href":"https:\/\/www.diarioimagen.net\/index.php?rest_route=\/wp\/v2\/media\/294210"}],"wp:attachment":[{"href":"https:\/\/www.diarioimagen.net\/index.php?rest_route=%2Fwp%2Fv2%2Fmedia&parent=294133"}],"wp:term":[{"taxonomy":"category","embeddable":true,"href":"https:\/\/www.diarioimagen.net\/index.php?rest_route=%2Fwp%2Fv2%2Fcategories&post=294133"},{"taxonomy":"post_tag","embeddable":true,"href":"https:\/\/www.diarioimagen.net\/index.php?rest_route=%2Fwp%2Fv2%2Ftags&post=294133"}],"curies":[{"name":"wp","href":"https:\/\/api.w.org\/{rel}","templated":true}]}}