{"id":294157,"date":"2016-10-18T00:01:01","date_gmt":"2016-10-18T05:01:01","guid":{"rendered":"http:\/\/www.diarioimagen.net\/?p=294157"},"modified":"2016-10-18T08:01:03","modified_gmt":"2016-10-18T13:01:03","slug":"cuantos-pueblos-magicos-mas-le-hacen-falta-al-pais-hoy-son-111-denominaciones","status":"publish","type":"post","link":"https:\/\/www.diarioimagen.net\/?p=294157","title":{"rendered":"\u00bfCu\u00e1ntos Pueblos M\u00e1gicos m\u00e1s le hacen falta al pa\u00eds? Hoy, son 111 denominaciones"},"content":{"rendered":"<h2>De cinco estrellas<\/h2>\n<h5>Victoria Gonz\u00e1lez Prado<\/h5>\n<p>&nbsp;<\/p>\n<ul>\n<li><em><strong>\u00bfRealmente los 111 son Pueblos M\u00e1gicos que re\u00fanen y cumplen con el programa original? <\/strong><\/em><\/li>\n<li><em><strong>Santiago de Quer\u00e9taro, sede de la Tercera Feria Nacional de Pueblos M\u00e1gicos, inaugurada en el Teatro Metropolitano<\/strong><\/em><\/li>\n<\/ul>\n<p>&nbsp;<\/p>\n<div id=\"attachment_294233\" style=\"width: 470px\" class=\"wp-caption aligncenter\"><a href=\"http:\/\/www.diarioimagen.net\/?attachment_id=294233\" rel=\"attachment wp-att-294233\"><img loading=\"lazy\" decoding=\"async\" aria-describedby=\"caption-attachment-294233\" class=\"size-large wp-image-294233\" src=\"http:\/\/www.diarioimagen.net\/wp-content\/uploads\/2016\/10\/turismo-2977-460x259.jpg\" alt=\"Miguel \u00c1ngel Osorio Chong asegura que se atender\u00e1 la inseguridad de cada zona y regi\u00f3n de Veracruz.\" width=\"460\" height=\"259\" srcset=\"https:\/\/www.diarioimagen.net\/wp-content\/uploads\/2016\/10\/turismo-2977-460x259.jpg 460w, https:\/\/www.diarioimagen.net\/wp-content\/uploads\/2016\/10\/turismo-2977-240x135.jpg 240w, https:\/\/www.diarioimagen.net\/wp-content\/uploads\/2016\/10\/turismo-2977-235x132.jpg 235w, https:\/\/www.diarioimagen.net\/wp-content\/uploads\/2016\/10\/turismo-2977-202x114.jpg 202w, https:\/\/www.diarioimagen.net\/wp-content\/uploads\/2016\/10\/turismo-2977-350x196.jpg 350w, https:\/\/www.diarioimagen.net\/wp-content\/uploads\/2016\/10\/turismo-2977-220x123.jpg 220w, https:\/\/www.diarioimagen.net\/wp-content\/uploads\/2016\/10\/turismo-2977-237x132.jpg 237w, https:\/\/www.diarioimagen.net\/wp-content\/uploads\/2016\/10\/turismo-2977.jpg 480w\" sizes=\"auto, (max-width: 460px) 100vw, 460px\" \/><\/a><p id=\"caption-attachment-294233\" class=\"wp-caption-text\">Miguel \u00c1ngel Osorio Chong asegura que se atender\u00e1 la inseguridad de cada zona y regi\u00f3n de Veracruz.<\/p><\/div>\n<p>&nbsp;<\/p>\n<p>Santiago de Quer\u00e9taro, Qro.- \u00bfRealmente le hacen falta al pa\u00eds m\u00e1s Pueblos M\u00e1gicos? Cuando inici<strong>\u00f3<\/strong> el programa en 2001, hace 15 a\u00f1os, eran contadas las denominaciones, para ser exactos ese a\u00f1o las primeras denominaciones fueron Huasca de Ocampo, Mexcaltit\u00e1n, Tepoztl<strong>\u00e1<\/strong>n y Real de Catorce. En 2011 hab\u00eda 48 Pueblos M\u00e1gicos y, luego en un extra\u00f1o \u201cboom\u201d, a finales de 2013 ya eran 87.<\/p>\n<p>Actualmentem contamos con 111 Pueblos M\u00e1gicos y la pregunta es, \u00bfreunir\u00e1n todos ellos las caracter\u00edsticas del programa? Todos ellos est\u00e1n distribuidos\u00a0\u00a0 pr\u00e1cticamente en todo el territorio nacional. Hay entidades que tienen uno o dos y otros estados que cuentan con cuatro, cinco o m\u00e1s. \u00bfRealmente los 111 son Pueblos M\u00e1gicos?<\/p>\n<p>\u2018Habr\u00eda que recorrerlos todos y ver si cumplen con las caracter\u00edsticas iniciales del programa que dice: Concepto de Pueblo M\u00e1gico. \u201cUn pueblo que a trav\u00e9s del tiempo y ante la modernidad, ha conservado, valorado y defendido, su herencia hist\u00f3rica, cultural y natural; y la manifiesta en diversas expresiones, a trav\u00e9s de su patrimonio tangible e intangible. Un Pueblo M\u00e1gico es una localidad que tiene atributos \u00fanicos, simb\u00f3licos, historias aut\u00e9nticas, hechos trascendentes, cotidianidad, que significa una gran oportunidad para el aprovechamiento tur\u00edstico atendiendo a las motivaciones y necesidades de los viajeros\u201d.<\/p>\n<p>Todo esto viene a cuento porque en 2017 habr\u00e1 10 nuevos Pueblos M\u00e1gicos, que se sumar\u00e1n a los 111 que ya existen en M\u00e9xico, as\u00ed lo asegur\u00f3 <strong>Enrique de la Madrid<\/strong>, secretario de Turismo federal, luego de la inauguraci\u00f3n de la tercera versi\u00f3n de la Feria Nacional Pueblos M\u00e1gicos en Quer\u00e9taro, y agreg\u00f3 \u201ceste a\u00f1o no hubo m\u00e1s denominaciones; sin embargo, el a\u00f1o que entra est\u00e1 ya una propuesta en el Congreso de la Uni\u00f3n\u201d.<\/p>\n<p>La Tercera Feria Nacional de Pueblos M\u00e1gicos se dio en un momento en el que las 111 localidades en el pa\u00eds con esa denominaci\u00f3n, recibir\u00e1n un recorte al gasto de casi 64 por ciento en el presupuesto del a\u00f1o entrante.<\/p>\n<p>El titular de Sectur dijo que desconoc\u00eda cu\u00e1les ser\u00e1n las denominaciones; \u201cs\u00e9 que son muchas las propuestas, pero ser\u00e1n s\u00f3lo 10 los que se nombrar\u00e1n por mejor preparados. Es un proyecto que est\u00e1 dando resultados, por lo que nos podemos dar el lujo de escoger a los mejores y es lo que vamos a hacer\u201d.<\/p>\n<p>Al referirse al recorte presupuestal,<strong> De la Madrid<\/strong> se\u00f1al\u00f3 que a pesar de ello para el presupuesto el pr\u00f3ximo a\u00f1o, la dependencia buscar\u00e1 optimizar sus recursos. \u201cS\u00ed dividi\u00e9ramos todo el presupuesto entre los Pueblos M\u00e1gicos nos da como 5 millones por cada pueblo; si el a\u00f1o que entra tuvi\u00e9ramos menos ingresos la cifra disminuir\u00eda, pero nos vamos a obligar a trabajar m\u00e1s y a apoyar a aquellos en los que tenga una combinaci\u00f3n de recursos del estado y del municipio, y de alg\u00fan proyecto empresarial\u201d.<\/p>\n<p>Para 2017, los Pueblos M\u00e1gicos tendr\u00edan a su disposici\u00f3n\u00a0568.9 millones de pesos mediante el Programa de Desarrollo Regional Tur\u00edstico Sustentable y Pueblos M\u00e1gicos de la Sectur, contra mil 571.7 millones aprobados para 2016, consecuencia del recorte aplicado a la Secretar\u00eda de Turismo, que para 2017 recibir\u00e1 casi 3 mil 500 millones de pesos, contra 5 mil 211 millones que le otorg\u00f3 la Secretar\u00eda de Hacienda (SHCP), para este a\u00f1o, es decir, 32.8 por ciento menos.<\/p>\n<p>A lo anterior, el secretario de Turismo se\u00f1al\u00f3: \u201cel dinero que nos den, ser\u00e1 con el que tendremos que trabajar y gastar con mayor eficiencia, por lo que buscaremos aliarnos con el sector privado y (el recorte), no va a afectar de ninguna manera el desarrollo de la actividad tur\u00edstica nacional\u201d.<\/p>\n<p>\u201cLo que queremos es seguir cuidando la marca y si hablamos de los retos hacia adelante, creo que se trata de buscar un m\u00ednimo com\u00fan denominador para que todos los visitantes sepan que cuando van a un Pueblo M\u00e1gico van a encontrar ciertas condiciones de igualdad, digamos en t\u00e9rminos de accesibilidad, seguridad y limpieza en la v\u00eda p\u00fablica\u201d.<\/p>\n<p>Ser\u00eda muy bueno conocer los 111 Pueblos M\u00e1gicos y observar si todos ellos cumplen con los requisitos por los que fue creado el programa antes de pensar en nombrar m\u00e1s.<\/p>\n<p>Y bueno, la ciudad de Quer\u00e9taro fue sede de la tercera versi\u00f3n de la Feria Nacional Pueblos M\u00e1gicos inaugurada en el Teatro Metropolitano, del Centro de Congresos de Quer\u00e9taro, donde el secretario <strong>Enrique de la Madrid<\/strong> resalt\u00f3 que el programa beneficia a 5.5 millones de mexicanos que habitan en las demarcaciones que cuentan con esta denominaci\u00f3n.<\/p>\n<p>El objetivo de la feria es brindar un espacio de promoci\u00f3n y exposici\u00f3n a los 111 Pueblos M\u00e1gicos para que puedan mostrar sus principales atractivos y cultura e interactuar con prestadores de servicios tur\u00edsticos y agencias tour-operadoras.<\/p>\n<p>El lema en esta ocasi\u00f3n fue \u201cTurismo para todos: promover la accesibilidad universal\u201d, que es parte del lema declarado por la Organizaci\u00f3n Mundial de Turismo (OMT), para este a\u00f1o, como exhorto a que los Pueblos M\u00e1gicos adecuen sus instalaciones para recibir a personas con alguna discapacidad y as\u00ed, incrementar las opciones tur\u00edsticas para todos los mexicanos.<\/p>\n<p>Asimismo, <strong>De la Madrid<\/strong> se\u00f1al\u00f3 que en 2015, M\u00e9xico se convirti\u00f3 en el noveno pa\u00eds m\u00e1s visitado del mundo con 32 millones de turistas y en lo que va de este a\u00f1o se ha recibido a 23 millones de visitantes. Con esto el turismo se consolida como uno de los principales motores de la econom\u00eda mexicana al representar el 8.5 por ciento del Producto Interno Bruto (PIB) y dar empleo de manera directa e indirecta a 9 millones de mexicanos, de los cuales el 60 por ciento son mujeres; y 20 por ciento, hombres.<\/p>\n<p>De igual forma dijo que \u201cantes que Pueblos M\u00e1gicos, tenemos un pa\u00eds m\u00e1gico. Es un pa\u00eds maravilloso, un pa\u00eds que est\u00e1 hecho para el turismo (\u2026) tenemos zonas arqueol\u00f3gicas, ciudades coloniales y lo mejor es que tenemos al mexicano con una cultura y un gusto por atender\u201d.<\/p>\n<p>La tercera edici\u00f3n de esta fiesta fue organizada por la Secretaria de Turismo (Sectur), la Secretar\u00eda de Turismo estatal, el Consejo de Promoci\u00f3n Tur\u00edstica de M\u00e9xico (CPTM) y el Fondo Nacional para el Fomento a las Artesan\u00edas (Fonart), y\u00a0 participaron subsecretarios de la Sectur federal, secretarios de Turismo estales, presidentes municipales, presidentes de los Comit\u00e9s de Pueblo M\u00e1gico, 24 dependencias de gobierno federal m\u00e1s y 20 prestadores de servicios tur\u00edsticos especializados.<\/p>\n<p>La feria estuvo compuesta por 111 stands -uno por cada Pueblo M\u00e1gico-, el pabell\u00f3n de artesan\u00edas, el de comercializaci\u00f3n, de Fonart, un pabell\u00f3n de las dependencias invitadas, \u00e1rea gastron\u00f3mica y adem\u00e1s hubo conferencias, conciertos, muestras gastron\u00f3mica y bailes y m\u00fasica tradicionales.<\/p>\n<p><strong>De la Madrid Cordero<\/strong> resalt\u00f3 que en esta tercera edici\u00f3n se neutralizar\u00e1 la huella de carbono que gener\u00f3 el evento, al compensar las emisiones con la compra de bonos que se destinar\u00e1n a la reforestaci\u00f3n de la Sierra Gorda queretana. En la inauguraci\u00f3n, el gobernador de Quer\u00e9taro, <strong>Francisco Dom\u00ednguez,<\/strong> destac\u00f3 que los cinco Pueblos M\u00e1gicos de la entidad queretana \u2013Bernal, Jalpan de Serra, Cadereyta, Tequisquiapan y San Joaqu\u00edn-, reciben m\u00e1s de 600 mil turistas al a\u00f1o y coment\u00f3 que el estado es uno de los primeros destinos tur\u00edsticos sin playa del pa\u00eds, por lo que el sector tur\u00edstico aporta el 19 por ciento del PIB estatal y genera m\u00e1s de 154 mil empleos directos e indirectos; tan solo en 2015 gener\u00f3 8 mil 941 millones de pesos de derrama econ\u00f3mica.<\/p>\n<p><em><a href=\"mailto:victoriagprado@gmail.com\" target=\"_blank\">victoriagprado@gmail.com<\/a><\/em><br \/>\n<em> Twitter: <a href=\"https:\/\/twitter.com\/victoriagprado\" target=\"_blank\">@victoriagprado<\/a><\/em><\/p>\n<p>###<\/p>\n<p>En la inauguraci\u00f3n de la Feria Nacional de los Pueblos M\u00e1gicos.<\/p>\n","protected":false},"excerpt":{"rendered":"<p>Santiago de Quer\u00e9taro, Qro.- \u00bfRealmente le hacen falta al pa\u00eds m\u00e1s Pueblos M\u00e1gicos? Cuando inici\u00f3 el programa en 2001, hace 15 a\u00f1os, eran contadas las denominaciones, para ser exactos ese a\u00f1o las primeras denominaciones fueron Huasca de Ocampo, Mexcaltit\u00e1n, Tepoztl\u00e1n y Real de Catorce. En 2011 hab\u00eda 48 Pueblos M\u00e1gicos y, luego en un extra\u00f1o \u201cboom\u201d, a finales de 2013 ya eran 87.<\/p>\n","protected":false},"author":3,"featured_media":294233,"comment_status":"open","ping_status":"open","sticky":false,"template":"","format":"standard","meta":{"_monsterinsights_skip_tracking":false,"_monsterinsights_sitenote_active":false,"_monsterinsights_sitenote_note":"","_monsterinsights_sitenote_category":0,"footnotes":""},"categories":[11],"tags":[107,43674,43681,106],"class_list":["post-294157","post","type-post","status-publish","format-standard","has-post-thumbnail","hentry","category-turismo","tag-de-cinco-estrellas","tag-opinion","tag-turismo","tag-victoria-gonzalez-prado"],"_links":{"self":[{"href":"https:\/\/www.diarioimagen.net\/index.php?rest_route=\/wp\/v2\/posts\/294157","targetHints":{"allow":["GET"]}}],"collection":[{"href":"https:\/\/www.diarioimagen.net\/index.php?rest_route=\/wp\/v2\/posts"}],"about":[{"href":"https:\/\/www.diarioimagen.net\/index.php?rest_route=\/wp\/v2\/types\/post"}],"author":[{"embeddable":true,"href":"https:\/\/www.diarioimagen.net\/index.php?rest_route=\/wp\/v2\/users\/3"}],"replies":[{"embeddable":true,"href":"https:\/\/www.diarioimagen.net\/index.php?rest_route=%2Fwp%2Fv2%2Fcomments&post=294157"}],"version-history":[{"count":0,"href":"https:\/\/www.diarioimagen.net\/index.php?rest_route=\/wp\/v2\/posts\/294157\/revisions"}],"wp:featuredmedia":[{"embeddable":true,"href":"https:\/\/www.diarioimagen.net\/index.php?rest_route=\/wp\/v2\/media\/294233"}],"wp:attachment":[{"href":"https:\/\/www.diarioimagen.net\/index.php?rest_route=%2Fwp%2Fv2%2Fmedia&parent=294157"}],"wp:term":[{"taxonomy":"category","embeddable":true,"href":"https:\/\/www.diarioimagen.net\/index.php?rest_route=%2Fwp%2Fv2%2Fcategories&post=294157"},{"taxonomy":"post_tag","embeddable":true,"href":"https:\/\/www.diarioimagen.net\/index.php?rest_route=%2Fwp%2Fv2%2Ftags&post=294157"}],"curies":[{"name":"wp","href":"https:\/\/api.w.org\/{rel}","templated":true}]}}