{"id":294264,"date":"2016-10-18T15:00:16","date_gmt":"2016-10-18T20:00:16","guid":{"rendered":"http:\/\/www.diarioimagen.net\/?p=294264"},"modified":"2016-10-20T00:58:02","modified_gmt":"2016-10-20T05:58:02","slug":"inauguran-en-edomex-la-quinta-casa-de-la-tierra","status":"publish","type":"post","link":"https:\/\/www.diarioimagen.net\/?p=294264","title":{"rendered":"Inauguran en Edomex la quinta \u201cCasa de la Tierra\u201d"},"content":{"rendered":"<ul>\n<li><em><strong>Crear conciencia sobre cambio clim\u00e1tico<\/strong><\/em><\/li>\n<\/ul>\n<p>&nbsp;<\/p>\n<div id=\"attachment_294265\" style=\"width: 470px\" class=\"wp-caption aligncenter\"><a href=\"http:\/\/www.diarioimagen.net\/?attachment_id=294265\" rel=\"attachment wp-att-294265\"><img loading=\"lazy\" decoding=\"async\" aria-describedby=\"caption-attachment-294265\" class=\"size-large wp-image-294265\" src=\"http:\/\/www.diarioimagen.net\/wp-content\/uploads\/2016\/10\/CASA19-portal-460x268.jpg\" alt=\"Inauguraron en San Mart\u00edn de las Pir\u00e1mides el Centro de Educaci\u00f3n Ambiental y Cambio Clim\u00e1tico, mejor conocido como \u201cCasa de la Tierra\u201d.\" width=\"460\" height=\"268\" srcset=\"https:\/\/www.diarioimagen.net\/wp-content\/uploads\/2016\/10\/CASA19-portal-460x268.jpg 460w, https:\/\/www.diarioimagen.net\/wp-content\/uploads\/2016\/10\/CASA19-portal-240x140.jpg 240w, https:\/\/www.diarioimagen.net\/wp-content\/uploads\/2016\/10\/CASA19-portal.jpg 480w\" sizes=\"auto, (max-width: 460px) 100vw, 460px\" \/><\/a><p id=\"caption-attachment-294265\" class=\"wp-caption-text\">Inauguraron en San Mart\u00edn de las Pir\u00e1mides el Centro de Educaci\u00f3n Ambiental y Cambio Clim\u00e1tico, mejor conocido como \u201cCasa de la Tierra\u201d.<\/p><\/div>\n<p>&nbsp;<\/p>\n<p><strong>San Mart\u00edn de las Pir\u00e1mides, Estadod de M\u00e9xico<\/strong>.- Los secretarios de Medio Ambiente, Ra\u00fal Vargas Herrera, y de Turismo, Rosalinda Elizabeth Ben\u00edtez Gonz\u00e1lez, inauguraron el Centro de Educaci\u00f3n Ambiental y Cambio Clim\u00e1tico, mejor conocido como \u201cCasa de la Tierra\u201d, donde los asistentes son informados sobre el cambio clim\u00e1tico y las alternativas de soluci\u00f3n, con el prop\u00f3sito de crear conciencia entre la poblaci\u00f3n sobre la preservaci\u00f3n del entorno.<\/p>\n<p>Con este centro son cinco los que se han construido en los municipios de Metepec, Atlacomulco, Valle de Bravo y Texcoco desde el 2011, los cuales est\u00e1n equipados con tecnolog\u00eda 3D que proyecta sobre una esfera im\u00e1genes inteligentes de la National Oceanic and Atmospheric Administration (NOAA), con lo cual se puede observar en tiempo real los fen\u00f3menos ambientales derivados de los factores clim\u00e1ticos, as\u00ed como la gravedad de sus impactos.<\/p>\n<p>Gracias a la gesti\u00f3n de recursos federales, ahora los habitantes de la regi\u00f3n de San Mart\u00edn de las Pir\u00e1mides podr\u00e1n disfrutar de esta infraestructura que, a diferencia de las cuatro primeras, tambi\u00e9n cuenta con un sistema de detecci\u00f3n de cuerpos en 3D y una l\u00ednea del tiempo sobre el planeta Tierra, para lo cual se destinaron recursos por m\u00e1s de 6.5 millones de pesos.<\/p>\n<p>Despu\u00e9s de realizar el recorrido de las instalaciones, Vargas Herrera destac\u00f3 que el principal objetivo de los Centros es sensibilizar y concientizar sobre el impacto del aumento de temperatura del planeta, esto a trav\u00e9s de informaci\u00f3n cient\u00edfica y actualizada que permita una mayor comprensi\u00f3n de las ciencias ambientales de forma did\u00e1ctica, tratando de generar un cambio de actitud en los m\u00e1s de 75 mil visitantes que visitan estos lugares cada a\u00f1o.<\/p>\n<p>Precis\u00f3 que \u201chay que conocer la tierra para respetarla m\u00e1s\u201d, por ello es importante crear conciencia entre la poblaci\u00f3n para preservar el medio ambiente y que cada quien haga la parte que le corresponde.<\/p>\n<p>El funcionario estatal refiri\u00f3 que en materia de cambio clim\u00e1tico, la presente administraci\u00f3n ha llevado a cabo la sustituci\u00f3n de 68 mil 881 luminarias LED en 94 municipios, adem\u00e1s de implementar una red de transporte de bajas emisiones como el Mexib\u00fas, el Mexicable, el Mexipuerto y el tren interurbano M\u00e9xico-Toluca; la entrega gratuita de 25 mil Convertidores Catal\u00edticos, el reciclaje de 279 mil 759 llantas y en los \u00faltimos cinco a\u00f1os ha crecido en 50 mil el n\u00famero de hect\u00e1reas verdes.<\/p>\n<p>Por su parte la secretaria de Turismo, Rosalinda Elizabeth Ben\u00edtez Gonz\u00e1lez, dijo que el Centro de Educaci\u00f3n Ambiental y Cambio Clim\u00e1tico es una opci\u00f3n m\u00e1s para seguir visitando los pueblos m\u00e1gicos que hay en la entidad.<\/p>\n<p>Cabe destacar que las Casas de la Tierra ofrecen servicios de manera gratuita al p\u00fablico en general y cuentan con una capacidad para atender a grupos hasta de 80 personas en cada exposici\u00f3n, en donde se abordan temas como, Causas y Efectos del Cambio Clim\u00e1tico, Placas Tect\u00f3nicas, Sismos y Tsunamis, Sistema Solar, Consumo de Energ\u00eda, Contaminaci\u00f3n Atmosf\u00e9rica, entre otros.<\/p>\n","protected":false},"excerpt":{"rendered":"<p>Los secretarios de Medio Ambiente, Ra\u00fal Vargas Herrera, y de Turismo, Rosalinda Elizabeth Ben\u00edtez Gonz\u00e1lez, inauguraron el Centro de Educaci\u00f3n Ambiental y Cambio Clim\u00e1tico, mejor conocido como \u201cCasa de la Tierra\u201d, donde los asistentes son informados sobre el cambio clim\u00e1tico y las alternativas de soluci\u00f3n, con el prop\u00f3sito de crear conciencia entre la poblaci\u00f3n sobre la preservaci\u00f3n del entorno.<\/p>\n","protected":false},"author":5,"featured_media":294265,"comment_status":"open","ping_status":"open","sticky":false,"template":"","format":"standard","meta":{"_monsterinsights_skip_tracking":false,"_monsterinsights_sitenote_active":false,"_monsterinsights_sitenote_note":"","_monsterinsights_sitenote_category":0,"footnotes":""},"categories":[35155],"tags":[1908,52786,50115,10192],"class_list":["post-294264","post","type-post","status-publish","format-standard","has-post-thumbnail","hentry","category-estado-de-mexico-estado-de-mexico","tag-medio-ambiente","tag-raul-vargas-herrera","tag-rosalinda-elizabeth-benitez-gonzalez","tag-san-martin-de-las-piramides"],"_links":{"self":[{"href":"https:\/\/www.diarioimagen.net\/index.php?rest_route=\/wp\/v2\/posts\/294264","targetHints":{"allow":["GET"]}}],"collection":[{"href":"https:\/\/www.diarioimagen.net\/index.php?rest_route=\/wp\/v2\/posts"}],"about":[{"href":"https:\/\/www.diarioimagen.net\/index.php?rest_route=\/wp\/v2\/types\/post"}],"author":[{"embeddable":true,"href":"https:\/\/www.diarioimagen.net\/index.php?rest_route=\/wp\/v2\/users\/5"}],"replies":[{"embeddable":true,"href":"https:\/\/www.diarioimagen.net\/index.php?rest_route=%2Fwp%2Fv2%2Fcomments&post=294264"}],"version-history":[{"count":0,"href":"https:\/\/www.diarioimagen.net\/index.php?rest_route=\/wp\/v2\/posts\/294264\/revisions"}],"wp:featuredmedia":[{"embeddable":true,"href":"https:\/\/www.diarioimagen.net\/index.php?rest_route=\/wp\/v2\/media\/294265"}],"wp:attachment":[{"href":"https:\/\/www.diarioimagen.net\/index.php?rest_route=%2Fwp%2Fv2%2Fmedia&parent=294264"}],"wp:term":[{"taxonomy":"category","embeddable":true,"href":"https:\/\/www.diarioimagen.net\/index.php?rest_route=%2Fwp%2Fv2%2Fcategories&post=294264"},{"taxonomy":"post_tag","embeddable":true,"href":"https:\/\/www.diarioimagen.net\/index.php?rest_route=%2Fwp%2Fv2%2Ftags&post=294264"}],"curies":[{"name":"wp","href":"https:\/\/api.w.org\/{rel}","templated":true}]}}