{"id":294267,"date":"2016-10-19T00:09:32","date_gmt":"2016-10-19T05:09:32","guid":{"rendered":"http:\/\/www.diarioimagen.net\/?p=294267"},"modified":"2016-10-20T05:04:25","modified_gmt":"2016-10-20T10:04:25","slug":"inaugura-isis-avila-clinica-de-salud-visual-en-cuautitla","status":"publish","type":"post","link":"https:\/\/www.diarioimagen.net\/?p=294267","title":{"rendered":"Inaugura Isis \u00c1vila Cl\u00ednica de Salud Visual en Cuautitl\u00e1n"},"content":{"rendered":"<ul>\n<li><strong><em>Es la segunda en su tipo en Edomex<\/em><\/strong><\/li>\n<\/ul>\n<p>&nbsp;<\/p>\n<div id=\"attachment_294268\" style=\"width: 470px\" class=\"wp-caption aligncenter\"><a href=\"http:\/\/www.diarioimagen.net\/?attachment_id=294268\" rel=\"attachment wp-att-294268\"><img loading=\"lazy\" decoding=\"async\" aria-describedby=\"caption-attachment-294268\" class=\"wp-image-294268 size-large\" src=\"http:\/\/www.diarioimagen.net\/wp-content\/uploads\/2016\/10\/ISIS19-portal-460x268.jpg\" alt=\"La presidenta honoraria del DIF Estado de M\u00e9xico, Isis \u00c1vila Mu\u00f1oz, inaugur\u00f3 la Cl\u00ednica de Salud Visual en Cuautitl\u00e1n.\" width=\"460\" height=\"268\" srcset=\"https:\/\/www.diarioimagen.net\/wp-content\/uploads\/2016\/10\/ISIS19-portal-460x268.jpg 460w, https:\/\/www.diarioimagen.net\/wp-content\/uploads\/2016\/10\/ISIS19-portal-240x140.jpg 240w, https:\/\/www.diarioimagen.net\/wp-content\/uploads\/2016\/10\/ISIS19-portal.jpg 480w\" sizes=\"auto, (max-width: 460px) 100vw, 460px\" \/><\/a><p id=\"caption-attachment-294268\" class=\"wp-caption-text\">La presidenta honoraria del DIF Estado de M\u00e9xico, Isis \u00c1vila Mu\u00f1oz, inaugur\u00f3 la Cl\u00ednica de Salud Visual en el municipio de Cuautitl\u00e1n.<\/p><\/div>\n<p>&nbsp;<\/p>\n<p><strong>Cuautitl\u00e1n, Estado de M\u00e9xico<\/strong>.- Revisi\u00f3n de optometr\u00eda, oftalmolog\u00eda, toma de presi\u00f3n intraocular a ni\u00f1os y adultos mayores con problemas diab\u00e9ticos, son parte de los servicios que ofrece la Cl\u00ednica de Salud Visual, que inaugur\u00f3 la presidenta honoraria del DIF Estado de M\u00e9xico, Isis \u00c1vila Mu\u00f1oz, con la finalidad de prevenir la discapacidad visual entre los mexiquenses.<\/p>\n<p>La titular del organismo se\u00f1al\u00f3 que la creaci\u00f3n de esta cl\u00ednica es resultado de un convenio entre el DIF de Cuautitl\u00e1n y la Fundaci\u00f3n Sala Uno. Adem\u00e1s, destac\u00f3 que es la segunda en su tipo en la entidad, pues desde hace 9 meses funciona el Hospital de la Salud Visual, en Naucalpan.<\/p>\n<p>\u201cLa vista es nuestra ventana al mundo, a trav\u00e9s de ella podemos capturar los mejores momentos en familia y desarrollarnos en el trabajo: las mejores experiencias de la vida que guardamos en la mente y coraz\u00f3n; una visi\u00f3n deficiente dificulta la realizaci\u00f3n de actividades en el seno de la familia y la comunidad\u201d, dijo Isis \u00c1vila.<\/p>\n<p>Acompa\u00f1ada por Arturo Osornio S\u00e1nchez, secretario de Desarrollo Social; Martha Elvia Fern\u00e1ndez, presidenta municipal de Cuautitl\u00e1n y Javier Okhoyusen Aguilar, fundador de Sala Uno, Isis \u00c1vila se\u00f1al\u00f3 que los pacientes que reciban atenci\u00f3n y necesiten alguna cirug\u00eda de la vista podr\u00e1n ser canalizados, desde esta cl\u00ednica, al Hospital de Sala Uno, ubicado en la Ciudad de M\u00e9xico, donde podr\u00e1n someterse a operaciones a un bajo costo, as\u00ed como al Hospital de la Salud Visual de Naucalpan, donde la mayor\u00eda de los tratamientos son gratuitos.<\/p>\n<p>Sumado a estas acciones, la presidenta honoraria del DIFEM tambi\u00e9n entreg\u00f3 vales para estudios de laboratorio y lentes que permitan atender problemas como cataratas, degeneraci\u00f3n macular, glaucoma y retinopat\u00eda diab\u00e9tica, que son los principales problemas visuales de los mexicanos y\u00a0 son curables si se detectan a tiempo.<\/p>\n","protected":false},"excerpt":{"rendered":"<p>Revisi\u00f3n de optometr\u00eda, oftalmolog\u00eda, toma de presi\u00f3n intraocular a ni\u00f1os y adultos mayores con problemas diab\u00e9ticos, son parte de los servicios que ofrece la Cl\u00ednica de Salud Visual, que inaugur\u00f3 la presidenta honoraria del DIF Estado de M\u00e9xico, Isis \u00c1vila Mu\u00f1oz, con la finalidad de prevenir la discapacidad visual entre los mexiquenses.<\/p>\n","protected":false},"author":5,"featured_media":294268,"comment_status":"open","ping_status":"open","sticky":false,"template":"","format":"standard","meta":{"_monsterinsights_skip_tracking":false,"_monsterinsights_sitenote_active":false,"_monsterinsights_sitenote_note":"","_monsterinsights_sitenote_category":0,"footnotes":""},"categories":[5],"tags":[681,43675,28207],"class_list":["post-294267","post","type-post","status-publish","format-standard","has-post-thumbnail","hentry","category-estado-de-mexico","tag-cuautitlan","tag-estado-de-mexico","tag-isis-avila-munoz"],"_links":{"self":[{"href":"https:\/\/www.diarioimagen.net\/index.php?rest_route=\/wp\/v2\/posts\/294267","targetHints":{"allow":["GET"]}}],"collection":[{"href":"https:\/\/www.diarioimagen.net\/index.php?rest_route=\/wp\/v2\/posts"}],"about":[{"href":"https:\/\/www.diarioimagen.net\/index.php?rest_route=\/wp\/v2\/types\/post"}],"author":[{"embeddable":true,"href":"https:\/\/www.diarioimagen.net\/index.php?rest_route=\/wp\/v2\/users\/5"}],"replies":[{"embeddable":true,"href":"https:\/\/www.diarioimagen.net\/index.php?rest_route=%2Fwp%2Fv2%2Fcomments&post=294267"}],"version-history":[{"count":0,"href":"https:\/\/www.diarioimagen.net\/index.php?rest_route=\/wp\/v2\/posts\/294267\/revisions"}],"wp:featuredmedia":[{"embeddable":true,"href":"https:\/\/www.diarioimagen.net\/index.php?rest_route=\/wp\/v2\/media\/294268"}],"wp:attachment":[{"href":"https:\/\/www.diarioimagen.net\/index.php?rest_route=%2Fwp%2Fv2%2Fmedia&parent=294267"}],"wp:term":[{"taxonomy":"category","embeddable":true,"href":"https:\/\/www.diarioimagen.net\/index.php?rest_route=%2Fwp%2Fv2%2Fcategories&post=294267"},{"taxonomy":"post_tag","embeddable":true,"href":"https:\/\/www.diarioimagen.net\/index.php?rest_route=%2Fwp%2Fv2%2Ftags&post=294267"}],"curies":[{"name":"wp","href":"https:\/\/api.w.org\/{rel}","templated":true}]}}