{"id":294270,"date":"2016-10-19T00:06:43","date_gmt":"2016-10-19T05:06:43","guid":{"rendered":"http:\/\/www.diarioimagen.net\/?p=294270"},"modified":"2016-10-20T00:59:11","modified_gmt":"2016-10-20T05:59:11","slug":"toma-protesta-eruviel-avila-a-jefe-de-la-oficina-de-la-gubernatura","status":"publish","type":"post","link":"https:\/\/www.diarioimagen.net\/?p=294270","title":{"rendered":"Toma protesta Eruviel a jefe de Oficina de la Gubernatura"},"content":{"rendered":"<ul>\n<li><strong><em>Tendr\u00e1 como objetivo gestionar las estrategias prioritarias del GEM<\/em><\/strong><\/li>\n<\/ul>\n<p>&nbsp;<\/p>\n<div id=\"attachment_294444\" style=\"width: 470px\" class=\"wp-caption aligncenter\"><a href=\"http:\/\/www.diarioimagen.net\/?attachment_id=294444\" rel=\"attachment wp-att-294444\"><img loading=\"lazy\" decoding=\"async\" aria-describedby=\"caption-attachment-294444\" class=\"size-large wp-image-294444\" src=\"http:\/\/www.diarioimagen.net\/wp-content\/uploads\/2016\/10\/eruviel-protesta-2978-460x306.jpg\" alt=\"Eruviel \u00c1vila Villegas tom\u00f3 protesta a Erasto Mart\u00ednez Rojas como Jefe de la Oficina de la Gubernatura del Estado de M\u00e9xico.\" width=\"460\" height=\"306\" srcset=\"https:\/\/www.diarioimagen.net\/wp-content\/uploads\/2016\/10\/eruviel-protesta-2978-460x306.jpg 460w, https:\/\/www.diarioimagen.net\/wp-content\/uploads\/2016\/10\/eruviel-protesta-2978-240x159.jpg 240w, https:\/\/www.diarioimagen.net\/wp-content\/uploads\/2016\/10\/eruviel-protesta-2978.jpg 700w\" sizes=\"auto, (max-width: 460px) 100vw, 460px\" \/><\/a><p id=\"caption-attachment-294444\" class=\"wp-caption-text\">Eruviel \u00c1vila Villegas tom\u00f3 protesta a Erasto Mart\u00ednez Rojas como Jefe de la Oficina de la Gubernatura del Estado de M\u00e9xico.<\/p><\/div>\n<p>&nbsp;<\/p>\n<p><strong>Toluca, Estado de M\u00e9xico<\/strong>.- El gobernador Eruviel \u00c1vila Villegas tom\u00f3 protesta a Erasto Mart\u00ednez Rojas como jefe de la Oficina de la Gubernatura del Estado de M\u00e9xico, \u00e1rea de nueva creaci\u00f3n en la administraci\u00f3n estatal, que no genera mayores gastos en su conformaci\u00f3n, y que tendr\u00e1 como objetivo gestionar las estrategias prioritarias del gobierno estatal, coordinar el apoyo t\u00e9cnico y monitorear los avances de la administraci\u00f3n, as\u00ed como ser el v\u00ednculo entre las instancias federales y los estados y crear instrumentos para elaborar pol\u00edticas p\u00fablicas.<\/p>\n<p>\u201cHabr\u00e1 de despachar aqu\u00ed mismo, en Palacio de Gobierno, en una de las oficinas que se tengan disponibles para que no genere alguna renta adicional y, adem\u00e1s su estructura ser\u00e1 muy b\u00e1sica, elemental, ser\u00e1 la m\u00ednima indispensable, insisto, pensando siempre en el objetivo que nos marcamos desde un principio que es generar econom\u00eda, lograr ahorros para priorizar en las obras y en los programas sociales\u201d, afirm\u00f3.<\/p>\n<p>De esta forma, Erasto Mart\u00ednez deja el cargo de secretario de Infraestructura y en su lugar rindi\u00f3 protesta Francisco Gonz\u00e1lez Zozaya, quien se ven\u00eda desempe\u00f1ando como subsecretario de Comunicaciones en dicha dependencia.<\/p>\n<p>Eruviel \u00c1vila explic\u00f3 que el jefe de la Oficina de la Gubernatura tiene tambi\u00e9n entre sus facultades el proporcionar al mandatario estatal los elementos necesarios para una adecuada toma de decisiones, elaboraci\u00f3n de instrumentos, dise\u00f1o de mecanismos, desarrollo de indicadores que sirvan para la planeaci\u00f3n y elaboraci\u00f3n de pol\u00edticas p\u00fablicas, as\u00ed como participar en la coordinaci\u00f3n y seguimiento de acciones que se deriven de acuerdos de integrantes del gabinete.<\/p>\n<p>En el Sal\u00f3n Adolfo L\u00f3pez Mateos de Palacio de Gobierno, acompa\u00f1ado por el secretario general de Gobierno, Jos\u00e9 Manzur Quiroga, Eruviel \u00c1vila destac\u00f3 el compromiso, profesionalismo, \u00e9tica y honradez que caracterizan a Erasto Mart\u00ednez y a Francisco Zozaya, a quienes les dese\u00f3 el mayor de los \u00e9xitos en beneficio de los mexiquenses.<\/p>\n","protected":false},"excerpt":{"rendered":"<p>Toluca, Mex.- El gobernador Eruviel \u00c1vila Villegas tom\u00f3 protesta a Erasto Mart\u00ednez Rojas como jefe de la oficina de la gubernatura del Estado de M\u00e9xico, \u00e1rea de nueva creaci\u00f3n en la administraci\u00f3n estatal, que no genera mayores gastos en su conformaci\u00f3n, y que tendr\u00e1 como objetivo gestionar las estrategias prioritarias del gobierno estatal, coordinar el apoyo t\u00e9cnico y monitorear los avances de la administraci\u00f3n, as\u00ed como ser el v\u00ednculo entre las instancias federales y los estados y crear instrumentos para elaborar pol\u00edticas p\u00fablicas.<\/p>\n","protected":false},"author":5,"featured_media":294444,"comment_status":"open","ping_status":"open","sticky":false,"template":"","format":"standard","meta":{"_monsterinsights_skip_tracking":false,"_monsterinsights_sitenote_active":false,"_monsterinsights_sitenote_note":"","_monsterinsights_sitenote_category":0,"footnotes":""},"categories":[5],"tags":[29603,5828,43675,54860,11409,452],"class_list":["post-294270","post","type-post","status-publish","format-standard","has-post-thumbnail","hentry","category-estado-de-mexico","tag-erasto-martinez-rojas","tag-eruviel-avila-villegas","tag-estado-de-mexico","tag-francisco-gonzalez-zozaya","tag-palacio-de-gobierno","tag-toluca"],"_links":{"self":[{"href":"https:\/\/www.diarioimagen.net\/index.php?rest_route=\/wp\/v2\/posts\/294270","targetHints":{"allow":["GET"]}}],"collection":[{"href":"https:\/\/www.diarioimagen.net\/index.php?rest_route=\/wp\/v2\/posts"}],"about":[{"href":"https:\/\/www.diarioimagen.net\/index.php?rest_route=\/wp\/v2\/types\/post"}],"author":[{"embeddable":true,"href":"https:\/\/www.diarioimagen.net\/index.php?rest_route=\/wp\/v2\/users\/5"}],"replies":[{"embeddable":true,"href":"https:\/\/www.diarioimagen.net\/index.php?rest_route=%2Fwp%2Fv2%2Fcomments&post=294270"}],"version-history":[{"count":0,"href":"https:\/\/www.diarioimagen.net\/index.php?rest_route=\/wp\/v2\/posts\/294270\/revisions"}],"wp:featuredmedia":[{"embeddable":true,"href":"https:\/\/www.diarioimagen.net\/index.php?rest_route=\/wp\/v2\/media\/294444"}],"wp:attachment":[{"href":"https:\/\/www.diarioimagen.net\/index.php?rest_route=%2Fwp%2Fv2%2Fmedia&parent=294270"}],"wp:term":[{"taxonomy":"category","embeddable":true,"href":"https:\/\/www.diarioimagen.net\/index.php?rest_route=%2Fwp%2Fv2%2Fcategories&post=294270"},{"taxonomy":"post_tag","embeddable":true,"href":"https:\/\/www.diarioimagen.net\/index.php?rest_route=%2Fwp%2Fv2%2Ftags&post=294270"}],"curies":[{"name":"wp","href":"https:\/\/api.w.org\/{rel}","templated":true}]}}