{"id":294314,"date":"2016-10-19T00:08:47","date_gmt":"2016-10-19T05:08:47","guid":{"rendered":"http:\/\/www.diarioimagen.net\/?p=294314"},"modified":"2016-10-19T04:56:47","modified_gmt":"2016-10-19T09:56:47","slug":"seguimiento-a-las-acciones-del-gobierno","status":"publish","type":"post","link":"https:\/\/www.diarioimagen.net\/?p=294314","title":{"rendered":"Seguimiento a las acciones del gobierno"},"content":{"rendered":"<h2>Arco Norte<\/h2>\n<h5>Jos\u00e9 Luis Monta\u00f1ez Aguilar<\/h5>\n<p>&nbsp;<\/p>\n<p><a href=\"http:\/\/www.diarioimagen.net\/?attachment_id=294410\" rel=\"attachment wp-att-294410\"><img loading=\"lazy\" decoding=\"async\" class=\"aligncenter size-large wp-image-294410\" src=\"http:\/\/www.diarioimagen.net\/wp-content\/uploads\/2016\/10\/arco-2978-460x307.jpg\" alt=\"arco-2978\" width=\"460\" height=\"307\" srcset=\"https:\/\/www.diarioimagen.net\/wp-content\/uploads\/2016\/10\/arco-2978-460x307.jpg 460w, https:\/\/www.diarioimagen.net\/wp-content\/uploads\/2016\/10\/arco-2978-240x160.jpg 240w, https:\/\/www.diarioimagen.net\/wp-content\/uploads\/2016\/10\/arco-2978.jpg 680w\" sizes=\"auto, (max-width: 460px) 100vw, 460px\" \/><\/a><\/p>\n<p>&nbsp;<\/p>\n<p>Eruviel \u00c1vila tom\u00f3 protesta a Erasto Mart\u00ednez como jefe de la Oficina de la Gubernatura del Estado de M\u00e9xico, \u00e1rea de nueva creaci\u00f3n en la administraci\u00f3n estatal, que no generar\u00e1 mayores gastos en su conformaci\u00f3n, y que gestionar\u00e1 las estrategias prioritarias del gobierno mexiquense, coordinar el apoyo t\u00e9cnico y monitorear los avances de la administraci\u00f3n, as\u00ed como ser el v\u00ednculo entre las instancias federales y los estados, adem\u00e1s de crear instrumentos para elaborar pol\u00edticas p\u00fablicas.<\/p>\n<p>El gobernador explic\u00f3 que el jefe de la Oficina de la Gubernatura tiene entre sus facultades el proporcionar al mandatario estatal los elementos necesarios para una adecuada toma de decisiones, elaboraci\u00f3n de instrumentos, dise\u00f1o de mecanismos, desarrollo de indicadores que sirvan para la planeaci\u00f3n y elaboraci\u00f3n de pol\u00edticas p\u00fablicas, as\u00ed como participar en la coordinaci\u00f3n y seguimiento de acciones que deriven de acuerdos de integrantes del gabinete.<\/p>\n<p style=\"text-align: center;\"><strong>Avanza 42% construcci\u00f3n de colector sur Lago de Guadalupe<\/strong><\/p>\n<p>La construcci\u00f3n de colector sur Lago de Guadalupe de Cuautitl\u00e1n Izcalli, registra un avance del 42%. Esta obra se sumar\u00e1 al colector existente del lado norte, con la finalidad de captar las descargas residuales que llegan sin ning\u00fan tratamiento a la presa. La obra, en la que se invirtieron 80.9 millones de pesos, tendr\u00e1 una longitud de 3 mil 600 metros y cuenta con los permisos correspondientes otorgados por la Comisi\u00f3n Nacional del Agua (Conagua), para realizar las acciones que permitan ir recuperando la limpieza de las aguas del embalse.<\/p>\n<p style=\"text-align: center;\"><strong>Inauguran en Edomex la quinta \u201cCasa de la Tierra\u201d<\/strong><\/p>\n<p>Los secretarios de Medio Ambiente, Ra\u00fal Vargas, y de Turismo, Rosalinda\u00a0 Ben\u00edtez, inauguraron el Centro de Educaci\u00f3n Ambiental y Cambio Clim\u00e1tico, mejor conocido como \u201cCasa de la Tierra\u201d, donde los asistentes son informados sobre el cambio clim\u00e1tico y las alternativas de soluci\u00f3n, con el fin de crear conciencia entre la poblaci\u00f3n sobre la preservaci\u00f3n del entorno.<\/p>\n<p>Con este centro son cinco los que se han construido en los municipios de Metepec, Atlacomulco, Valle de Bravo y Texcoco desde el 2011, los cuales est\u00e1n equipados con tecnolog\u00eda 3D que proyecta sobre una esfera im\u00e1genes inteligentes de la National Oceanic and Atmospheric Administration (NOAA), con lo cual se puede observar en tiempo real los fen\u00f3menos ambientales derivados de los factores clim\u00e1ticos, as\u00ed como la gravedad de sus impactos.<\/p>\n<p><em><a href=\"mailto:montanezaguilar@gmail.com\" target=\"_blank\">montanezaguilar@gmail.com<\/a><\/em><\/p>\n","protected":false},"excerpt":{"rendered":"<p><span style=\"color: #005497;\">Jos\u00e9 Luis Monta\u00f1ez Aguilar<\/span><br \/>\n<br \/>\nEruviel \u00c1vila tom\u00f3 protesta a Erasto Mart\u00ednez como jefe de la Oficina de la Gubernatura del Estado de M\u00e9xico, \u00e1rea de nueva creaci\u00f3n en la administraci\u00f3n estatal, que no generar\u00e1 mayores gastos en su conformaci\u00f3n, y que gestionar\u00e1 las estrategias prioritarias del gobierno mexiquense, coordinar el apoyo t\u00e9cnico y monitorear los avances de la administraci\u00f3n, as\u00ed como ser el v\u00ednculo entre las instancias federales y los estados, adem\u00e1s de crear instrumentos para elaborar pol\u00edticas p\u00fablicas.<\/p>\n","protected":false},"author":3,"featured_media":294410,"comment_status":"open","ping_status":"open","sticky":false,"template":"","format":"standard","meta":{"_monsterinsights_skip_tracking":false,"_monsterinsights_sitenote_active":false,"_monsterinsights_sitenote_note":"","_monsterinsights_sitenote_category":0,"footnotes":""},"categories":[5],"tags":[13284,43704,43674],"class_list":["post-294314","post","type-post","status-publish","format-standard","has-post-thumbnail","hentry","category-estado-de-mexico","tag-arco-norte","tag-jose-luis-montanez-aguilar","tag-opinion"],"_links":{"self":[{"href":"https:\/\/www.diarioimagen.net\/index.php?rest_route=\/wp\/v2\/posts\/294314","targetHints":{"allow":["GET"]}}],"collection":[{"href":"https:\/\/www.diarioimagen.net\/index.php?rest_route=\/wp\/v2\/posts"}],"about":[{"href":"https:\/\/www.diarioimagen.net\/index.php?rest_route=\/wp\/v2\/types\/post"}],"author":[{"embeddable":true,"href":"https:\/\/www.diarioimagen.net\/index.php?rest_route=\/wp\/v2\/users\/3"}],"replies":[{"embeddable":true,"href":"https:\/\/www.diarioimagen.net\/index.php?rest_route=%2Fwp%2Fv2%2Fcomments&post=294314"}],"version-history":[{"count":0,"href":"https:\/\/www.diarioimagen.net\/index.php?rest_route=\/wp\/v2\/posts\/294314\/revisions"}],"wp:featuredmedia":[{"embeddable":true,"href":"https:\/\/www.diarioimagen.net\/index.php?rest_route=\/wp\/v2\/media\/294410"}],"wp:attachment":[{"href":"https:\/\/www.diarioimagen.net\/index.php?rest_route=%2Fwp%2Fv2%2Fmedia&parent=294314"}],"wp:term":[{"taxonomy":"category","embeddable":true,"href":"https:\/\/www.diarioimagen.net\/index.php?rest_route=%2Fwp%2Fv2%2Fcategories&post=294314"},{"taxonomy":"post_tag","embeddable":true,"href":"https:\/\/www.diarioimagen.net\/index.php?rest_route=%2Fwp%2Fv2%2Ftags&post=294314"}],"curies":[{"name":"wp","href":"https:\/\/api.w.org\/{rel}","templated":true}]}}