{"id":294329,"date":"2016-10-19T00:09:57","date_gmt":"2016-10-19T05:09:57","guid":{"rendered":"http:\/\/www.diarioimagen.net\/?p=294329"},"modified":"2016-10-19T05:00:04","modified_gmt":"2016-10-19T10:00:04","slug":"detienen-a-dos-implicados-en-mutilaciones-en-jalisco","status":"publish","type":"post","link":"https:\/\/www.diarioimagen.net\/?p=294329","title":{"rendered":"Detienen a dos implicados en mutilaciones en Jalisco"},"content":{"rendered":"<ul>\n<li><strong><em>A seis les cortaron las manos; uno muri\u00f3<\/em><\/strong><\/li>\n<\/ul>\n<p>&nbsp;<\/p>\n<div id=\"attachment_294414\" style=\"width: 470px\" class=\"wp-caption aligncenter\"><a href=\"http:\/\/www.diarioimagen.net\/?attachment_id=294414\" rel=\"attachment wp-att-294414\"><img loading=\"lazy\" decoding=\"async\" aria-describedby=\"caption-attachment-294414\" class=\"size-large wp-image-294414\" src=\"http:\/\/www.diarioimagen.net\/wp-content\/uploads\/2016\/10\/MUTILADOS-2978-460x259.jpg\" alt=\"Todas las personas rescatadas con mutilaciones tienen antecedentes penales por robo, asalto y narcomenudeo, report\u00f3 la Fiscal\u00eda de Jalisco.\" width=\"460\" height=\"259\" srcset=\"https:\/\/www.diarioimagen.net\/wp-content\/uploads\/2016\/10\/MUTILADOS-2978-460x259.jpg 460w, https:\/\/www.diarioimagen.net\/wp-content\/uploads\/2016\/10\/MUTILADOS-2978-240x135.jpg 240w, https:\/\/www.diarioimagen.net\/wp-content\/uploads\/2016\/10\/MUTILADOS-2978-235x132.jpg 235w, https:\/\/www.diarioimagen.net\/wp-content\/uploads\/2016\/10\/MUTILADOS-2978-202x114.jpg 202w, https:\/\/www.diarioimagen.net\/wp-content\/uploads\/2016\/10\/MUTILADOS-2978-350x196.jpg 350w, https:\/\/www.diarioimagen.net\/wp-content\/uploads\/2016\/10\/MUTILADOS-2978-220x123.jpg 220w, https:\/\/www.diarioimagen.net\/wp-content\/uploads\/2016\/10\/MUTILADOS-2978-237x132.jpg 237w, https:\/\/www.diarioimagen.net\/wp-content\/uploads\/2016\/10\/MUTILADOS-2978.jpg 480w\" sizes=\"auto, (max-width: 460px) 100vw, 460px\" \/><\/a><p id=\"caption-attachment-294414\" class=\"wp-caption-text\">Todas las personas rescatadas con mutilaciones tienen antecedentes penales por robo, asalto y narcomenudeo, report\u00f3 la Fiscal\u00eda de Jalisco.<\/p><\/div>\n<p>&nbsp;<\/p>\n<p>El fiscal de Jalisco, Eduardo Almaguer Ram\u00edrez, inform\u00f3 la detenci\u00f3n de un hombre y una mujer, tras la localizaci\u00f3n de siete personas que fueron privadas de su libertad, de las cuales una estaba muerta.<\/p>\n<p>En rueda de prensa, el funcionario indic\u00f3 que a partir de las 18:00 horas del lunes hallaron a las siete personas, seis de ellas con las manos mutiladas y una fallecida, afuera de un sal\u00f3n de eventos ubicado en la colonia Solidaridad, del municipio de Tlaquepaque.<\/p>\n<p>Se\u00f1al\u00f3 que los hombres localizados ten\u00edan 24, 30, 33, 38 y 44 a\u00f1os, y una mujer, tambi\u00e9n de 44 a\u00f1os, quienes son atendidos de sus heridas, mientras que el fallecido ten\u00eda 39 a\u00f1os y era pareja de la lesionada.<\/p>\n<p>A\u00f1adi\u00f3 que todos ellos -los seis hombres y una mujer- fueron privados de su libertad alrededor del mediod\u00eda del pasado lunes en diferentes puntos de la zona metropolitana de Guadalajara.<\/p>\n<p>Detall\u00f3 que a partir de que se tuvo conocimiento de estos hechos, personal de la Fiscal\u00eda General de Jalisco y de la Fuerza \u00danica Metropolitana iniciaron la investigaci\u00f3n correspondiente.<\/p>\n<p>En las primera horas de ayer fue localizado un inmueble utilizado como casa de seguridad en el municipio de Tlaquepaque, donde fueron sacados dos de los hombres a quienes les fueron amputadas las manos.<\/p>\n<p>\u201cHasta el momento hay dos detenidos, un hombre y una mujer, y se tiene ubicado a quien encabeza esta c\u00e9lula delictiva que oper\u00f3\u201d, resalt\u00f3 el fiscal.<\/p>\n<p>Manifest\u00f3 que todas las personas localizadas \u201ccon estas heridas y el victimado tienen antecedentes penales por robo, asalto y narcomenudeo\u201d.<\/p>\n<p>Indic\u00f3 que se tiene conocimiento, de acuerdo con las indagatorias y diligencias, \u201cque esta acci\u00f3n se realiz\u00f3 toda vez que esta c\u00e9lula delictiva a la que pertenec\u00edan estas personas localizadas, no hab\u00edan pagado una droga que hab\u00edan distribuido\u201d.<\/p>\n<p>Para darles un escarmiento, a ellos y a otros criminales que se dedican a estas actividades, efectuaron estas acciones contra ellos, consider\u00f3 el funcionario.<\/p>\n<p>&nbsp;<\/p>\n","protected":false},"excerpt":{"rendered":"<p>El fiscal de Jalisco, Eduardo Almaguer Ram\u00edrez, inform\u00f3 la detenci\u00f3n de un hombre y una mujer, tras la localizaci\u00f3n de siete personas que fueron privadas de su libertad, de las cuales una estaba muerta.<\/p>\n","protected":false},"author":3,"featured_media":294414,"comment_status":"open","ping_status":"open","sticky":false,"template":"","format":"standard","meta":{"_monsterinsights_skip_tracking":false,"_monsterinsights_sitenote_active":false,"_monsterinsights_sitenote_note":"","_monsterinsights_sitenote_category":0,"footnotes":""},"categories":[7],"tags":[22095,43,43677],"class_list":["post-294329","post","type-post","status-publish","format-standard","has-post-thumbnail","hentry","category-seguridad","tag-implicados","tag-jalisco","tag-seguridad"],"_links":{"self":[{"href":"https:\/\/www.diarioimagen.net\/index.php?rest_route=\/wp\/v2\/posts\/294329","targetHints":{"allow":["GET"]}}],"collection":[{"href":"https:\/\/www.diarioimagen.net\/index.php?rest_route=\/wp\/v2\/posts"}],"about":[{"href":"https:\/\/www.diarioimagen.net\/index.php?rest_route=\/wp\/v2\/types\/post"}],"author":[{"embeddable":true,"href":"https:\/\/www.diarioimagen.net\/index.php?rest_route=\/wp\/v2\/users\/3"}],"replies":[{"embeddable":true,"href":"https:\/\/www.diarioimagen.net\/index.php?rest_route=%2Fwp%2Fv2%2Fcomments&post=294329"}],"version-history":[{"count":0,"href":"https:\/\/www.diarioimagen.net\/index.php?rest_route=\/wp\/v2\/posts\/294329\/revisions"}],"wp:featuredmedia":[{"embeddable":true,"href":"https:\/\/www.diarioimagen.net\/index.php?rest_route=\/wp\/v2\/media\/294414"}],"wp:attachment":[{"href":"https:\/\/www.diarioimagen.net\/index.php?rest_route=%2Fwp%2Fv2%2Fmedia&parent=294329"}],"wp:term":[{"taxonomy":"category","embeddable":true,"href":"https:\/\/www.diarioimagen.net\/index.php?rest_route=%2Fwp%2Fv2%2Fcategories&post=294329"},{"taxonomy":"post_tag","embeddable":true,"href":"https:\/\/www.diarioimagen.net\/index.php?rest_route=%2Fwp%2Fv2%2Ftags&post=294329"}],"curies":[{"name":"wp","href":"https:\/\/api.w.org\/{rel}","templated":true}]}}