{"id":294340,"date":"2016-10-19T00:07:18","date_gmt":"2016-10-19T05:07:18","guid":{"rendered":"http:\/\/www.diarioimagen.net\/?p=294340"},"modified":"2016-10-19T05:00:58","modified_gmt":"2016-10-19T10:00:58","slug":"apoya-dif-naucalpan-a-policias-con-lentes-y-estudios-auditivos","status":"publish","type":"post","link":"https:\/\/www.diarioimagen.net\/?p=294340","title":{"rendered":"Apoya DIF Naucalpan a polic\u00edas con lentes y estudios auditivos"},"content":{"rendered":"<ul>\n<li><strong><em>Se busca elevar calidad de vida<\/em><\/strong><\/li>\n<\/ul>\n<p>&nbsp;<\/p>\n<div id=\"attachment_294417\" style=\"width: 470px\" class=\"wp-caption aligncenter\"><a href=\"http:\/\/www.diarioimagen.net\/?attachment_id=294417\" rel=\"attachment wp-att-294417\"><img loading=\"lazy\" decoding=\"async\" aria-describedby=\"caption-attachment-294417\" class=\"size-large wp-image-294417\" src=\"http:\/\/www.diarioimagen.net\/wp-content\/uploads\/2016\/10\/NAUCALPAN-2978-460x259.jpg\" alt=\"Se les practicaron estudios auditivos a elementos de la Direcci\u00f3n General de Seguridad Ciudadana y Tr\u00e1nsito de Naucalpan.\" width=\"460\" height=\"259\" srcset=\"https:\/\/www.diarioimagen.net\/wp-content\/uploads\/2016\/10\/NAUCALPAN-2978-460x259.jpg 460w, https:\/\/www.diarioimagen.net\/wp-content\/uploads\/2016\/10\/NAUCALPAN-2978-240x135.jpg 240w, https:\/\/www.diarioimagen.net\/wp-content\/uploads\/2016\/10\/NAUCALPAN-2978-235x132.jpg 235w, https:\/\/www.diarioimagen.net\/wp-content\/uploads\/2016\/10\/NAUCALPAN-2978-202x114.jpg 202w, https:\/\/www.diarioimagen.net\/wp-content\/uploads\/2016\/10\/NAUCALPAN-2978-350x196.jpg 350w, https:\/\/www.diarioimagen.net\/wp-content\/uploads\/2016\/10\/NAUCALPAN-2978-220x123.jpg 220w, https:\/\/www.diarioimagen.net\/wp-content\/uploads\/2016\/10\/NAUCALPAN-2978-237x132.jpg 237w, https:\/\/www.diarioimagen.net\/wp-content\/uploads\/2016\/10\/NAUCALPAN-2978.jpg 480w\" sizes=\"auto, (max-width: 460px) 100vw, 460px\" \/><\/a><p id=\"caption-attachment-294417\" class=\"wp-caption-text\">Se les practicaron estudios auditivos a elementos de la Direcci\u00f3n General de Seguridad Ciudadana y Tr\u00e1nsito de Naucalpan.<\/p><\/div>\n<p>&nbsp;<\/p>\n<p><strong>Naucalpan, Estado de M\u00e9xico<\/strong>.- El Sistema para el Desarrollo Integral de la Familia -DIF- entreg\u00f3 lentes a elementos de la Direcci\u00f3n General de Seguridad Ciudadana y Tr\u00e1nsito, adem\u00e1s de practicarles estudios auditivos, con el objetivo de elevar su calidad de vida.<\/p>\n<p>A su vez, el edil, Edgar Armando Olvera Higuera, explic\u00f3 que en una primera etapa se hizo la entrega de 200 lentes, al tiempo que en los consultorios de la Direcci\u00f3n General de Seguridad Ciudadana y Tr\u00e1nsito se realizan estudios de optometr\u00eda, para que tanto los polic\u00edas como sus familias gocen de buena salud visual.<\/p>\n<p>Explic\u00f3 que con estos estudios, adem\u00e1s de detectar los problemas de visi\u00f3n que pudieran\u00a0 presentar los uniformados,\u00a0 tambi\u00e9n se atienden las afectaciones de audici\u00f3n por trauma ac\u00fastico, originado principalmente, por el martilleo de las armas de fuego.<\/p>\n<p>El comisario de Seguridad, Arturo Rodr\u00edguez Garc\u00eda, indic\u00f3\u00a0 que este tipo de apoyos son parte de las acciones emprendidas por esta administraci\u00f3n, que desde el 1 de enero se implementan para dignificar la labor de los polic\u00edas y el bienestar de sus familias.<\/p>\n<p>\u201cDe esta manera se apoya el aspecto de salud y econ\u00f3mico de los elementos, al ahorrarles gastos, en muchos casos necesarios, como son la adquisici\u00f3n de lentes o de aparatos auxiliares auditivos\u201d, coment\u00f3 el comisario.<\/p>\n<p>Dijo que a trav\u00e9s de jornadas m\u00e9dicas se realizan ex\u00e1menes auditivos, de manera gratuita por parte de la empresa Internacional Starkey, para los elementos de seguridad y sus familiares.<\/p>\n<p>El estudio, que incluye la exploraci\u00f3n y limpieza de o\u00eddos, indica el grado de audici\u00f3n y con base en los resultados obtenidos se determina la necesitad de alg\u00fan aparato auditivo o la aplicaci\u00f3n de alg\u00fan tratamiento espec\u00edfico.<\/p>\n<p>&nbsp;<\/p>\n","protected":false},"excerpt":{"rendered":"<p>El Sistema para el Desarrollo Integral de la Familia -DIF- entreg\u00f3 lentes a elementos de la Direcci\u00f3n General de Seguridad Ciudadana y Tr\u00e1nsito, adem\u00e1s de practicarles estudios auditivos, con el objetivo de elevar su calidad de vida.<\/p>\n","protected":false},"author":3,"featured_media":294417,"comment_status":"open","ping_status":"open","sticky":false,"template":"","format":"standard","meta":{"_monsterinsights_skip_tracking":false,"_monsterinsights_sitenote_active":false,"_monsterinsights_sitenote_note":"","_monsterinsights_sitenote_category":0,"footnotes":""},"categories":[35155],"tags":[2701,2954,43675,970,687],"class_list":["post-294340","post","type-post","status-publish","format-standard","has-post-thumbnail","hentry","category-estado-de-mexico-estado-de-mexico","tag-apoyo","tag-dif","tag-estado-de-mexico","tag-naucalpan","tag-policia"],"_links":{"self":[{"href":"https:\/\/www.diarioimagen.net\/index.php?rest_route=\/wp\/v2\/posts\/294340","targetHints":{"allow":["GET"]}}],"collection":[{"href":"https:\/\/www.diarioimagen.net\/index.php?rest_route=\/wp\/v2\/posts"}],"about":[{"href":"https:\/\/www.diarioimagen.net\/index.php?rest_route=\/wp\/v2\/types\/post"}],"author":[{"embeddable":true,"href":"https:\/\/www.diarioimagen.net\/index.php?rest_route=\/wp\/v2\/users\/3"}],"replies":[{"embeddable":true,"href":"https:\/\/www.diarioimagen.net\/index.php?rest_route=%2Fwp%2Fv2%2Fcomments&post=294340"}],"version-history":[{"count":0,"href":"https:\/\/www.diarioimagen.net\/index.php?rest_route=\/wp\/v2\/posts\/294340\/revisions"}],"wp:featuredmedia":[{"embeddable":true,"href":"https:\/\/www.diarioimagen.net\/index.php?rest_route=\/wp\/v2\/media\/294417"}],"wp:attachment":[{"href":"https:\/\/www.diarioimagen.net\/index.php?rest_route=%2Fwp%2Fv2%2Fmedia&parent=294340"}],"wp:term":[{"taxonomy":"category","embeddable":true,"href":"https:\/\/www.diarioimagen.net\/index.php?rest_route=%2Fwp%2Fv2%2Fcategories&post=294340"},{"taxonomy":"post_tag","embeddable":true,"href":"https:\/\/www.diarioimagen.net\/index.php?rest_route=%2Fwp%2Fv2%2Ftags&post=294340"}],"curies":[{"name":"wp","href":"https:\/\/api.w.org\/{rel}","templated":true}]}}