{"id":294342,"date":"2016-10-19T00:06:35","date_gmt":"2016-10-19T05:06:35","guid":{"rendered":"http:\/\/www.diarioimagen.net\/?p=294342"},"modified":"2016-10-19T05:01:59","modified_gmt":"2016-10-19T10:01:59","slug":"intensifica-metepec-los-trabajos-de-rehabilitacion-de-areas-verdes","status":"publish","type":"post","link":"https:\/\/www.diarioimagen.net\/?p=294342","title":{"rendered":"Intensifica Metepec los trabajos de rehabilitaci\u00f3n de \u00e1reas verdes"},"content":{"rendered":"<ul>\n<li><strong><em>Labor que llegar\u00e1 a todas las colonias<\/em><\/strong><\/li>\n<\/ul>\n<p>&nbsp;<\/p>\n<div id=\"attachment_294420\" style=\"width: 470px\" class=\"wp-caption aligncenter\"><a href=\"http:\/\/www.diarioimagen.net\/?attachment_id=294420\" rel=\"attachment wp-att-294420\"><img loading=\"lazy\" decoding=\"async\" aria-describedby=\"caption-attachment-294420\" class=\"size-large wp-image-294420\" src=\"http:\/\/www.diarioimagen.net\/wp-content\/uploads\/2016\/10\/METEPEC-2978-460x259.jpg\" alt=\"Brigadas de trabajadores limpiaron \u00e1reas de recreaci\u00f3n, esparcimiento y convivencia vecinal en varias colonias de Metepec.\" width=\"460\" height=\"259\" srcset=\"https:\/\/www.diarioimagen.net\/wp-content\/uploads\/2016\/10\/METEPEC-2978-460x259.jpg 460w, https:\/\/www.diarioimagen.net\/wp-content\/uploads\/2016\/10\/METEPEC-2978-240x135.jpg 240w, https:\/\/www.diarioimagen.net\/wp-content\/uploads\/2016\/10\/METEPEC-2978-235x132.jpg 235w, https:\/\/www.diarioimagen.net\/wp-content\/uploads\/2016\/10\/METEPEC-2978-202x114.jpg 202w, https:\/\/www.diarioimagen.net\/wp-content\/uploads\/2016\/10\/METEPEC-2978-350x196.jpg 350w, https:\/\/www.diarioimagen.net\/wp-content\/uploads\/2016\/10\/METEPEC-2978-220x123.jpg 220w, https:\/\/www.diarioimagen.net\/wp-content\/uploads\/2016\/10\/METEPEC-2978-237x132.jpg 237w, https:\/\/www.diarioimagen.net\/wp-content\/uploads\/2016\/10\/METEPEC-2978.jpg 480w\" sizes=\"auto, (max-width: 460px) 100vw, 460px\" \/><\/a><p id=\"caption-attachment-294420\" class=\"wp-caption-text\">Brigadas de trabajadores limpiaron \u00e1reas de recreaci\u00f3n, esparcimiento y convivencia vecinal en varias colonias de Metepec.<\/p><\/div>\n<p>&nbsp;<\/p>\n<p><strong>Metepec, Estado de M\u00e9xico<\/strong>.- Una vez concluida la temporada de lluvia que implic\u00f3 el crecimiento r\u00e1pido de hierba en \u00e1reas verdes, la Direcci\u00f3n de Servicios P\u00fablicos de Metepec, intensific\u00f3 los trabajos del programa permanente de atenci\u00f3n a espacios p\u00fablicos, consistente, entre otras acciones, en la rehabilitaci\u00f3n de parques, jardines y camellones de la demarcaci\u00f3n.<\/p>\n<p>En el fraccionamiento Rancho San Francisco, brigadas de trabajadores intervinieron las \u00e1reas de recreaci\u00f3n, esparcimiento y convivencia vecinal, con poda de \u00e1rboles y pasto, deshierbe, mantenimiento a las \u00e1reas de uso com\u00fan de la escuela secundaria Jos\u00e9 Mar\u00eda Luis Mora, los parques La Loma, Palomeque, Colosio, andador Gobernadores, entre otros.<\/p>\n<p>El titular de la dependencia municipal, Jos\u00e9 Luis Garc\u00eda Bustos, explic\u00f3 que los trabajos retomados en Rancho San Francisco, se extender\u00e1 paulatinamente a todas las colonias del municipio.<\/p>\n<p>Refiri\u00f3 que el fraccionamiento del Infonavit es donde se concentra el mayor n\u00famero de habitantes con una importante presencia de \u00e1reas para la gente, lo que motiv\u00f3 a su atenci\u00f3n prioritaria.<\/p>\n<p>De acuerdo con el alcalde David L\u00f3pez C\u00e1rdenas, preservar los espacios de convivencia dignos y funcionales, contribuye a mejorar el ambiente vecinal, genera cohesi\u00f3n social y promueve la ecolog\u00eda, adem\u00e1s, previene conductas antisociales y la existencia de fauna nociva.<\/p>\n<p>&nbsp;<\/p>\n","protected":false},"excerpt":{"rendered":"<p>Una vez concluida la temporada de lluvia que implic\u00f3 el crecimiento r\u00e1pido de hierba en \u00e1reas verdes, la Direcci\u00f3n de Servicios P\u00fablicos de Metepec, intensific\u00f3 los trabajos del programa permanente de atenci\u00f3n a espacios p\u00fablicos, consistente, entre otras acciones, en la rehabilitaci\u00f3n de parques, jardines y camellones de la demarcaci\u00f3n.<\/p>\n","protected":false},"author":3,"featured_media":294420,"comment_status":"open","ping_status":"open","sticky":false,"template":"","format":"standard","meta":{"_monsterinsights_skip_tracking":false,"_monsterinsights_sitenote_active":false,"_monsterinsights_sitenote_note":"","_monsterinsights_sitenote_category":0,"footnotes":""},"categories":[35155],"tags":[51282,43675,876],"class_list":["post-294342","post","type-post","status-publish","format-standard","has-post-thumbnail","hentry","category-estado-de-mexico-estado-de-mexico","tag-areas-verdes","tag-estado-de-mexico","tag-metepec"],"_links":{"self":[{"href":"https:\/\/www.diarioimagen.net\/index.php?rest_route=\/wp\/v2\/posts\/294342","targetHints":{"allow":["GET"]}}],"collection":[{"href":"https:\/\/www.diarioimagen.net\/index.php?rest_route=\/wp\/v2\/posts"}],"about":[{"href":"https:\/\/www.diarioimagen.net\/index.php?rest_route=\/wp\/v2\/types\/post"}],"author":[{"embeddable":true,"href":"https:\/\/www.diarioimagen.net\/index.php?rest_route=\/wp\/v2\/users\/3"}],"replies":[{"embeddable":true,"href":"https:\/\/www.diarioimagen.net\/index.php?rest_route=%2Fwp%2Fv2%2Fcomments&post=294342"}],"version-history":[{"count":0,"href":"https:\/\/www.diarioimagen.net\/index.php?rest_route=\/wp\/v2\/posts\/294342\/revisions"}],"wp:featuredmedia":[{"embeddable":true,"href":"https:\/\/www.diarioimagen.net\/index.php?rest_route=\/wp\/v2\/media\/294420"}],"wp:attachment":[{"href":"https:\/\/www.diarioimagen.net\/index.php?rest_route=%2Fwp%2Fv2%2Fmedia&parent=294342"}],"wp:term":[{"taxonomy":"category","embeddable":true,"href":"https:\/\/www.diarioimagen.net\/index.php?rest_route=%2Fwp%2Fv2%2Fcategories&post=294342"},{"taxonomy":"post_tag","embeddable":true,"href":"https:\/\/www.diarioimagen.net\/index.php?rest_route=%2Fwp%2Fv2%2Ftags&post=294342"}],"curies":[{"name":"wp","href":"https:\/\/api.w.org\/{rel}","templated":true}]}}