{"id":294346,"date":"2016-10-19T00:04:02","date_gmt":"2016-10-19T05:04:02","guid":{"rendered":"http:\/\/www.diarioimagen.net\/?p=294346"},"modified":"2016-10-19T05:05:39","modified_gmt":"2016-10-19T10:05:39","slug":"convenio-para-formalizar-grupos-tacticos-operativos-en-tultitlan","status":"publish","type":"post","link":"https:\/\/www.diarioimagen.net\/?p=294346","title":{"rendered":"Convenio para formalizar Grupos T\u00e1cticos Operativos en Tultitl\u00e1n"},"content":{"rendered":"<ul>\n<li><strong><em>Acuerdo de la PGJEM-Tultitl\u00e1n y Nezahualc\u00f3yotl<\/em><\/strong><\/li>\n<\/ul>\n<p>&nbsp;<\/p>\n<div id=\"attachment_294426\" style=\"width: 470px\" class=\"wp-caption aligncenter\"><a href=\"http:\/\/www.diarioimagen.net\/?attachment_id=294426\" rel=\"attachment wp-att-294426\"><img loading=\"lazy\" decoding=\"async\" aria-describedby=\"caption-attachment-294426\" class=\"size-large wp-image-294426\" src=\"http:\/\/www.diarioimagen.net\/wp-content\/uploads\/2016\/10\/TULTITLAN-2978-460x259.jpg\" alt=\"El procurador Alejandro G\u00f3mez S\u00e1nchez encabez\u00f3 la firma de convenios de colaboraci\u00f3n con los alcaldes de Tultitl\u00e1n y Nezahualc\u00f3yotl.\" width=\"460\" height=\"259\" srcset=\"https:\/\/www.diarioimagen.net\/wp-content\/uploads\/2016\/10\/TULTITLAN-2978-460x259.jpg 460w, https:\/\/www.diarioimagen.net\/wp-content\/uploads\/2016\/10\/TULTITLAN-2978-240x135.jpg 240w, https:\/\/www.diarioimagen.net\/wp-content\/uploads\/2016\/10\/TULTITLAN-2978-235x132.jpg 235w, https:\/\/www.diarioimagen.net\/wp-content\/uploads\/2016\/10\/TULTITLAN-2978-202x114.jpg 202w, https:\/\/www.diarioimagen.net\/wp-content\/uploads\/2016\/10\/TULTITLAN-2978-350x196.jpg 350w, https:\/\/www.diarioimagen.net\/wp-content\/uploads\/2016\/10\/TULTITLAN-2978-220x123.jpg 220w, https:\/\/www.diarioimagen.net\/wp-content\/uploads\/2016\/10\/TULTITLAN-2978-237x132.jpg 237w, https:\/\/www.diarioimagen.net\/wp-content\/uploads\/2016\/10\/TULTITLAN-2978.jpg 480w\" sizes=\"auto, (max-width: 460px) 100vw, 460px\" \/><\/a><p id=\"caption-attachment-294426\" class=\"wp-caption-text\">El procurador Alejandro G\u00f3mez S\u00e1nchez encabez\u00f3 la firma de convenios de colaboraci\u00f3n con los alcaldes de Tultitl\u00e1n y Nezahualc\u00f3yotl.<\/p><\/div>\n<p>&nbsp;<\/p>\n<p><strong>Tultitl\u00e1n, Estado de M\u00e9xico<\/strong>.- El titular de la Procuradur\u00eda General de Justicia del Estado de M\u00e9xico (PGJEM), Alejandro G\u00f3mez S\u00e1nchez, encabez\u00f3 la firma de convenios de colaboraci\u00f3n con los alcaldes de Tultitl\u00e1n y Nezahualc\u00f3yotl, para sentar las bases de operatividad de los Grupos T\u00e1cticos Operativos (GTO) derivado de la estrategia del gobierno para reforzar la seguridad en 50 municipios del pa\u00eds.<\/p>\n<p>Ante los alcaldes de Tultitl\u00e1n, Jorge Ad\u00e1n Barr\u00f3n Elizalde, y de Nezahualc\u00f3yotl, Juan Hugo de la Rosa, el procurador de Justicia estatal exhort\u00f3 a las autoridades de los tres \u00f3rdenes de gobierno a sumar esfuerzos y a trabajar de manera coordinada para abatir la incidencia delictiva, privilegiando el intercambio de informaci\u00f3n para generar productos de inteligencia que sean exitosos; operatividad, dijo, que no se puede ver mermada por colores ni tintes partidistas.<\/p>\n<p>\u201cTodo lo que sean las instancias de seguridad y justicia, tenemos que estar por encima de conflictos de car\u00e1cter pre electoral o electoral o poselectoral, por supuesto que habr\u00e1 una fiscal\u00eda en materia de delitos electorales que atender\u00e1 de manera rigurosa los temas de delitos electorales en los t\u00e9rminos de la ley con su propia polic\u00eda, pero nuestra operatividad no se puede ver mermada por los temas de car\u00e1cter electoral, y por el contrario tenemos que estar por encima de ellos. Que no nos detengan los colores ni los tintes partidistas de ninguna manera\u201d, asever\u00f3 G\u00f3mez S\u00e1nchez.<\/p>\n<p>A la firma de convenio asistieron representantes de la Secretar\u00eda de la Defensa Nacional (Sedena), de la Secretar\u00eda de Marina (Semar), de las Bases de Operaciones Mixtas (BOM), del Centro de Investigaci\u00f3n y Seguridad Nacional (CISEN), de la Polic\u00eda Federal (PF) y de la Comisi\u00f3n Estatal de Seguridad Ciudadana (CES), adem\u00e1s de los directores de Seguridad P\u00fablica Municipales, quienes externaron su disposici\u00f3n por trabajar de manera coordinada para responder a la principal demanda de la gente, que es vivir con m\u00e1s seguridad.<\/p>\n<p>El titular de la PGJEM, Alejandro G\u00f3mez S\u00e1nchez, hizo hincapi\u00e9 que esta suma de esfuerzos por parte de autoridades federales, estatales y municipales se est\u00e1 dando en el mejor momento porque se cuenta con la fuerza de todas las corporaciones para cumplir con la misi\u00f3n de cambiar la percepci\u00f3n de inseguridad, ganar la confianza ciudadana y captar las denuncias de la poblaci\u00f3n para actuar.<\/p>\n<p>&nbsp;<\/p>\n","protected":false},"excerpt":{"rendered":"<p>El titular de la Procuradur\u00eda General de Justicia del Estado de M\u00e9xico (PGJEM), Alejandro G\u00f3mez S\u00e1nchez, encabez\u00f3 la firma de convenios de colaboraci\u00f3n con los alcaldes de Tultitl\u00e1n y Nezahualc\u00f3yotl, para sentar las bases de operatividad de los Grupos T\u00e1cticos Operativos (GTO) derivado de la estrategia del gobierno para reforzar la seguridad en 50 municipios del pa\u00eds.<\/p>\n","protected":false},"author":3,"featured_media":294426,"comment_status":"open","ping_status":"open","sticky":false,"template":"","format":"standard","meta":{"_monsterinsights_skip_tracking":false,"_monsterinsights_sitenote_active":false,"_monsterinsights_sitenote_note":"","_monsterinsights_sitenote_category":0,"footnotes":""},"categories":[35155],"tags":[46371,43675,53816,578],"class_list":["post-294346","post","type-post","status-publish","format-standard","has-post-thumbnail","hentry","category-estado-de-mexico-estado-de-mexico","tag-acuerdo","tag-estado-de-mexico","tag-grupos-tacticos-operativos","tag-tultitlan"],"_links":{"self":[{"href":"https:\/\/www.diarioimagen.net\/index.php?rest_route=\/wp\/v2\/posts\/294346","targetHints":{"allow":["GET"]}}],"collection":[{"href":"https:\/\/www.diarioimagen.net\/index.php?rest_route=\/wp\/v2\/posts"}],"about":[{"href":"https:\/\/www.diarioimagen.net\/index.php?rest_route=\/wp\/v2\/types\/post"}],"author":[{"embeddable":true,"href":"https:\/\/www.diarioimagen.net\/index.php?rest_route=\/wp\/v2\/users\/3"}],"replies":[{"embeddable":true,"href":"https:\/\/www.diarioimagen.net\/index.php?rest_route=%2Fwp%2Fv2%2Fcomments&post=294346"}],"version-history":[{"count":0,"href":"https:\/\/www.diarioimagen.net\/index.php?rest_route=\/wp\/v2\/posts\/294346\/revisions"}],"wp:featuredmedia":[{"embeddable":true,"href":"https:\/\/www.diarioimagen.net\/index.php?rest_route=\/wp\/v2\/media\/294426"}],"wp:attachment":[{"href":"https:\/\/www.diarioimagen.net\/index.php?rest_route=%2Fwp%2Fv2%2Fmedia&parent=294346"}],"wp:term":[{"taxonomy":"category","embeddable":true,"href":"https:\/\/www.diarioimagen.net\/index.php?rest_route=%2Fwp%2Fv2%2Fcategories&post=294346"},{"taxonomy":"post_tag","embeddable":true,"href":"https:\/\/www.diarioimagen.net\/index.php?rest_route=%2Fwp%2Fv2%2Ftags&post=294346"}],"curies":[{"name":"wp","href":"https:\/\/api.w.org\/{rel}","templated":true}]}}