{"id":294348,"date":"2016-10-19T00:03:31","date_gmt":"2016-10-19T05:03:31","guid":{"rendered":"http:\/\/www.diarioimagen.net\/?p=294348"},"modified":"2016-10-19T05:06:43","modified_gmt":"2016-10-19T10:06:43","slug":"tlalnepantla-busca-propuestas-para-el-uso-de-energias-limpias","status":"publish","type":"post","link":"https:\/\/www.diarioimagen.net\/?p=294348","title":{"rendered":"Tlalnepantla busca propuestas para el uso de energ\u00edas limpias"},"content":{"rendered":"<ul>\n<li><strong><em>Con foro ambiental<\/em><\/strong><\/li>\n<\/ul>\n<p>&nbsp;<\/p>\n<div id=\"attachment_294429\" style=\"width: 470px\" class=\"wp-caption aligncenter\"><a href=\"http:\/\/www.diarioimagen.net\/?attachment_id=294429\" rel=\"attachment wp-att-294429\"><img loading=\"lazy\" decoding=\"async\" aria-describedby=\"caption-attachment-294429\" class=\"size-large wp-image-294429\" src=\"http:\/\/www.diarioimagen.net\/wp-content\/uploads\/2016\/10\/TLALNEPANTLA-2978-460x259.jpg\" alt=\"La alcaldesa, Denisse Ugalde Alegr\u00eda, inaugur\u00f3 el Foro Ambiental \u201cEn Tlalnepantla el Futuro Empez\u00f3 Ya\u201d.\" width=\"460\" height=\"259\" srcset=\"https:\/\/www.diarioimagen.net\/wp-content\/uploads\/2016\/10\/TLALNEPANTLA-2978-460x259.jpg 460w, https:\/\/www.diarioimagen.net\/wp-content\/uploads\/2016\/10\/TLALNEPANTLA-2978-240x135.jpg 240w, https:\/\/www.diarioimagen.net\/wp-content\/uploads\/2016\/10\/TLALNEPANTLA-2978-235x132.jpg 235w, https:\/\/www.diarioimagen.net\/wp-content\/uploads\/2016\/10\/TLALNEPANTLA-2978-202x114.jpg 202w, https:\/\/www.diarioimagen.net\/wp-content\/uploads\/2016\/10\/TLALNEPANTLA-2978-350x196.jpg 350w, https:\/\/www.diarioimagen.net\/wp-content\/uploads\/2016\/10\/TLALNEPANTLA-2978-220x123.jpg 220w, https:\/\/www.diarioimagen.net\/wp-content\/uploads\/2016\/10\/TLALNEPANTLA-2978-237x132.jpg 237w, https:\/\/www.diarioimagen.net\/wp-content\/uploads\/2016\/10\/TLALNEPANTLA-2978.jpg 480w\" sizes=\"auto, (max-width: 460px) 100vw, 460px\" \/><\/a><p id=\"caption-attachment-294429\" class=\"wp-caption-text\">La alcaldesa, Denisse Ugalde Alegr\u00eda, inaugur\u00f3 el Foro Ambiental \u201cEn Tlalnepantla el Futuro Empez\u00f3 Ya\u201d.<\/p><\/div>\n<p>&nbsp;<\/p>\n<p><strong>Tlalnepantla, Estado de M\u00e9xico<\/strong>.- Al afirmar que \u201cel cuidado del medio ambiente no tiene fronteras y en el tema todos tenemos una participaci\u00f3n activa\u201d, la alcaldesa Denisse Ugalde Alegr\u00eda inaugur\u00f3 el Foro Ambiental \u201cEn Tlalnepantla el Futuro Empez\u00f3 Ya\u201d, cuyo objetivo es promover la educaci\u00f3n orientada al desarrollo sustentable y sostenible y lograr que las personas sean sensibles a los problemas ambientales.<\/p>\n<p>Ante Alejandro Franco Vera, procurador de Protecci\u00f3n al Ambiente del Estado de M\u00e9xico, \u00a0empresarios, industriales, estudiantes y ciudadan\u00eda en general, Ugalde Alegr\u00eda destac\u00f3 que las aportaciones que los expertos formulen durante estos dos d\u00edas de foro, permitir\u00e1n sentar las bases para la elaboraci\u00f3n del Plan Energ\u00e9tico Municipal.<\/p>\n<p>\u201cDicho plan debe orientarse al uso y aprovechamiento de energ\u00edas sustentables y as\u00ed comprender las causas, consecuencias y soluciones del pasivo ambiental que enfrentamos\u201d.<\/p>\n<p>Puntualiz\u00f3 que a trav\u00e9s de las propuestas de empresas y especialistas, se prev\u00e9 encontrar soluciones pr\u00e1cticas, realistas y de fondo a los problemas relacionados con la protecci\u00f3n del medio ambiente, el uso de la energ\u00eda y la prevenci\u00f3n del cambio clim\u00e1tico, a fin de fomentar el desarrollo sustentable.<\/p>\n<p>Exhort\u00f3 a los tlalnepantlenses para que participen, \u201cya que sus ideas fortalecer\u00e1n la visi\u00f3n con la que contamos en la administraci\u00f3n 2016-2018 e impulsar\u00e1 el dise\u00f1o de las pol\u00edticas p\u00fablicas que habr\u00e1n de implementarse\u201d, dijo la edil.<\/p>\n<p>Agradeci\u00f3 a las empresas del sector energ\u00e9tico exponer alternativas de soluci\u00f3n, pues sus aportaciones ayudar\u00e1n a tener resultados concretos y tomar la determinaci\u00f3n sobre la manera en que se pueden aprovechar los recursos s\u00f3lidos y a partir de ello generar energ\u00eda el\u00e9ctrica para el municipio.<\/p>\n<p>&nbsp;<\/p>\n","protected":false},"excerpt":{"rendered":"<p>Al afirmar que \u201cel cuidado del medio ambiente no tiene fronteras y en el tema todos tenemos una participaci\u00f3n activa\u201d, la alcaldesa Denisse Ugalde Alegr\u00eda inaugur\u00f3 el Foro Ambiental \u201cEn Tlalnepantla el Futuro Empez\u00f3 Ya\u201d, cuyo objetivo es promover la educaci\u00f3n orientada al desarrollo sustentable y sostenible y lograr que las personas sean sensibles a los problemas ambientales.<\/p>\n","protected":false},"author":3,"featured_media":294429,"comment_status":"open","ping_status":"open","sticky":false,"template":"","format":"standard","meta":{"_monsterinsights_skip_tracking":false,"_monsterinsights_sitenote_active":false,"_monsterinsights_sitenote_note":"","_monsterinsights_sitenote_category":0,"footnotes":""},"categories":[35155],"tags":[45490,43675,169],"class_list":["post-294348","post","type-post","status-publish","format-standard","has-post-thumbnail","hentry","category-estado-de-mexico-estado-de-mexico","tag-denisse-ugalde-alegria","tag-estado-de-mexico","tag-tlalnepantla"],"_links":{"self":[{"href":"https:\/\/www.diarioimagen.net\/index.php?rest_route=\/wp\/v2\/posts\/294348","targetHints":{"allow":["GET"]}}],"collection":[{"href":"https:\/\/www.diarioimagen.net\/index.php?rest_route=\/wp\/v2\/posts"}],"about":[{"href":"https:\/\/www.diarioimagen.net\/index.php?rest_route=\/wp\/v2\/types\/post"}],"author":[{"embeddable":true,"href":"https:\/\/www.diarioimagen.net\/index.php?rest_route=\/wp\/v2\/users\/3"}],"replies":[{"embeddable":true,"href":"https:\/\/www.diarioimagen.net\/index.php?rest_route=%2Fwp%2Fv2%2Fcomments&post=294348"}],"version-history":[{"count":0,"href":"https:\/\/www.diarioimagen.net\/index.php?rest_route=\/wp\/v2\/posts\/294348\/revisions"}],"wp:featuredmedia":[{"embeddable":true,"href":"https:\/\/www.diarioimagen.net\/index.php?rest_route=\/wp\/v2\/media\/294429"}],"wp:attachment":[{"href":"https:\/\/www.diarioimagen.net\/index.php?rest_route=%2Fwp%2Fv2%2Fmedia&parent=294348"}],"wp:term":[{"taxonomy":"category","embeddable":true,"href":"https:\/\/www.diarioimagen.net\/index.php?rest_route=%2Fwp%2Fv2%2Fcategories&post=294348"},{"taxonomy":"post_tag","embeddable":true,"href":"https:\/\/www.diarioimagen.net\/index.php?rest_route=%2Fwp%2Fv2%2Ftags&post=294348"}],"curies":[{"name":"wp","href":"https:\/\/api.w.org\/{rel}","templated":true}]}}