{"id":294477,"date":"2016-10-19T14:41:58","date_gmt":"2016-10-19T19:41:58","guid":{"rendered":"http:\/\/www.diarioimagen.net\/?p=294477"},"modified":"2016-11-28T03:48:49","modified_gmt":"2016-11-28T09:48:49","slug":"la-derecha-radical-busca-recuperar-privilegios-advierte-nuno","status":"publish","type":"post","link":"https:\/\/www.diarioimagen.net\/?p=294477","title":{"rendered":"La derecha radical busca recuperar privilegios, advierte Nu\u00f1o"},"content":{"rendered":"<ul>\n<li><em><strong>Ataques populistas y demagogos <\/strong><\/em><\/li>\n<\/ul>\n<p>&nbsp;<\/p>\n<div id=\"attachment_294478\" style=\"width: 470px\" class=\"wp-caption aligncenter\"><a href=\"http:\/\/www.diarioimagen.net\/?attachment_id=294478\" rel=\"attachment wp-att-294478\"><img loading=\"lazy\" decoding=\"async\" aria-describedby=\"caption-attachment-294478\" class=\"size-large wp-image-294478\" src=\"http:\/\/www.diarioimagen.net\/wp-content\/uploads\/2016\/10\/NU\u00d1O20-portal-460x268.jpg\" alt=\"Aurelio Nu\u00f1o afirm\u00f3 que el pa\u00eds enfrenta ataques populistas y demagogos de expresiones radicales tanto de izquierda como derecha.\" width=\"460\" height=\"268\" srcset=\"https:\/\/www.diarioimagen.net\/wp-content\/uploads\/2016\/10\/NU\u00d1O20-portal-460x268.jpg 460w, https:\/\/www.diarioimagen.net\/wp-content\/uploads\/2016\/10\/NU\u00d1O20-portal-240x140.jpg 240w, https:\/\/www.diarioimagen.net\/wp-content\/uploads\/2016\/10\/NU\u00d1O20-portal.jpg 480w\" sizes=\"auto, (max-width: 460px) 100vw, 460px\" \/><\/a><p id=\"caption-attachment-294478\" class=\"wp-caption-text\">Aurelio Nu\u00f1o afirm\u00f3 que el pa\u00eds enfrenta ataques populistas y demagogos de expresiones radicales tanto de izquierda como derecha.<\/p><\/div>\n<p>&nbsp;<\/p>\n<p>Al igual que en tiempo de Plutarco El\u00edas Calles, hoy el pa\u00eds enfrenta \u201cataques populistas y demagogos de expresiones radicales tanto de izquierda como derecha\u201d, advierte el titular de Educaci\u00f3n, Aurelio Nu\u00f1o Mayer.<\/p>\n<p>Advirti\u00f3 que la derecha radical busca recuperar privilegios perdidos y sobreponer intereses particulares al bien com\u00fan, de la misma manera la izquierda radical busca destruir el trabajo que tanto trabajo nos ha costado construir a todos como naci\u00f3n\u201d.<\/p>\n<p>Como orador principal en la conmemoraci\u00f3n del 71 aniversario luctuoso de El\u00edas Calles, en el Monumento a la Revoluci\u00f3n, llam\u00f3 a que como en los tiempos de ese pol\u00edtico sonorense, la respuesta a esos embates debe ser la unidad nacional y la reconciliaci\u00f3n entre los mexicanos.<\/p>\n<p>Esa nueva pedagog\u00eda permitir\u00eda al pa\u00eds avanzar hacia una democracia de calidad y a la ciudadan\u00eda sentirse incluida en los terrenos econ\u00f3mico y social.<\/p>\n<p>Record\u00f3 que en su famoso Cuarto Informe de Gobierno, El\u00edas Calles advirti\u00f3 sobre la amenaza que existe cuando los caudillos se imponen a las instituciones.<\/p>\n<p>Reconoci\u00f3 al ex mandatario como un pol\u00edtico eficaz y realista, prudente pero audaz. \u201cFue un pol\u00edtico responsable que supo que lo importante no era la popularidad, si no la construcci\u00f3n de un nuevo Estado para alcanzar la paz, la estabilidad y el desarrollo\u201d.<\/p>\n<p>Ahora el gobierno de Enrique Pe\u00f1a Nieto se ha enfrentado al reto de reconstruir el Estado mexicano, tras el extrav\u00edo que sufri\u00f3 despu\u00e9s de la primera transici\u00f3n democr\u00e1tica, cuando fue cooptado por poderes f\u00e1cticos e intereses ajenos al bien com\u00fan.<\/p>\n","protected":false},"excerpt":{"rendered":"<p>Al igual que en tiempo de Plutarco El\u00edas Calles, hoy el pa\u00eds enfrenta \u201cataques populistas y demagogos de expresiones radicales tanto de izquierda como derecha\u201d, advierte el titular de Educaci\u00f3n, Aurelio Nu\u00f1o Mayer.<\/p>\n","protected":false},"author":5,"featured_media":294478,"comment_status":"open","ping_status":"open","sticky":false,"template":"","format":"standard","meta":{"_monsterinsights_skip_tracking":false,"_monsterinsights_sitenote_active":false,"_monsterinsights_sitenote_note":"","_monsterinsights_sitenote_category":0,"footnotes":""},"categories":[1295],"tags":[30144,1069],"class_list":["post-294477","post","type-post","status-publish","format-standard","has-post-thumbnail","hentry","category-educacion","tag-aurelio-nuno-mayer","tag-plutarco-elias-calles"],"_links":{"self":[{"href":"https:\/\/www.diarioimagen.net\/index.php?rest_route=\/wp\/v2\/posts\/294477","targetHints":{"allow":["GET"]}}],"collection":[{"href":"https:\/\/www.diarioimagen.net\/index.php?rest_route=\/wp\/v2\/posts"}],"about":[{"href":"https:\/\/www.diarioimagen.net\/index.php?rest_route=\/wp\/v2\/types\/post"}],"author":[{"embeddable":true,"href":"https:\/\/www.diarioimagen.net\/index.php?rest_route=\/wp\/v2\/users\/5"}],"replies":[{"embeddable":true,"href":"https:\/\/www.diarioimagen.net\/index.php?rest_route=%2Fwp%2Fv2%2Fcomments&post=294477"}],"version-history":[{"count":0,"href":"https:\/\/www.diarioimagen.net\/index.php?rest_route=\/wp\/v2\/posts\/294477\/revisions"}],"wp:featuredmedia":[{"embeddable":true,"href":"https:\/\/www.diarioimagen.net\/index.php?rest_route=\/wp\/v2\/media\/294478"}],"wp:attachment":[{"href":"https:\/\/www.diarioimagen.net\/index.php?rest_route=%2Fwp%2Fv2%2Fmedia&parent=294477"}],"wp:term":[{"taxonomy":"category","embeddable":true,"href":"https:\/\/www.diarioimagen.net\/index.php?rest_route=%2Fwp%2Fv2%2Fcategories&post=294477"},{"taxonomy":"post_tag","embeddable":true,"href":"https:\/\/www.diarioimagen.net\/index.php?rest_route=%2Fwp%2Fv2%2Ftags&post=294477"}],"curies":[{"name":"wp","href":"https:\/\/api.w.org\/{rel}","templated":true}]}}