{"id":294486,"date":"2016-10-19T17:00:40","date_gmt":"2016-10-19T22:00:40","guid":{"rendered":"http:\/\/www.diarioimagen.net\/?p=294486"},"modified":"2016-10-21T00:20:27","modified_gmt":"2016-10-21T05:20:27","slug":"trasladan-relampagos-a-mujer-con-traumatismo-craneoencefalico","status":"publish","type":"post","link":"https:\/\/www.diarioimagen.net\/?p=294486","title":{"rendered":"Trasladan \u201cRel\u00e1mpagos\u201d a mujer con traumatismo craneoencef\u00e1lico"},"content":{"rendered":"<ul>\n<li><em><strong>Del Hospital de Zumpango al Centro M\u00e9dico ISSEMyM-Toluca<\/strong><\/em><\/li>\n<\/ul>\n<p>&nbsp;<\/p>\n<div id=\"attachment_294487\" style=\"width: 470px\" class=\"wp-caption aligncenter\"><a href=\"http:\/\/www.diarioimagen.net\/?attachment_id=294487\" rel=\"attachment wp-att-294487\"><img loading=\"lazy\" decoding=\"async\" aria-describedby=\"caption-attachment-294487\" class=\"size-large wp-image-294487\" src=\"http:\/\/www.diarioimagen.net\/wp-content\/uploads\/2016\/10\/RELAMPAGOS20-portal-460x268.jpg\" alt=\"La operaci\u00f3n se realiz\u00f3 a bordo del helic\u00f3ptero de Rescate 2, a cargo del capit\u00e1n \u00c1lvaro Michel y el param\u00e9dico H\u00e9ctor Vargas.\" width=\"460\" height=\"268\" srcset=\"https:\/\/www.diarioimagen.net\/wp-content\/uploads\/2016\/10\/RELAMPAGOS20-portal-460x268.jpg 460w, https:\/\/www.diarioimagen.net\/wp-content\/uploads\/2016\/10\/RELAMPAGOS20-portal-240x140.jpg 240w, https:\/\/www.diarioimagen.net\/wp-content\/uploads\/2016\/10\/RELAMPAGOS20-portal.jpg 480w\" sizes=\"auto, (max-width: 460px) 100vw, 460px\" \/><\/a><p id=\"caption-attachment-294487\" class=\"wp-caption-text\">La operaci\u00f3n se realiz\u00f3 a bordo del helic\u00f3ptero de Rescate 2, a cargo del capit\u00e1n \u00c1lvaro Michel y el param\u00e9dico H\u00e9ctor Vargas.<\/p><\/div>\n<p>&nbsp;<\/p>\n<p><strong>Toluca, Estado de M\u00e9xico<\/strong>&#8211; La Unidad de Rescate A\u00e9reo Rel\u00e1mpagos traslad\u00f3 a una mujer de 60 a\u00f1os de edad con traumatismo craneoencef\u00e1lico severo, del Hospital Regional de Alta Especialidad de Zumpango al Centro M\u00e9dico ISSEMyM de Toluca.<\/p>\n<p>El param\u00e9dico rescatista H\u00e9ctor Vargas coment\u00f3 que la mujer cay\u00f3 de un segundo piso, por lo que sufri\u00f3 lesiones de consideraci\u00f3n en la cabeza que requer\u00edan atenci\u00f3n inmediata por especialistas en neurocirug\u00eda.<\/p>\n<p>La operaci\u00f3n de traslado se realiz\u00f3 a bordo del helic\u00f3ptero de Rescate 2 con matr\u00edcula XC-MMP, a cargo del capit\u00e1n \u00c1lvaro Michel y el param\u00e9dico H\u00e9ctor Vargas, quienes estregaron a la paciente estable en el hospital de la capital mexiquense.<\/p>\n<p>En lo que va del a\u00f1o, la Unidad de Rescate A\u00e9reo ha realizado 531 ambulancias a\u00e9reas, 76 c\u00f3digos mater, 54 traslados de \u00f3rganos y plasmas de sangre, 27 traslados de reci\u00e9n nacidos en incubadora, 21 rescates con gr\u00faa, 18 apoyos a incendios forestales, 10 operaciones policiacas y traslado de personas intoxicadas, as\u00ed como cuatro apoyos a la poblaci\u00f3n en desastres naturales y con equipo de visi\u00f3n nocturna.<\/p>\n","protected":false},"excerpt":{"rendered":"<p>La Unidad de Rescate A\u00e9reo Rel\u00e1mpagos traslad\u00f3 a una mujer de 60 a\u00f1os de edad con traumatismo craneoencef\u00e1lico severo, del Hospital Regional de Alta Especialidad de Zumpango al Centro M\u00e9dico ISSEMyM de Toluca.<\/p>\n","protected":false},"author":5,"featured_media":294487,"comment_status":"open","ping_status":"open","sticky":false,"template":"","format":"standard","meta":{"_monsterinsights_skip_tracking":false,"_monsterinsights_sitenote_active":false,"_monsterinsights_sitenote_note":"","_monsterinsights_sitenote_category":0,"footnotes":""},"categories":[35155],"tags":[43675,42775,452,446],"class_list":["post-294486","post","type-post","status-publish","format-standard","has-post-thumbnail","hentry","category-estado-de-mexico-estado-de-mexico","tag-estado-de-mexico","tag-relampagos","tag-toluca","tag-zumpango"],"_links":{"self":[{"href":"https:\/\/www.diarioimagen.net\/index.php?rest_route=\/wp\/v2\/posts\/294486","targetHints":{"allow":["GET"]}}],"collection":[{"href":"https:\/\/www.diarioimagen.net\/index.php?rest_route=\/wp\/v2\/posts"}],"about":[{"href":"https:\/\/www.diarioimagen.net\/index.php?rest_route=\/wp\/v2\/types\/post"}],"author":[{"embeddable":true,"href":"https:\/\/www.diarioimagen.net\/index.php?rest_route=\/wp\/v2\/users\/5"}],"replies":[{"embeddable":true,"href":"https:\/\/www.diarioimagen.net\/index.php?rest_route=%2Fwp%2Fv2%2Fcomments&post=294486"}],"version-history":[{"count":0,"href":"https:\/\/www.diarioimagen.net\/index.php?rest_route=\/wp\/v2\/posts\/294486\/revisions"}],"wp:featuredmedia":[{"embeddable":true,"href":"https:\/\/www.diarioimagen.net\/index.php?rest_route=\/wp\/v2\/media\/294487"}],"wp:attachment":[{"href":"https:\/\/www.diarioimagen.net\/index.php?rest_route=%2Fwp%2Fv2%2Fmedia&parent=294486"}],"wp:term":[{"taxonomy":"category","embeddable":true,"href":"https:\/\/www.diarioimagen.net\/index.php?rest_route=%2Fwp%2Fv2%2Fcategories&post=294486"},{"taxonomy":"post_tag","embeddable":true,"href":"https:\/\/www.diarioimagen.net\/index.php?rest_route=%2Fwp%2Fv2%2Ftags&post=294486"}],"curies":[{"name":"wp","href":"https:\/\/api.w.org\/{rel}","templated":true}]}}