{"id":294597,"date":"2016-10-20T00:08:18","date_gmt":"2016-10-20T05:08:18","guid":{"rendered":"http:\/\/www.diarioimagen.net\/?p=294597"},"modified":"2016-10-20T04:19:17","modified_gmt":"2016-10-20T09:19:17","slug":"la-uaem-es-sede-del-tercer-observatorio-judicial-electoral","status":"publish","type":"post","link":"https:\/\/www.diarioimagen.net\/?p=294597","title":{"rendered":"La UAEM es sede del Tercer Observatorio Judicial Electoral"},"content":{"rendered":"<ul>\n<li><strong><em>Compromiso con la democracia<\/em><\/strong><\/li>\n<\/ul>\n<p>&nbsp;<\/p>\n<div id=\"attachment_294677\" style=\"width: 470px\" class=\"wp-caption aligncenter\"><a href=\"http:\/\/www.diarioimagen.net\/?attachment_id=294677\" rel=\"attachment wp-att-294677\"><img loading=\"lazy\" decoding=\"async\" aria-describedby=\"caption-attachment-294677\" class=\"size-large wp-image-294677\" src=\"http:\/\/www.diarioimagen.net\/wp-content\/uploads\/2016\/10\/UAEM-2979-460x259.jpg\" alt=\"El secretario de Rector\u00eda de la UAEM, Hiram Ra\u00fal Pi\u00f1a Libien, inaugur\u00f3 los trabajos del Tercer Observatorio Judicial Electoral.\" width=\"460\" height=\"259\" srcset=\"https:\/\/www.diarioimagen.net\/wp-content\/uploads\/2016\/10\/UAEM-2979-460x259.jpg 460w, https:\/\/www.diarioimagen.net\/wp-content\/uploads\/2016\/10\/UAEM-2979-240x135.jpg 240w, https:\/\/www.diarioimagen.net\/wp-content\/uploads\/2016\/10\/UAEM-2979-480x270.jpg 480w, https:\/\/www.diarioimagen.net\/wp-content\/uploads\/2016\/10\/UAEM-2979-235x132.jpg 235w, https:\/\/www.diarioimagen.net\/wp-content\/uploads\/2016\/10\/UAEM-2979-202x114.jpg 202w, https:\/\/www.diarioimagen.net\/wp-content\/uploads\/2016\/10\/UAEM-2979-350x196.jpg 350w, https:\/\/www.diarioimagen.net\/wp-content\/uploads\/2016\/10\/UAEM-2979-220x123.jpg 220w, https:\/\/www.diarioimagen.net\/wp-content\/uploads\/2016\/10\/UAEM-2979-237x132.jpg 237w, https:\/\/www.diarioimagen.net\/wp-content\/uploads\/2016\/10\/UAEM-2979.jpg 700w\" sizes=\"auto, (max-width: 460px) 100vw, 460px\" \/><\/a><p id=\"caption-attachment-294677\" class=\"wp-caption-text\">El secretario de Rector\u00eda de la UAEM, Hiram Ra\u00fal Pi\u00f1a Libien, inaugur\u00f3 los trabajos del Tercer Observatorio Judicial Electoral.<\/p><\/div>\n<p>&nbsp;<\/p>\n<p>La Universidad Aut\u00f3noma del Estado de M\u00e9xico, instituci\u00f3n comprometida con la democracia, celebra ser sede del Tercer Observatorio Judicial Electoral, organizado por el Tribunal Electoral del Poder Judicial de la Federaci\u00f3n, afirm\u00f3 al inaugurar los trabajos de este ejercicio, en representaci\u00f3n del rector Jorge Olvera Garc\u00eda, el secretario de Rector\u00eda de esta casa de estudios, Hiram Ra\u00fal Pi\u00f1a Libien.<\/p>\n<p>En la Facultad de Ciencias Pol\u00edticas y Sociales de la UAEM, acompa\u00f1ado por la magistrada presidenta de la Sala Regional Toluca del Tribunal Electoral del Poder Judicial de la Federaci\u00f3n, Martha Mart\u00ednez Guarneros, el servidor universitario sostuvo que el Tercer Observatorio representa un ejercicio para saber desde diferentes aristas, conocer la realidad del pa\u00eds y de qu\u00e9 manera se ejercen las libertades en materia electoral.<\/p>\n<p>Antes de declarar inaugurados los trabajos del Observatorio, que concluyen este jueves 20 de octubre, Pi\u00f1a Libien dijo a los universitarios, servidores p\u00fablicos, magistrados y funcionarios electorales que se dieron cita en este foro que \u00e9sta es una excelente oportunidad para analizar los aspectos que permitan transitar del \u00e1mbito te\u00f3rico al pragm\u00e1tico de la democracia en M\u00e9xico, as\u00ed como las perspectivas y las expectativas que se tienen en materia electoral.<\/p>\n<p>Martha Mart\u00ednez Guarneros, acompa\u00f1ada por los magistrados Alejandro David Avante Ju\u00e1rez y Juan Carlos Silva Ayala, refiri\u00f3 que este ejercicio busca redundar en la mejor impartici\u00f3n de justicia y tiene como prop\u00f3sito que la sociedad se involucre de manera directa en el quehacer diario del Tribunal Electoral.<\/p>\n<p>\u201cPorque una sociedad m\u00e1s informada se acerca m\u00e1s a una sociedad democr\u00e1tica\u201d, asever\u00f3 la presidenta magistrada, quien reconoci\u00f3 a la UAEM como un \u201cpuente\u201d entre la sociedad y las instituciones, como es el caso de este Observatorio, que busca ser un espacio de reflexi\u00f3n sobre los diferentes temas que competen al Tribunal Electoral.<\/p>\n<p>Antes, el director de la Facultad de Ciencias Pol\u00edticas y Sociales de la UAEM, Marco Aurelio Cienfuegos Terr\u00f3n, dio la bienvenida a los asistentes a este Tercer Observatorio Judicial Electoral, que se desarrollar\u00e1 a trav\u00e9s de cinco mesas de trabajo, mediante las cuales se analizar\u00e1n los siguientes temas: Derecho Humano de Acceso a la Jurisdicci\u00f3n, Valoraci\u00f3n de Elementos de Prueba en el Procedimiento Jurisdiccional Electoral, Desconstrucci\u00f3n de Resultados para la Construcci\u00f3n de la Democracia, Nuevos Paradigmas de la Paridad de G\u00e9nero y Candidaturas\u00a0 Independientes.<\/p>\n<p>&nbsp;<\/p>\n","protected":false},"excerpt":{"rendered":"<p>La Universidad Aut\u00f3noma del Estado de M\u00e9xico, instituci\u00f3n comprometida con la democracia, celebra ser sede del Tercer Observatorio Judicial Electoral, organizado por el Tribunal Electoral del Poder Judicial de la Federaci\u00f3n, afirm\u00f3 al inaugurar los trabajos de este ejercicio, en representaci\u00f3n del rector Jorge Olvera Garc\u00eda, el secretario de Rector\u00eda de esta casa de estudios, Hiram Ra\u00fal Pi\u00f1a Libien.<\/p>\n","protected":false},"author":3,"featured_media":294677,"comment_status":"open","ping_status":"open","sticky":false,"template":"","format":"standard","meta":{"_monsterinsights_skip_tracking":false,"_monsterinsights_sitenote_active":false,"_monsterinsights_sitenote_note":"","_monsterinsights_sitenote_category":0,"footnotes":""},"categories":[35155],"tags":[43675,27015,53325],"class_list":["post-294597","post","type-post","status-publish","format-standard","has-post-thumbnail","hentry","category-estado-de-mexico-estado-de-mexico","tag-estado-de-mexico","tag-jorge-olvera-garcia","tag-uame"],"_links":{"self":[{"href":"https:\/\/www.diarioimagen.net\/index.php?rest_route=\/wp\/v2\/posts\/294597","targetHints":{"allow":["GET"]}}],"collection":[{"href":"https:\/\/www.diarioimagen.net\/index.php?rest_route=\/wp\/v2\/posts"}],"about":[{"href":"https:\/\/www.diarioimagen.net\/index.php?rest_route=\/wp\/v2\/types\/post"}],"author":[{"embeddable":true,"href":"https:\/\/www.diarioimagen.net\/index.php?rest_route=\/wp\/v2\/users\/3"}],"replies":[{"embeddable":true,"href":"https:\/\/www.diarioimagen.net\/index.php?rest_route=%2Fwp%2Fv2%2Fcomments&post=294597"}],"version-history":[{"count":0,"href":"https:\/\/www.diarioimagen.net\/index.php?rest_route=\/wp\/v2\/posts\/294597\/revisions"}],"wp:featuredmedia":[{"embeddable":true,"href":"https:\/\/www.diarioimagen.net\/index.php?rest_route=\/wp\/v2\/media\/294677"}],"wp:attachment":[{"href":"https:\/\/www.diarioimagen.net\/index.php?rest_route=%2Fwp%2Fv2%2Fmedia&parent=294597"}],"wp:term":[{"taxonomy":"category","embeddable":true,"href":"https:\/\/www.diarioimagen.net\/index.php?rest_route=%2Fwp%2Fv2%2Fcategories&post=294597"},{"taxonomy":"post_tag","embeddable":true,"href":"https:\/\/www.diarioimagen.net\/index.php?rest_route=%2Fwp%2Fv2%2Ftags&post=294597"}],"curies":[{"name":"wp","href":"https:\/\/api.w.org\/{rel}","templated":true}]}}