{"id":294802,"date":"2016-10-21T00:14:15","date_gmt":"2016-10-21T05:14:15","guid":{"rendered":"http:\/\/www.diarioimagen.net\/?p=294802"},"modified":"2016-10-21T06:10:12","modified_gmt":"2016-10-21T11:10:12","slug":"reves-a-el-chapo-en-los-juzgados-le-niegan-amparos","status":"publish","type":"post","link":"https:\/\/www.diarioimagen.net\/?p=294802","title":{"rendered":"Rev\u00e9s a \u201cEl Chapo\u201d en los juzgados; le niegan amparos"},"content":{"rendered":"<ul>\n<li><strong><em>Se acerca la extradici\u00f3n a Estados Unidos<br \/>\n<\/em><\/strong><\/li>\n<\/ul>\n<p>&nbsp;<\/p>\n<div id=\"attachment_294883\" style=\"width: 470px\" class=\"wp-caption aligncenter\"><a href=\"http:\/\/www.diarioimagen.net\/?attachment_id=294883\" rel=\"attachment wp-att-294883\"><img loading=\"lazy\" decoding=\"async\" aria-describedby=\"caption-attachment-294883\" class=\"size-large wp-image-294883\" src=\"http:\/\/www.diarioimagen.net\/wp-content\/uploads\/2016\/10\/CHAPO-2980-460x259.jpg\" alt=\"Un juez federal neg\u00f3 la protecci\u00f3n a Joaqu\u00edn \u201cEl Chapo\u201d Guzm\u00e1n contra la extradici\u00f3n a Estados Unidos.\" width=\"460\" height=\"259\" srcset=\"https:\/\/www.diarioimagen.net\/wp-content\/uploads\/2016\/10\/CHAPO-2980-460x259.jpg 460w, https:\/\/www.diarioimagen.net\/wp-content\/uploads\/2016\/10\/CHAPO-2980-240x135.jpg 240w, https:\/\/www.diarioimagen.net\/wp-content\/uploads\/2016\/10\/CHAPO-2980-235x132.jpg 235w, https:\/\/www.diarioimagen.net\/wp-content\/uploads\/2016\/10\/CHAPO-2980-202x114.jpg 202w, https:\/\/www.diarioimagen.net\/wp-content\/uploads\/2016\/10\/CHAPO-2980-350x196.jpg 350w, https:\/\/www.diarioimagen.net\/wp-content\/uploads\/2016\/10\/CHAPO-2980-220x123.jpg 220w, https:\/\/www.diarioimagen.net\/wp-content\/uploads\/2016\/10\/CHAPO-2980-237x132.jpg 237w, https:\/\/www.diarioimagen.net\/wp-content\/uploads\/2016\/10\/CHAPO-2980.jpg 480w\" sizes=\"auto, (max-width: 460px) 100vw, 460px\" \/><\/a><p id=\"caption-attachment-294883\" class=\"wp-caption-text\">Un juez federal neg\u00f3 la protecci\u00f3n a Joaqu\u00edn \u201cEl Chapo\u201d Guzm\u00e1n contra la extradici\u00f3n a Estados Unidos.<\/p><\/div>\n<p>&nbsp;<\/p>\n<p>Un juez de Distrito neg\u00f3 la protecci\u00f3n de la justicia federal a Joaqu\u00edn \u201cEl Chapo\u201d Guzm\u00e1n Loera, que interpuso dos amparos para evitar su extradici\u00f3n, y sobresey\u00f3 otros tres recursos, inform\u00f3 la Procuradur\u00eda General de la Rep\u00fablica (PGR), quien se\u00f1al\u00f3 que el agente del Ministerio P\u00fablico de la Federaci\u00f3n fue notificado de cinco resoluciones emitidas por el Juzgado D\u00e9cimo Tercero de Distrito de Amparo en Materia Penal en la Ciudad de M\u00e9xico.<\/p>\n<p>Estas son relativas a los juicios de amparo interpuestos por Guzm\u00e1n Loera contra los acuerdos emitidos por la Secretar\u00eda de Relaciones Exteriores (SRE), en los que se concede su extradici\u00f3n.<\/p>\n<p>La PGR indic\u00f3 que en dos de los recursos el \u00f3rgano jurisdiccional resolvi\u00f3 negar la protecci\u00f3n y amparo de la justicia federal, mientras que los tres restantes se sobreseyeron.<\/p>\n<p>\u201cLa Procuradur\u00eda General de la Rep\u00fablica se da por enterada de dicha determinaci\u00f3n e informa que se mantendr\u00e1 atenta a la continuaci\u00f3n del procedimiento hasta que dichas resoluciones queden firmes\u201d, precis\u00f3 la dependencia en un comunicado.<\/p>\n<p>En estos casos la determinaci\u00f3n del juez responde a qu\u00e9 las demandas fueron promovidas antes de que existieron las \u00f3rdenes de extradici\u00f3n de la SRE.<\/p>\n<p>Pese a la resoluci\u00f3n adversa, el l\u00edder del c\u00e1rtel de Sinaloa a\u00fan tiene oportunidad de promover un recurso de revisi\u00f3n para que sea un Tribunal Colegiado quien confirme, modifique o revoque la sentencia dictada.<\/p>\n<p>La Canciller\u00eda determin\u00f3 el pasado 20 de mayo conceder la extradici\u00f3n del \u201cChapo\u201d a Estados Unidos para que sea juzgado en las Cortes Federales del Distrito Sur de California, con sede en San Diego, y Oeste de Texas, en El Paso.<\/p>\n<p>La Corte de Texas lo juzgar\u00e1 por asociaci\u00f3n delictuosa, delitos contra la salud, delincuencia organizada, posesi\u00f3n de armas, homicidio y lavado de dinero. La Corte californiana por asociaci\u00f3n delictuosa e importar y poseer coca\u00edna con la intenci\u00f3n de distribuirla.<\/p>\n<p style=\"text-align: center;\"><strong>Extradici\u00f3n en enero<\/strong><strong>\u00a0o febrero: Sales<\/strong><\/p>\n<p>La semana pasada el comisionado nacional de Seguridad, Renato Sales, afirm\u00f3 que la extradici\u00f3n de \u201cEl Chapo\u201d Guzm\u00e1n podr\u00eda concretarse en enero o febrero del pr\u00f3ximo a\u00f1o. Sin embargo, la defensa del capo consider\u00f3 que a\u00fan tiene varias v\u00edas para que no sea entregado a Estados Unidos.<\/p>\n<p>Sales Heredia explic\u00f3 que aunque est\u00e1 por resolverse un amparo indirecto por este asunto, al cual podr\u00edan seguir algunos otros recursos legales, a principios de 2017, \u201cEl Chapo\u201d podr\u00eda ser extraditado.<\/p>\n<p>\u201cEsperamos que en enero, febrero del pr\u00f3ximo a\u00f1o\u201d, dijo en entrevista en el programa televisivo \u201cDespierta\u201d.<\/p>\n<p>El comisionado nacional de Seguridad dijo que en el gobierno federal est\u00e1n seguros que Guzm\u00e1n Loera s\u00ed ser\u00e1 extraditado.<\/p>\n","protected":false},"excerpt":{"rendered":"<p>Un juez de Distrito neg\u00f3 la protecci\u00f3n de la justicia federal a Joaqu\u00edn \u201cEl Chapo\u201d Guzm\u00e1n Loera, que interpuso dos amparos para evitar su extradici\u00f3n, y sobresey\u00f3 otros tres recursos, inform\u00f3 la Procuradur\u00eda General de la Rep\u00fablica (PGR), quien se\u00f1al\u00f3 que el agente del Ministerio P\u00fablico de la Federaci\u00f3n fue notificado de cinco resoluciones emitidas por el Juzgado D\u00e9cimo Tercero de Distrito de Amparo en Materia Penal en la Ciudad de M\u00e9xico.<\/p>\n","protected":false},"author":3,"featured_media":294883,"comment_status":"open","ping_status":"open","sticky":false,"template":"","format":"standard","meta":{"_monsterinsights_skip_tracking":false,"_monsterinsights_sitenote_active":false,"_monsterinsights_sitenote_note":"","_monsterinsights_sitenote_category":0,"footnotes":""},"categories":[7],"tags":[177,6821,2765,232],"class_list":["post-294802","post","type-post","status-publish","format-standard","has-post-thumbnail","hentry","category-seguridad","tag-estados-unidos","tag-extradicion","tag-joaquin-el-chapo-guzman-loera","tag-pgr"],"_links":{"self":[{"href":"https:\/\/www.diarioimagen.net\/index.php?rest_route=\/wp\/v2\/posts\/294802","targetHints":{"allow":["GET"]}}],"collection":[{"href":"https:\/\/www.diarioimagen.net\/index.php?rest_route=\/wp\/v2\/posts"}],"about":[{"href":"https:\/\/www.diarioimagen.net\/index.php?rest_route=\/wp\/v2\/types\/post"}],"author":[{"embeddable":true,"href":"https:\/\/www.diarioimagen.net\/index.php?rest_route=\/wp\/v2\/users\/3"}],"replies":[{"embeddable":true,"href":"https:\/\/www.diarioimagen.net\/index.php?rest_route=%2Fwp%2Fv2%2Fcomments&post=294802"}],"version-history":[{"count":0,"href":"https:\/\/www.diarioimagen.net\/index.php?rest_route=\/wp\/v2\/posts\/294802\/revisions"}],"wp:featuredmedia":[{"embeddable":true,"href":"https:\/\/www.diarioimagen.net\/index.php?rest_route=\/wp\/v2\/media\/294883"}],"wp:attachment":[{"href":"https:\/\/www.diarioimagen.net\/index.php?rest_route=%2Fwp%2Fv2%2Fmedia&parent=294802"}],"wp:term":[{"taxonomy":"category","embeddable":true,"href":"https:\/\/www.diarioimagen.net\/index.php?rest_route=%2Fwp%2Fv2%2Fcategories&post=294802"},{"taxonomy":"post_tag","embeddable":true,"href":"https:\/\/www.diarioimagen.net\/index.php?rest_route=%2Fwp%2Fv2%2Ftags&post=294802"}],"curies":[{"name":"wp","href":"https:\/\/api.w.org\/{rel}","templated":true}]}}