{"id":294920,"date":"2016-10-23T17:00:09","date_gmt":"2016-10-23T22:00:09","guid":{"rendered":"http:\/\/www.diarioimagen.net\/?p=294920"},"modified":"2016-10-25T00:15:13","modified_gmt":"2016-10-25T05:15:13","slug":"mexico-necesita-puentes-y-no-muros-que-nos-dividan-dice-eruviel-avila","status":"publish","type":"post","link":"https:\/\/www.diarioimagen.net\/?p=294920","title":{"rendered":"M\u00e9xico necesita puentes y no muros que nos dividan, dice Eruviel \u00c1vila"},"content":{"rendered":"<ul>\n<li><em><strong>Se re\u00fane el gobernador con migrantes en Nueva York<\/strong><\/em><\/li>\n<\/ul>\n<p>&nbsp;<\/p>\n<div id=\"attachment_294921\" style=\"width: 470px\" class=\"wp-caption aligncenter\"><a href=\"http:\/\/www.diarioimagen.net\/?attachment_id=294921\" rel=\"attachment wp-att-294921\"><img loading=\"lazy\" decoding=\"async\" aria-describedby=\"caption-attachment-294921\" class=\"size-large wp-image-294921\" src=\"http:\/\/www.diarioimagen.net\/wp-content\/uploads\/2016\/10\/MIGRANTES24-portal-460x268.jpg\" alt=\"Se reuni\u00f3 el gobernador Eruviel \u00c1vila con la comunidad migrante mexiquense en la costa este de Estados Unidos.\" width=\"460\" height=\"268\" srcset=\"https:\/\/www.diarioimagen.net\/wp-content\/uploads\/2016\/10\/MIGRANTES24-portal-460x268.jpg 460w, https:\/\/www.diarioimagen.net\/wp-content\/uploads\/2016\/10\/MIGRANTES24-portal-240x140.jpg 240w, https:\/\/www.diarioimagen.net\/wp-content\/uploads\/2016\/10\/MIGRANTES24-portal.jpg 480w\" sizes=\"auto, (max-width: 460px) 100vw, 460px\" \/><\/a><p id=\"caption-attachment-294921\" class=\"wp-caption-text\">Se reuni\u00f3 el gobernador Eruviel \u00c1vila con la comunidad migrante mexiquense en la costa este de Estados Unidos.<\/p><\/div>\n<p>&nbsp;<\/p>\n<p><strong>Nueva York<\/strong>.- En un encuentro con migrantes radicados en la costa este de Estados Unidos, el gobernador del Estado de M\u00e9xico, Eruviel \u00c1vila Villegas, expres\u00f3 su desacuerdo con quienes de manera injusta desacreditan a los mexicanos que radican en Estados Unidos, ya que se trata de hombres y mujeres de trabajo, con valores familiares y con entusiasmo para salir adelante.<\/p>\n<p>\u201cYo soy muy respetuoso de la decisi\u00f3n que nuestros hermanos de este gran pa\u00eds tomen en las elecciones que se van a llevar a cabo. Es por ley, debo estar ajeno y es tambi\u00e9n mi convicci\u00f3n, pero yo s\u00ed s\u00e9 y tengo la confianza de que nuestros hermanos paisanos, nuestros hermanos migrantes habr\u00e1n de razonar y de valorar realmente qui\u00e9n debe ser la pr\u00f3xima presidenta o presidente de este gran pa\u00eds.<\/p>\n<p>\u201cS\u00e9 que van a tomar en cuenta \u00e9stas y muchas otras razones, porque lo que M\u00e9xico quiere, lo que M\u00e9xico necesita son puentes, no muros que nos alejen, que nos dividan\u201d, expres\u00f3, durante su segundo d\u00eda de actividades en gira de trabajo por esta ciudad.<\/p>\n<p>En la sede del Consulado General de M\u00e9xico en Nueva York, Eruviel \u00c1vila expres\u00f3 su confianza de que, independientemente quien gane las elecciones, no se pongan en riesgo programas como la Consideraci\u00f3n de Acci\u00f3n Diferida para los Llegados en la Infancia (DACA, por sus siglas en ingl\u00e9s), que protege temporalmente de una deportaci\u00f3n y otorga un permiso de empleo que se renueva cada dos a\u00f1os, o aquellas acciones relacionadas con la salud de los connacionales.<\/p>\n<p>Ante Diego G\u00f3mez Pickering, c\u00f3nsul general de M\u00e9xico en Nueva York, el gobernador reiter\u00f3 a los integrantes de la comunidad migrante mexiquense, que no est\u00e1n solos y cuentan con el respaldo del Gobierno de la Rep\u00fablica y del Gobierno del Estado de M\u00e9xico.<\/p>\n","protected":false},"excerpt":{"rendered":"<p>En un encuentro con migrantes radicados en la costa este de Estados Unidos, el gobernador del Estado de M\u00e9xico, Eruviel \u00c1vila Villegas, expres\u00f3 su desacuerdo con quienes de manera injusta desacreditan a los mexicanos que radican en Estados Unidos, ya que se trata de hombres y mujeres de trabajo, con valores familiares y con entusiasmo para salir adelante.<\/p>\n","protected":false},"author":5,"featured_media":294921,"comment_status":"open","ping_status":"open","sticky":false,"template":"","format":"standard","meta":{"_monsterinsights_skip_tracking":false,"_monsterinsights_sitenote_active":false,"_monsterinsights_sitenote_note":"","_monsterinsights_sitenote_category":0,"footnotes":""},"categories":[35155],"tags":[177,54066],"class_list":["post-294920","post","type-post","status-publish","format-standard","has-post-thumbnail","hentry","category-estado-de-mexico-estado-de-mexico","tag-estados-unidos","tag-muros"],"_links":{"self":[{"href":"https:\/\/www.diarioimagen.net\/index.php?rest_route=\/wp\/v2\/posts\/294920","targetHints":{"allow":["GET"]}}],"collection":[{"href":"https:\/\/www.diarioimagen.net\/index.php?rest_route=\/wp\/v2\/posts"}],"about":[{"href":"https:\/\/www.diarioimagen.net\/index.php?rest_route=\/wp\/v2\/types\/post"}],"author":[{"embeddable":true,"href":"https:\/\/www.diarioimagen.net\/index.php?rest_route=\/wp\/v2\/users\/5"}],"replies":[{"embeddable":true,"href":"https:\/\/www.diarioimagen.net\/index.php?rest_route=%2Fwp%2Fv2%2Fcomments&post=294920"}],"version-history":[{"count":0,"href":"https:\/\/www.diarioimagen.net\/index.php?rest_route=\/wp\/v2\/posts\/294920\/revisions"}],"wp:featuredmedia":[{"embeddable":true,"href":"https:\/\/www.diarioimagen.net\/index.php?rest_route=\/wp\/v2\/media\/294921"}],"wp:attachment":[{"href":"https:\/\/www.diarioimagen.net\/index.php?rest_route=%2Fwp%2Fv2%2Fmedia&parent=294920"}],"wp:term":[{"taxonomy":"category","embeddable":true,"href":"https:\/\/www.diarioimagen.net\/index.php?rest_route=%2Fwp%2Fv2%2Fcategories&post=294920"},{"taxonomy":"post_tag","embeddable":true,"href":"https:\/\/www.diarioimagen.net\/index.php?rest_route=%2Fwp%2Fv2%2Ftags&post=294920"}],"curies":[{"name":"wp","href":"https:\/\/api.w.org\/{rel}","templated":true}]}}