{"id":294923,"date":"2016-10-24T00:08:26","date_gmt":"2016-10-24T05:08:26","guid":{"rendered":"http:\/\/www.diarioimagen.net\/?p=294923"},"modified":"2016-10-25T02:36:18","modified_gmt":"2016-10-25T07:36:18","slug":"mas-becas-para-mexiquenses-que-estudian-en-eu-eruviel-avila","status":"publish","type":"post","link":"https:\/\/www.diarioimagen.net\/?p=294923","title":{"rendered":"Becas para j\u00f3venes que estudian en EU: Eruviel \u00c1vila"},"content":{"rendered":"<ul>\n<li><strong><em>El gobernador entreg\u00f3 apoyos educativos, de salud y documentos oficiales<\/em><\/strong><\/li>\n<\/ul>\n<h6>Jos\u00e9 Luis Monta\u00f1ez<\/h6>\n<p>&nbsp;<\/p>\n<div id=\"attachment_294924\" style=\"width: 470px\" class=\"wp-caption aligncenter\"><a href=\"http:\/\/www.diarioimagen.net\/?attachment_id=294924\" rel=\"attachment wp-att-294924\"><img loading=\"lazy\" decoding=\"async\" aria-describedby=\"caption-attachment-294924\" class=\"size-large wp-image-294924\" src=\"http:\/\/www.diarioimagen.net\/wp-content\/uploads\/2016\/10\/ERUVIEL24-portal-460x268.jpg\" alt=\"Eruviel \u00c1vila se reuni\u00f3 en la sede del Consulado general de M\u00e9xico en Nueva York con paisanos mexiquenses que radican en la costa este.\" width=\"460\" height=\"268\" srcset=\"https:\/\/www.diarioimagen.net\/wp-content\/uploads\/2016\/10\/ERUVIEL24-portal-460x268.jpg 460w, https:\/\/www.diarioimagen.net\/wp-content\/uploads\/2016\/10\/ERUVIEL24-portal-240x140.jpg 240w, https:\/\/www.diarioimagen.net\/wp-content\/uploads\/2016\/10\/ERUVIEL24-portal.jpg 480w\" sizes=\"auto, (max-width: 460px) 100vw, 460px\" \/><\/a><p id=\"caption-attachment-294924\" class=\"wp-caption-text\">Eruviel \u00c1vila se reuni\u00f3 en la sede del Consulado general de M\u00e9xico en Nueva York con paisanos mexiquenses que radican en la costa este.<\/p><\/div>\n<p>&nbsp;<\/p>\n<p><strong>Nueva York<\/strong>.- El gobernador del Estado de M\u00e9xico, Eruviel \u00c1vila Villegas, anunci\u00f3 que se incrementar\u00e1 el n\u00famero de becas para j\u00f3venes mexiquenses que estudian en Estados Unidos, entre ellos para los llamados <em>dreamers<\/em>, que adem\u00e1s de prepararse acad\u00e9micamente se encargan de promover el bienestar en sus comunidades.<\/p>\n<p>\u201cYo creo en la educaci\u00f3n, yo soy producto de la educaci\u00f3n, estudi\u00e9 mi maestr\u00eda y mi doctorado en la UNAM, con menci\u00f3n honor\u00edfica. Por eso hoy vengo con mucho entusiasmo a apoyar a mis paisanos, hermanas, hermanos, que est\u00e1n estudiando; el programa va a continuar, se va a incrementar para poder apoyar a nuestros estudiantes que con mucho entusiasmo se preparan aqu\u00ed en los Estados Unidos\u201d, expres\u00f3.<\/p>\n<p>En la sede del consulado general de M\u00e9xico en Nueva York, Eruviel \u00c1vila se reuni\u00f3 con paisanos mexiquenses que radican en la Costa Este de los Estados Unidos, durante una jornada de servicios de promoci\u00f3n y prevenci\u00f3n en materia de salud para las mujeres, que se desarroll\u00f3 en el marco de la XVI Semana Binacional de Salud.<\/p>\n<p>En este evento, en presencia del c\u00f3nsul general de M\u00e9xico en Nueva York, Diego G\u00f3mez Pickerson, adem\u00e1s de los apoyos para la permanencia escolar, Eruviel \u00c1vila entreg\u00f3 cheques para el pago de tr\u00e1mites para la obtenci\u00f3n de la ciudadan\u00eda estadounidense y de la Consideraci\u00f3n de Acci\u00f3n Diferida para los Llegados en la Infancia (DACA por sus siglas en ingl\u00e9s) que protege temporalmente de una deportaci\u00f3n.<\/p>\n<p>Asimismo, otorg\u00f3 documentos oficiales como actas de nacimiento, constancias de origen y asesor\u00eda para la aclaraci\u00f3n, complementaci\u00f3n y correcci\u00f3n de actas, e invit\u00f3 a los paisanos a afiliarse al Seguro Popular para que cuando visiten a sus familiares en el Edomex y tengan alguna complicaci\u00f3n m\u00e9dica puedan ser atendidos.<\/p>\n<p>\u201cPodemos estar lejos, a miles de kil\u00f3metros, pero quiero que sepan que est\u00e1n muy cerca de nuestros corazones; los tenemos muy cerca de nuestro \u00e1nimo y de nuestra pol\u00edtica de servicio, venimos a expresarles nuestra solidaridad, nuestro cari\u00f1o y no s\u00f3lo a dar un discurso, traemos soluciones, alternativas para que puedan escribir sus propia historia de \u00e9xito\u201d, dijo.<\/p>\n<p>Adem\u00e1s, durante un di\u00e1logo que sostuvo con paisanos mexiquenses, Shareny D\u00edaz, estudiante indocumentada que cursa la maestr\u00eda en esta ciudad, dijo que esta beca de permanencia escolar es de gran ayuda,, ya que por su calidad migratoria no pueden tener acceso\u00a0 ayuda financiera y ahora podr\u00e1 concluir su semestre y tener una preocupaci\u00f3n menos.<\/p>\n","protected":false},"excerpt":{"rendered":"<p><span style=\"color: #005497;\">Jos\u00e9 Luis Monta\u00f1ez<\/span><br \/>\n<br \/>\nEl gobernador del Estado de M\u00e9xico, Eruviel \u00c1vila Villegas, anunci\u00f3 que se incrementar\u00e1 el n\u00famero de becas para j\u00f3venes mexiquenses que estudian en Estados Unidos, entre ellos para los llamados dreamers, que adem\u00e1s de prepararse acad\u00e9micamente se encargan de promover el bienestar en sus comunidades.<\/p>\n","protected":false},"author":5,"featured_media":294924,"comment_status":"open","ping_status":"open","sticky":false,"template":"","format":"standard","meta":{"_monsterinsights_skip_tracking":false,"_monsterinsights_sitenote_active":false,"_monsterinsights_sitenote_note":"","_monsterinsights_sitenote_category":0,"footnotes":""},"categories":[5],"tags":[942,570],"class_list":["post-294923","post","type-post","status-publish","format-standard","has-post-thumbnail","hentry","category-estado-de-mexico","tag-nueva-york","tag-unam"],"_links":{"self":[{"href":"https:\/\/www.diarioimagen.net\/index.php?rest_route=\/wp\/v2\/posts\/294923","targetHints":{"allow":["GET"]}}],"collection":[{"href":"https:\/\/www.diarioimagen.net\/index.php?rest_route=\/wp\/v2\/posts"}],"about":[{"href":"https:\/\/www.diarioimagen.net\/index.php?rest_route=\/wp\/v2\/types\/post"}],"author":[{"embeddable":true,"href":"https:\/\/www.diarioimagen.net\/index.php?rest_route=\/wp\/v2\/users\/5"}],"replies":[{"embeddable":true,"href":"https:\/\/www.diarioimagen.net\/index.php?rest_route=%2Fwp%2Fv2%2Fcomments&post=294923"}],"version-history":[{"count":0,"href":"https:\/\/www.diarioimagen.net\/index.php?rest_route=\/wp\/v2\/posts\/294923\/revisions"}],"wp:featuredmedia":[{"embeddable":true,"href":"https:\/\/www.diarioimagen.net\/index.php?rest_route=\/wp\/v2\/media\/294924"}],"wp:attachment":[{"href":"https:\/\/www.diarioimagen.net\/index.php?rest_route=%2Fwp%2Fv2%2Fmedia&parent=294923"}],"wp:term":[{"taxonomy":"category","embeddable":true,"href":"https:\/\/www.diarioimagen.net\/index.php?rest_route=%2Fwp%2Fv2%2Fcategories&post=294923"},{"taxonomy":"post_tag","embeddable":true,"href":"https:\/\/www.diarioimagen.net\/index.php?rest_route=%2Fwp%2Fv2%2Ftags&post=294923"}],"curies":[{"name":"wp","href":"https:\/\/api.w.org\/{rel}","templated":true}]}}