{"id":294926,"date":"2016-10-23T18:00:18","date_gmt":"2016-10-23T23:00:18","guid":{"rendered":"http:\/\/www.diarioimagen.net\/?p=294926"},"modified":"2016-10-25T00:15:35","modified_gmt":"2016-10-25T05:15:35","slug":"inicia-isis-avila-entrega-de-mas-de-100-mil-lentes-oftalmologicos","status":"publish","type":"post","link":"https:\/\/www.diarioimagen.net\/?p=294926","title":{"rendered":"Inicia Isis \u00c1vila entrega de m\u00e1s de 100 mil lentes oftalmol\u00f3gicos"},"content":{"rendered":"<ul>\n<li><em><strong>A estudiantes mexiquenses<\/strong><\/em><\/li>\n<\/ul>\n<p>&nbsp;<\/p>\n<div id=\"attachment_294927\" style=\"width: 470px\" class=\"wp-caption aligncenter\"><a href=\"http:\/\/www.diarioimagen.net\/?attachment_id=294927\" rel=\"attachment wp-att-294927\"><img loading=\"lazy\" decoding=\"async\" aria-describedby=\"caption-attachment-294927\" class=\"size-large wp-image-294927\" src=\"http:\/\/www.diarioimagen.net\/wp-content\/uploads\/2016\/10\/ISIS24-portal-460x268.jpg\" alt=\"La presidenta honoraria del DIFEM, Isis \u00c1vila Mu\u00f1oz, inici\u00f3 la entrega de m\u00e1s de 100 mil lentes oftalmol\u00f3gicos.\" width=\"460\" height=\"268\" srcset=\"https:\/\/www.diarioimagen.net\/wp-content\/uploads\/2016\/10\/ISIS24-portal-460x268.jpg 460w, https:\/\/www.diarioimagen.net\/wp-content\/uploads\/2016\/10\/ISIS24-portal-240x140.jpg 240w, https:\/\/www.diarioimagen.net\/wp-content\/uploads\/2016\/10\/ISIS24-portal.jpg 480w\" sizes=\"auto, (max-width: 460px) 100vw, 460px\" \/><\/a><p id=\"caption-attachment-294927\" class=\"wp-caption-text\">La presidenta honoraria del DIFEM, Isis \u00c1vila Mu\u00f1oz, inici\u00f3 la entrega de m\u00e1s de 100 mil lentes oftalmol\u00f3gicos.<\/p><\/div>\n<p>&nbsp;<\/p>\n<p><strong>Ecatepec, Estado de M\u00e9xico<\/strong>.- Con el prop\u00f3sito de corregir problemas visuales en estudiantes mexiquenses, Isis \u00c1vila Mu\u00f1oz, presidenta honoraria del DIF Estado de M\u00e9xico, inici\u00f3 la entrega de m\u00e1s de 100 mil lentes oftalmol\u00f3gicos que en una primera etapa beneficiar\u00e1 a escolares de primaria y secundaria de 33 municipios de la entidad.<\/p>\n<p>Acompa\u00f1ada por Indalecio R\u00edos Vel\u00e1zquez, presidente municipal de Ecatepec; as\u00ed como Tabata Anah\u00ed Rojas Muci\u00f1o, presidenta del DIF de este municipio, entre otras autoridades, Isis \u00c1vila visit\u00f3 la escuela secundaria Jacinto de los Santos Canek, donde Mar\u00eda Fernanda Mart\u00ednez Arroyo, estudiante del tercer grado de este plantel fue parte de los 16 mil estudiantes que recibir\u00e1n este apoyo en el municipio.<\/p>\n<p>La titular del DIFEM se\u00f1al\u00f3 que el Gobierno del Estado de M\u00e9xico, sumando esfuerzos con la Fundaci\u00f3n Ver Bien para para Aprender mejor y el Gobierno de la Rep\u00fablica, en lo que va de la administraci\u00f3n han entregado poco m\u00e1s de 100 mil lentes, con una inversi\u00f3n de 18 millones de pesos.<\/p>\n<p>Refiri\u00f3 que cuando un estudiante recibe sus lentes goza de m\u00faltiples beneficios, evitando da\u00f1os a futuro en sus ojos, ya que sin los anteojos no pueden ver bien el pizarr\u00f3n, se les mueven las letras en el cuaderno, se les dificultan las actividades escolares necesarias para prepararse y superarse, por lo que se busca dotarles de herramientas para salir adelante y construir sus propias historias de \u00e9xito.<\/p>\n<p>Dijo que en M\u00e9xico, 40% de la poblaci\u00f3n padece problemas visuales que pueden ser corregidos; de ese porcentaje, 17 millones de ni\u00f1os lo pueden resolver empleando lentes como los que se entregan.<\/p>\n<p>Durante este acto, Isis \u00c1vila Mu\u00f1oz tambi\u00e9n entreg\u00f3 en representaci\u00f3n de la Secretar\u00eda de Educaci\u00f3n un kit de laboratorio de c\u00f3mputo integrado por 15 equipos, con el fin de que los estudiantes se sigan preparando.<\/p>\n","protected":false},"excerpt":{"rendered":"<p>Con el prop\u00f3sito de corregir problemas visuales en estudiantes mexiquenses, Isis \u00c1vila Mu\u00f1oz, presidenta honoraria del DIF Estado de M\u00e9xico, inici\u00f3 la entrega de m\u00e1s de 100 mil lentes oftalmol\u00f3gicos que en una primera etapa beneficiar\u00e1 a escolares de primaria y secundaria de 33 municipios de la entidad.<\/p>\n","protected":false},"author":5,"featured_media":294927,"comment_status":"open","ping_status":"open","sticky":false,"template":"","format":"standard","meta":{"_monsterinsights_skip_tracking":false,"_monsterinsights_sitenote_active":false,"_monsterinsights_sitenote_note":"","_monsterinsights_sitenote_category":0,"footnotes":""},"categories":[35155],"tags":[454,43675,47164,50409],"class_list":["post-294926","post","type-post","status-publish","format-standard","has-post-thumbnail","hentry","category-estado-de-mexico-estado-de-mexico","tag-ecatepec","tag-estado-de-mexico","tag-indalecio-rios-velazquez","tag-isis-avila"],"_links":{"self":[{"href":"https:\/\/www.diarioimagen.net\/index.php?rest_route=\/wp\/v2\/posts\/294926","targetHints":{"allow":["GET"]}}],"collection":[{"href":"https:\/\/www.diarioimagen.net\/index.php?rest_route=\/wp\/v2\/posts"}],"about":[{"href":"https:\/\/www.diarioimagen.net\/index.php?rest_route=\/wp\/v2\/types\/post"}],"author":[{"embeddable":true,"href":"https:\/\/www.diarioimagen.net\/index.php?rest_route=\/wp\/v2\/users\/5"}],"replies":[{"embeddable":true,"href":"https:\/\/www.diarioimagen.net\/index.php?rest_route=%2Fwp%2Fv2%2Fcomments&post=294926"}],"version-history":[{"count":0,"href":"https:\/\/www.diarioimagen.net\/index.php?rest_route=\/wp\/v2\/posts\/294926\/revisions"}],"wp:featuredmedia":[{"embeddable":true,"href":"https:\/\/www.diarioimagen.net\/index.php?rest_route=\/wp\/v2\/media\/294927"}],"wp:attachment":[{"href":"https:\/\/www.diarioimagen.net\/index.php?rest_route=%2Fwp%2Fv2%2Fmedia&parent=294926"}],"wp:term":[{"taxonomy":"category","embeddable":true,"href":"https:\/\/www.diarioimagen.net\/index.php?rest_route=%2Fwp%2Fv2%2Fcategories&post=294926"},{"taxonomy":"post_tag","embeddable":true,"href":"https:\/\/www.diarioimagen.net\/index.php?rest_route=%2Fwp%2Fv2%2Ftags&post=294926"}],"curies":[{"name":"wp","href":"https:\/\/api.w.org\/{rel}","templated":true}]}}