{"id":294932,"date":"2016-10-23T23:50:53","date_gmt":"2016-10-24T04:50:53","guid":{"rendered":"http:\/\/www.diarioimagen.net\/?p=294932"},"modified":"2016-10-24T02:12:08","modified_gmt":"2016-10-24T07:12:08","slug":"mau-y-ricky-lanzan-para-olvidarte","status":"publish","type":"post","link":"https:\/\/www.diarioimagen.net\/?p=294932","title":{"rendered":"Mau y Ricky lanzan <em>Para olvidarte<\/em>"},"content":{"rendered":"<ul>\n<li><em><strong>Son hijos del reconocido cantante y compositor Ricardo Montaner, por lo que traen innato el talento y la pasi\u00f3n por la m\u00fasica<\/strong><\/em><\/li>\n<\/ul>\n<h6>Asael Grande<\/h6>\n<p>&nbsp;<\/p>\n<div id=\"attachment_294933\" style=\"width: 430px\" class=\"wp-caption aligncenter\"><a href=\"http:\/\/www.diarioimagen.net\/?attachment_id=294933\" rel=\"attachment wp-att-294933\"><img loading=\"lazy\" decoding=\"async\" aria-describedby=\"caption-attachment-294933\" class=\"wp-image-294933\" src=\"http:\/\/www.diarioimagen.net\/wp-content\/uploads\/2016\/10\/mau-y-ricky-pooortal-345x460.jpg\" alt=\"En entrevista con DIARIOIMAGEN, platicaron sobre su nuevo sencillo, Para olvidarte, que ser\u00e1 parte de su nuevo trabajo discogr\u00e1fico, Arte, mismo que saldr\u00e1 el a\u00f1o entrante. (Foto: Asael Grande)\" width=\"420\" height=\"560\" srcset=\"https:\/\/www.diarioimagen.net\/wp-content\/uploads\/2016\/10\/mau-y-ricky-pooortal-345x460.jpg 345w, https:\/\/www.diarioimagen.net\/wp-content\/uploads\/2016\/10\/mau-y-ricky-pooortal-180x240.jpg 180w, https:\/\/www.diarioimagen.net\/wp-content\/uploads\/2016\/10\/mau-y-ricky-pooortal.jpg 700w\" sizes=\"auto, (max-width: 420px) 100vw, 420px\" \/><\/a><p id=\"caption-attachment-294933\" class=\"wp-caption-text\">En entrevista con <strong>DIARIOIMAGEN<\/strong>, platicaron sobre su nuevo sencillo, <em>Para olvidarte,<\/em> que ser\u00e1 parte de su nuevo trabajo discogr\u00e1fico, <em>Arte,<\/em> mismo que saldr\u00e1 el a\u00f1o entrante. <em>(Foto: Asael Grande)<\/em><\/p><\/div>\n<p>&nbsp;<\/p>\n<p>El dueto juvenil Mau y Ricky, quienes buscan revolucionar la m\u00fasica pop con un estilo \u00fanico y con composiciones muy sustanciales. Mauricio Sebasti\u00e1n Montaner, de 22 a\u00f1os, y Ricardo Andr\u00e9s Montaner, de 25, nombres reales de los j\u00f3venes, son hijos del reconocido cantante y compositor Ricardo Montaner, por lo que traen innato el talento y la pasi\u00f3n por la m\u00fasica.<\/p>\n<p>En entrevista con <strong>DIARIO IMAGEN<\/strong>, platicaron sobre su nuevo sencillo, <em>Para olvidarte<\/em>, que ser\u00e1 parte de su nuevo trabajo discogr\u00e1fico, <em>Arte<\/em>, mismo que saldr\u00e1 el a\u00f1o entrante: \u201cestamos promocionando el sencillo <em>Para olvidarte<\/em>, ya est\u00e1 el disco, lo grabamos en Miami con un productor que se llama Julio Reyes, un colombiano extraordinariamente bueno, es como un maestro para nosotros, la pasamos muy bien, fue un periodo como de tres meses de grabaci\u00f3n, sin contar los meses anteriores de composici\u00f3n, y aprendimos mucho, pudimos experimentar y ser libres a la hora de hacer el disco, la compa\u00f1\u00eda de discos nos dio libertad creativa, que para nosotros es muy importante, nosotros sentimos que al estar limitados, uno no es capaz de hacer su mejor trabajo, tambi\u00e9n nos juntamos con un productor que entend\u00eda mejor el concepto y las canciones\u201d, explic\u00f3 Mau.<\/p>\n<p><em>Para olvidarte<\/em> es una poderosa balada que habla acerca de la necesidad de no dejar ir un gran amor, y la necesidad por la otra persona: \u201cnuestras canciones hablan del amor, en general de la vida, lo que nos mueva en ese momento lo escribimos, no necesariamente del amor, s\u00ed somos promotores del amor, y sentimos que el sencillo <em>Para olvidarte<\/em> es una canci\u00f3n con la que todos se pueden sentir relacionados, se trata de un tema en donde la gente va a poder, cuando una pareja termina, enamorarse de otra persona\u201d, dijo Ricky<\/p>\n<p>En el concierto de Abraham Mateo, Mau y Ricky fueron sus invitados especiales: \u201ccantamos en el Auditorio Nacional con Abraham Mateo el tema<em> Just another heart break<\/em>, ya hab\u00edamos estado en ese escenario muchas veces.<\/p>\n<p>El disco<em> Arte<\/em> es una mezcla interesante de pop, de balada, y de ritmos de gaitas venezolanas, nosotros escribimos nuestras canciones y tambi\u00e9n para otros artistas, como <em>Vente pa\u2019ca<\/em>, de Ricky Martin y Maluma, que actualmente est\u00e1 en primer lugar de las listas de popularidad de muchos pa\u00edses\u201d, finaliz\u00f3 Ricky.<\/p>\n<p>Sin embargo, Mau y Ricky no son nuevos en la m\u00fasica, pues desde muy chicos encontraron su pasi\u00f3n en la composici\u00f3n.<\/p>\n<p>Han compuesto diversas canciones para artistas de talla internacional c\u00f3mo Diego Boneta, Ednita Nazario, Yuridia, Brian Cross. Miguel Bos\u00e9, Leslie Grace, Thal\u00eda, Cristian Castro y hasta a su propio padre, Ricardo Montaner.<\/p>\n","protected":false},"excerpt":{"rendered":"<p>El dueto juvenil Mau y Ricky, quienes buscan revolucionar la m\u00fasica pop con un estilo \u00fanico y con composiciones muy sustanciales. Mauricio Sebasti\u00e1n Montaner, de 22 a\u00f1os, y Ricardo Andr\u00e9s Montaner, de 25, nombres reales de los j\u00f3venes, son hijos del reconocido cantante y compositor Ricardo Montaner, por lo que traen innato el talento y la pasi\u00f3n por la m\u00fasica.<\/p>\n","protected":false},"author":5,"featured_media":294934,"comment_status":"open","ping_status":"open","sticky":false,"template":"","format":"standard","meta":{"_monsterinsights_skip_tracking":false,"_monsterinsights_sitenote_active":false,"_monsterinsights_sitenote_note":"","_monsterinsights_sitenote_category":0,"footnotes":""},"categories":[17,12],"tags":[55004,3167],"class_list":["post-294932","post","type-post","status-publish","format-standard","has-post-thumbnail","hentry","category-especiales","category-espectaculos","tag-exspectaculos","tag-ricardo-montaner"],"_links":{"self":[{"href":"https:\/\/www.diarioimagen.net\/index.php?rest_route=\/wp\/v2\/posts\/294932","targetHints":{"allow":["GET"]}}],"collection":[{"href":"https:\/\/www.diarioimagen.net\/index.php?rest_route=\/wp\/v2\/posts"}],"about":[{"href":"https:\/\/www.diarioimagen.net\/index.php?rest_route=\/wp\/v2\/types\/post"}],"author":[{"embeddable":true,"href":"https:\/\/www.diarioimagen.net\/index.php?rest_route=\/wp\/v2\/users\/5"}],"replies":[{"embeddable":true,"href":"https:\/\/www.diarioimagen.net\/index.php?rest_route=%2Fwp%2Fv2%2Fcomments&post=294932"}],"version-history":[{"count":0,"href":"https:\/\/www.diarioimagen.net\/index.php?rest_route=\/wp\/v2\/posts\/294932\/revisions"}],"wp:featuredmedia":[{"embeddable":true,"href":"https:\/\/www.diarioimagen.net\/index.php?rest_route=\/wp\/v2\/media\/294934"}],"wp:attachment":[{"href":"https:\/\/www.diarioimagen.net\/index.php?rest_route=%2Fwp%2Fv2%2Fmedia&parent=294932"}],"wp:term":[{"taxonomy":"category","embeddable":true,"href":"https:\/\/www.diarioimagen.net\/index.php?rest_route=%2Fwp%2Fv2%2Fcategories&post=294932"},{"taxonomy":"post_tag","embeddable":true,"href":"https:\/\/www.diarioimagen.net\/index.php?rest_route=%2Fwp%2Fv2%2Ftags&post=294932"}],"curies":[{"name":"wp","href":"https:\/\/api.w.org\/{rel}","templated":true}]}}