{"id":294936,"date":"2016-10-23T23:55:56","date_gmt":"2016-10-24T04:55:56","guid":{"rendered":"http:\/\/www.diarioimagen.net\/?p=294936"},"modified":"2016-10-24T02:11:01","modified_gmt":"2016-10-24T07:11:01","slug":"inauguran-muro-del-artista-dedicado-a-mentiras-en-galerias-plaza-de-las-estrellas","status":"publish","type":"post","link":"https:\/\/www.diarioimagen.net\/?p=294936","title":{"rendered":"Inauguran <em>Muro del Artista<\/em>, dedicado a <em>Mentiras<\/em>, en Galer\u00edas Plaza de las Estrellas"},"content":{"rendered":"<ul>\n<li><em><strong>La presentaci\u00f3n se realiza en el marco de la cuarta Expo Fotogr\u00e1fica del Espect\u00e1culo<\/strong><\/em><\/li>\n<\/ul>\n<h6>\u00a0Arturo Arellano<\/h6>\n<p><strong>\u00a0<\/strong><\/p>\n<div id=\"attachment_294937\" style=\"width: 470px\" class=\"wp-caption aligncenter\"><a href=\"http:\/\/www.diarioimagen.net\/?attachment_id=294937\" rel=\"attachment wp-att-294937\"><img loading=\"lazy\" decoding=\"async\" aria-describedby=\"caption-attachment-294937\" class=\"size-large wp-image-294937\" src=\"http:\/\/www.diarioimagen.net\/wp-content\/uploads\/2016\/10\/muro-pooortal-460x359.jpg\" alt=\"La primera versi\u00f3n del Muro del Artista est\u00e1 dedicada a Mentiras, el musical, que est\u00e1 celebrando ocho a\u00f1os de historia y m\u00e1s de 2,700 representaciones. (fotos: Arturo Arellano\" width=\"460\" height=\"359\" srcset=\"https:\/\/www.diarioimagen.net\/wp-content\/uploads\/2016\/10\/muro-pooortal-460x359.jpg 460w, https:\/\/www.diarioimagen.net\/wp-content\/uploads\/2016\/10\/muro-pooortal-240x187.jpg 240w, https:\/\/www.diarioimagen.net\/wp-content\/uploads\/2016\/10\/muro-pooortal.jpg 700w\" sizes=\"auto, (max-width: 460px) 100vw, 460px\" \/><\/a><p id=\"caption-attachment-294937\" class=\"wp-caption-text\">La primera versi\u00f3n del <em>Muro del Artista<\/em> est\u00e1 dedicada a <em>Mentiras,<\/em> el musical, que est\u00e1 celebrando ocho a\u00f1os de historia y m\u00e1s de 2,700 representaciones. <em>(Foto: Arturo Arellano)<\/em><\/p><\/div>\n<p>&nbsp;<\/p>\n<p>Galer\u00edas Plaza de las Estrellas celebra al talento latino y en esta ocasi\u00f3n lo hace por partida doble, al inaugurar el <em>Muro del Artista<\/em>, en el primer piso de sus instalaciones, el cual permite que fot\u00f3grafos de espect\u00e1culos muestren su trabajo a todos los que pasen por ah\u00ed, reconociendo por medio de estas im\u00e1genes a sus protagonistas. La primera versi\u00f3n del <em>Muro del Artista<\/em> est\u00e1 dedicada a <em>Mentiras, el musical<\/em>, que est\u00e1 celebrando ocho a\u00f1os de historia y m\u00e1s de 2,700 representaciones, por lo que parte de su elenco y el productor Morris Gilbert se dieron cita para dar por inaugurada la muestra, en el marco de la cuarta Expo Fotogr\u00e1fica del Espect\u00e1culo, en la que se tiene trabajo de artistas, como Francisco Morales y Luis Ortiz, al frente de la misma.<\/p>\n<p>El corte de list\u00f3n se efectu\u00f3 con la presencia del productor Morris Gilbert, Crisanta G\u00f3mez, Gloria Aura, Hiromi, Majo Medell\u00edn, Ana Cecilia Anzald\u00faa, Efra\u00edn Berry, entre otros, que gentilemente agradecieron el trabajo de los fot\u00f3grafos por capturar los mejores momentos de su paso por <em>Mentiras, el musical<\/em>, \u201ces un gran honor que nos dediquen su trabajo, que plasmen de una manera tan profesional y tan bonita el trabajo que se hace en el teatro, es un gran placer estar aqu\u00ed con ustedes (fot\u00f3grafos), porque ustedes siempre est\u00e1n con nosotros, si no fuera por ustedes la gente no tendr\u00eda una imagen, una visi\u00f3n y un recuerdo de lo que pasa con los artistas, muchas gracias y muchas felicidades\u201d, dijo Morris Gilbert.<\/p>\n<p>Del \u00e9xito de <em>Mentiras, <\/em>Morris Gilbert dijo: \u201ces una situaci\u00f3n hist\u00f3rica llegar a este n\u00famero de representaciones, cuando arrancas con un proyecto nuevo tienes el sue\u00f1o de lograr grandes cosas, pero no siempre es el caso, por eso estamos muy contentos\u201d.<\/p>\n<p>Morris Gilbert recibi\u00f3 una estrella conmemorativa de parte de Edoardo Narv\u00e1ez, anfitri\u00f3n de la Galer\u00edas Plaza de las Estrellas, como reconocimiento a su gran labor dentro del teatro.<\/p>\n<p>Los fot\u00f3grafos al frente de esta exposici\u00f3n, que re\u00fane el trabajo de muchos fotoperiodistas del espect\u00e1culo coincidieron en que \u201ces un escaparate para las im\u00e1genes que capturamos en la labor del d\u00eda con d\u00eda, por otra parte tambi\u00e9n es una finalidad es que el p\u00fablico que asista al teatro pueda ver un resumen del musical a trav\u00e9s de las im\u00e1genes. <em>Mentiras, el musical<\/em> ha superado por mucho las expectativas no s\u00f3lo de los productores sino tambi\u00e9n de la prensa y el p\u00fablico, por ello tambi\u00e9n es un homenaje a su \u00e9xito\u201d, comentaron para asegurar que luego de que se retire la exposici\u00f3n de Galer\u00edas Plaza de las Estrellas, \u00e9sta ser\u00e1 obsequiada al elenco del montaje, para que se coloque en las instalaciones del Teatro M\u00e9xico.<\/p>\n","protected":false},"excerpt":{"rendered":"<p>Galer\u00edas Plaza de las Estrellas celebra al talento latino y en esta ocasi\u00f3n lo hace por partida doble, al inaugurar el <em>Muro del Artista<\/em>, en el primer piso de sus instalaciones, el cual permite que fot\u00f3grafos de espect\u00e1culos muestren su trabajo a todos los que pasen por ah\u00ed, reconociendo por medio de estas im\u00e1genes a sus protagonistas. La primera versi\u00f3n del <em>Muro del Artista<\/em> est\u00e1 dedicada a <em>Mentiras, el musical<\/em>, que est\u00e1 celebrando ocho a\u00f1os de historia y m\u00e1s de 2,700 representaciones, por lo que parte de su elenco y el productor Morris Gilbert se dieron cita para dar por inaugurada la muestra, en el marco de la cuarta Expo Fotogr\u00e1fica del Espect\u00e1culo, en la que se tiene trabajo de artistas, como Francisco Morales y Luis Ortiz, al frente de la misma.<\/p>\n","protected":false},"author":5,"featured_media":294938,"comment_status":"open","ping_status":"open","sticky":false,"template":"","format":"standard","meta":{"_monsterinsights_skip_tracking":false,"_monsterinsights_sitenote_active":false,"_monsterinsights_sitenote_note":"","_monsterinsights_sitenote_category":0,"footnotes":""},"categories":[17,12],"tags":[43682,33755,894],"class_list":["post-294936","post","type-post","status-publish","format-standard","has-post-thumbnail","hentry","category-especiales","category-espectaculos","tag-espectaculos","tag-galerias-plaza-de-las-estrellas","tag-mentiras"],"_links":{"self":[{"href":"https:\/\/www.diarioimagen.net\/index.php?rest_route=\/wp\/v2\/posts\/294936","targetHints":{"allow":["GET"]}}],"collection":[{"href":"https:\/\/www.diarioimagen.net\/index.php?rest_route=\/wp\/v2\/posts"}],"about":[{"href":"https:\/\/www.diarioimagen.net\/index.php?rest_route=\/wp\/v2\/types\/post"}],"author":[{"embeddable":true,"href":"https:\/\/www.diarioimagen.net\/index.php?rest_route=\/wp\/v2\/users\/5"}],"replies":[{"embeddable":true,"href":"https:\/\/www.diarioimagen.net\/index.php?rest_route=%2Fwp%2Fv2%2Fcomments&post=294936"}],"version-history":[{"count":0,"href":"https:\/\/www.diarioimagen.net\/index.php?rest_route=\/wp\/v2\/posts\/294936\/revisions"}],"wp:featuredmedia":[{"embeddable":true,"href":"https:\/\/www.diarioimagen.net\/index.php?rest_route=\/wp\/v2\/media\/294938"}],"wp:attachment":[{"href":"https:\/\/www.diarioimagen.net\/index.php?rest_route=%2Fwp%2Fv2%2Fmedia&parent=294936"}],"wp:term":[{"taxonomy":"category","embeddable":true,"href":"https:\/\/www.diarioimagen.net\/index.php?rest_route=%2Fwp%2Fv2%2Fcategories&post=294936"},{"taxonomy":"post_tag","embeddable":true,"href":"https:\/\/www.diarioimagen.net\/index.php?rest_route=%2Fwp%2Fv2%2Ftags&post=294936"}],"curies":[{"name":"wp","href":"https:\/\/api.w.org\/{rel}","templated":true}]}}