{"id":294952,"date":"2016-10-23T23:45:46","date_gmt":"2016-10-24T04:45:46","guid":{"rendered":"http:\/\/www.diarioimagen.net\/?p=294952"},"modified":"2016-10-24T02:12:35","modified_gmt":"2016-10-24T07:12:35","slug":"acuarelas-en-tango-trae-la-belleza-de-argentina-a-mexico","status":"publish","type":"post","link":"https:\/\/www.diarioimagen.net\/?p=294952","title":{"rendered":"<em>Acuarelas en Tango<\/em> trae la belleza de Argentina a M\u00e9xico"},"content":{"rendered":"<ul>\n<li><em><strong>El espect\u00e1culo pasional y rom\u00e1ntico que abarca m\u00fasica, baile y folclor en un solo escenario, se presentar\u00e1 por \u00fanica ocasi\u00f3n este 25 de octubre en el Teatro Wilberto Cant\u00f3n<\/strong><\/em><\/li>\n<\/ul>\n<h6>Arturo Arellano<\/h6>\n<p><strong>\u00a0<\/strong><\/p>\n<div id=\"attachment_294953\" style=\"width: 430px\" class=\"wp-caption aligncenter\"><a href=\"http:\/\/www.diarioimagen.net\/?attachment_id=294953\" rel=\"attachment wp-att-294953\"><img loading=\"lazy\" decoding=\"async\" aria-describedby=\"caption-attachment-294953\" class=\"wp-image-294953\" src=\"http:\/\/www.diarioimagen.net\/wp-content\/uploads\/2016\/10\/tango-pooortal-308x460.jpg\" alt=\"Acuarelas en Tango est\u00e1 compuesto con 36 n\u00fameros musicales y estupendas interpretaciones de su elenco, compuesto por cuatro m\u00fasicos, dos cantantes, dos parejas de baile de tango y una pareja de folcloristas.\" width=\"420\" height=\"628\" srcset=\"https:\/\/www.diarioimagen.net\/wp-content\/uploads\/2016\/10\/tango-pooortal-308x460.jpg 308w, https:\/\/www.diarioimagen.net\/wp-content\/uploads\/2016\/10\/tango-pooortal-161x240.jpg 161w, https:\/\/www.diarioimagen.net\/wp-content\/uploads\/2016\/10\/tango-pooortal.jpg 700w\" sizes=\"auto, (max-width: 420px) 100vw, 420px\" \/><\/a><p id=\"caption-attachment-294953\" class=\"wp-caption-text\"><em>Acuarelas en Tango<\/em> est\u00e1 compuesto con 36 n\u00fameros musicales y estupendas interpretaciones de su elenco, compuesto por cuatro m\u00fasicos, dos cantantes, dos parejas de baile de tango y una pareja de folcloristas.<\/p><\/div>\n<p>&nbsp;<\/p>\n<p>H\u00e9ctor \u201cBocha\u201d Mazza, director musical, arreglista y pianista, en sociedad con Agust\u00edn Grajales Garc\u00eda, productor y director t\u00e9cnico realizan el pasional y rom\u00e1ntico espect\u00e1culo <em>Acuarelas en Tango<\/em>, que sin duda trae la belleza argentina a M\u00e9xico, con sus m\u00e1s especiales vertientes art\u00edsticas, la m\u00fasica de tango, su baile y folclor, que estar\u00e1n se presentando por \u00fanica ocasi\u00f3n este 25 de octubre en el teatro Wilberto Cant\u00f3n a las 20:30 horas, haciendo un recorrido por la obra de los m\u00e1s grandes autores int\u00e9rpretes del g\u00e9nero desde Carlitos Gardel, hasta Astor Piazzola.<\/p>\n<p>En entrevista con <strong>DIARIO IMAGEN<\/strong>, los responsables de este espect\u00e1culo hablaron al respecto \u201cla idea surge hace muchos a\u00f1os con el maestro Mazza, la tuvo \u00e9l hace muchos a\u00f1os y ah\u00ed la ten\u00edamos guardada, nos conocimos hace tres a\u00f1os y naci\u00f3 una gran amistad, siendo lo m\u00edo la producci\u00f3n y lo suyo la m\u00fasica, vimos nacer <em>Acuarelas en Tango<\/em>, que su nombre refiere a que el tango no es solo triste y nost\u00e1lgico, nosotros lo llenamos de color con baile, folclor y visuales en un solo escenario, es un g\u00e9nero que se piensa que es solo para viejitos pero hoy los j\u00f3venes est\u00e1n muy enganchados con el tango\u201d, dijo Agust\u00edn Grajales.<\/p>\n<p>\u201cSomos un equipo de cuatro m\u00fasicos, una pareja de cantantes, dos parejas de bailarines y una m\u00e1s de folclor, unos gauchos, que hacen la suerte del argentino con las boleadoras. Abarcamos un repertorio cl\u00e1sico pasando por Gardel, obviamente no se puede hablar de tango sin \u00e9l, hasta llegar a Piazzola, que es de lo m\u00e1s reciente. Hay coreograf\u00edas grupales muy bonitas, coreograf\u00edas individuales, intervenci\u00f3n de los cantantes con los bailarines, temas instrumentales con el cuarteto, cantos a dueto y muchas sorpresas, es un compendio completo y contundente\u201d, se\u00f1al\u00f3 H\u00e9ctor \u201cBocha\u201d Mazza.<\/p>\n<p>El repertorio del espect\u00e1culo tiene una duraci\u00f3n aproximada de una hora y media \u201cLo eleg\u00ed porque llevo muchos a\u00f1os en M\u00e9xico tocando tango y ya se el gusto del mexicano por esta m\u00fasica, siempre me han tratado de maravilla y en base a eso formulamos este espect\u00e1culo\u201d. De la parte de la producci\u00f3n Agust\u00edn Grajales asegur\u00f3 que est\u00e1 perfectamente cuidada, desde los micr\u00f3fonos de cada elemento, vestuarios a cargo de la esposa de Mazza y video proyecciones de animaciones y temas <em>ad hoc<\/em> de cada n\u00famero musical.<\/p>\n<p>Siendo el \u00fanico espect\u00e1culo de tales caracter\u00edsticas en M\u00e9xico, detallaron que \u201cel tango originalmente era con guitarra, viol\u00edn y flauta, despu\u00e9s se le fueron agregando instrumentos como el contrabajo, el piano y despu\u00e9s un alem\u00e1n trajo el bandone\u00f3n, \u00e9l jam\u00e1s imagin\u00f3 el revuelo que iba a causar en Buenos Aires, que se adapt\u00f3 al tango y no se concibe el g\u00e9nero sin bandone\u00f3n. Para el espect\u00e1culo se le da m\u00e1s fuerza con un grupo completo, piano, bandone\u00f3n, contrabajo, voces para hacer cada tema, entre tangos, valses y la hermana menor del tango la milonga, todo esto est\u00e1 enfocado al p\u00fablico mexicano\u201d.<\/p>\n<p>Este martes 25 de octubre se realizar\u00e1 este magno espect\u00e1culo en el escenario del Teatro Wilberto Cant\u00f3n en punto de las 21:00 horas por \u00fanica ocasi\u00f3n en la Ciudad de M\u00e9xico, para luego presentarse en Guadalajara el 10 de noviembre en el Teatro Galer\u00edas.<\/p>\n","protected":false},"excerpt":{"rendered":"<p>H\u00e9ctor \u201cBocha\u201d Mazza, director musical, arreglista y pianista, en sociedad con Agust\u00edn Grajales Garc\u00eda, productor y director t\u00e9cnico realizan el pasional y rom\u00e1ntico espect\u00e1culo Acuarelas en Tango, que sin duda trae la belleza argentina a M\u00e9xico, con sus m\u00e1s especiales vertientes art\u00edsticas, la m\u00fasica de tango, su baile y folclor, que estar\u00e1n se presentando por \u00fanica ocasi\u00f3n este 25 de octubre en el teatro Wilberto Cant\u00f3n a las 20:30 horas, haciendo un recorrido por la obra de los m\u00e1s grandes autores int\u00e9rpretes del g\u00e9nero desde Carlitos Gardel, hasta Astor Piazzola.<\/p>\n","protected":false},"author":5,"featured_media":294954,"comment_status":"open","ping_status":"open","sticky":false,"template":"","format":"standard","meta":{"_monsterinsights_skip_tracking":false,"_monsterinsights_sitenote_active":false,"_monsterinsights_sitenote_note":"","_monsterinsights_sitenote_category":0,"footnotes":""},"categories":[17,12],"tags":[55004],"class_list":["post-294952","post","type-post","status-publish","format-standard","has-post-thumbnail","hentry","category-especiales","category-espectaculos","tag-exspectaculos"],"_links":{"self":[{"href":"https:\/\/www.diarioimagen.net\/index.php?rest_route=\/wp\/v2\/posts\/294952","targetHints":{"allow":["GET"]}}],"collection":[{"href":"https:\/\/www.diarioimagen.net\/index.php?rest_route=\/wp\/v2\/posts"}],"about":[{"href":"https:\/\/www.diarioimagen.net\/index.php?rest_route=\/wp\/v2\/types\/post"}],"author":[{"embeddable":true,"href":"https:\/\/www.diarioimagen.net\/index.php?rest_route=\/wp\/v2\/users\/5"}],"replies":[{"embeddable":true,"href":"https:\/\/www.diarioimagen.net\/index.php?rest_route=%2Fwp%2Fv2%2Fcomments&post=294952"}],"version-history":[{"count":0,"href":"https:\/\/www.diarioimagen.net\/index.php?rest_route=\/wp\/v2\/posts\/294952\/revisions"}],"wp:featuredmedia":[{"embeddable":true,"href":"https:\/\/www.diarioimagen.net\/index.php?rest_route=\/wp\/v2\/media\/294954"}],"wp:attachment":[{"href":"https:\/\/www.diarioimagen.net\/index.php?rest_route=%2Fwp%2Fv2%2Fmedia&parent=294952"}],"wp:term":[{"taxonomy":"category","embeddable":true,"href":"https:\/\/www.diarioimagen.net\/index.php?rest_route=%2Fwp%2Fv2%2Fcategories&post=294952"},{"taxonomy":"post_tag","embeddable":true,"href":"https:\/\/www.diarioimagen.net\/index.php?rest_route=%2Fwp%2Fv2%2Ftags&post=294952"}],"curies":[{"name":"wp","href":"https:\/\/api.w.org\/{rel}","templated":true}]}}