{"id":294983,"date":"2016-10-24T00:07:50","date_gmt":"2016-10-24T05:07:50","guid":{"rendered":"http:\/\/www.diarioimagen.net\/?p=294983"},"modified":"2016-10-24T04:56:54","modified_gmt":"2016-10-24T09:56:54","slug":"asisten-mas-de-73-mil-personas-en-onceavo-dia-del-festival-luminaria","status":"publish","type":"post","link":"https:\/\/www.diarioimagen.net\/?p=294983","title":{"rendered":"Asisten m\u00e1s de 73 mil personas en onceavo d\u00eda del festival Luminaria"},"content":{"rendered":"<ul>\n<li><strong><em>Eventos de calidad, destaca alcaldesa<\/em><\/strong><\/li>\n<\/ul>\n<p>&nbsp;<\/p>\n<div id=\"attachment_295070\" style=\"width: 470px\" class=\"wp-caption aligncenter\"><a href=\"http:\/\/www.diarioimagen.net\/?attachment_id=295070\" rel=\"attachment wp-att-295070\"><img loading=\"lazy\" decoding=\"async\" aria-describedby=\"caption-attachment-295070\" class=\"size-large wp-image-295070\" src=\"http:\/\/www.diarioimagen.net\/wp-content\/uploads\/2016\/10\/ATIZAPAN-2981-460x259.jpg\" alt=\"La alcaldesa, Ana Mar\u00eda Balderas Trejo, mencion\u00f3 que el r\u00e9cord de asistencia registrado es una muestra clara de que \u201cLuminaria\u201d es un festival de calidad.\" width=\"460\" height=\"259\" srcset=\"https:\/\/www.diarioimagen.net\/wp-content\/uploads\/2016\/10\/ATIZAPAN-2981-460x259.jpg 460w, https:\/\/www.diarioimagen.net\/wp-content\/uploads\/2016\/10\/ATIZAPAN-2981-240x135.jpg 240w, https:\/\/www.diarioimagen.net\/wp-content\/uploads\/2016\/10\/ATIZAPAN-2981-235x132.jpg 235w, https:\/\/www.diarioimagen.net\/wp-content\/uploads\/2016\/10\/ATIZAPAN-2981-202x114.jpg 202w, https:\/\/www.diarioimagen.net\/wp-content\/uploads\/2016\/10\/ATIZAPAN-2981-350x196.jpg 350w, https:\/\/www.diarioimagen.net\/wp-content\/uploads\/2016\/10\/ATIZAPAN-2981-220x123.jpg 220w, https:\/\/www.diarioimagen.net\/wp-content\/uploads\/2016\/10\/ATIZAPAN-2981-237x132.jpg 237w, https:\/\/www.diarioimagen.net\/wp-content\/uploads\/2016\/10\/ATIZAPAN-2981.jpg 480w\" sizes=\"auto, (max-width: 460px) 100vw, 460px\" \/><\/a><p id=\"caption-attachment-295070\" class=\"wp-caption-text\">La alcaldesa, Ana Mar\u00eda Balderas Trejo, mencion\u00f3 que el r\u00e9cord de asistencia registrado es una muestra clara de que \u201cLuminaria\u201d es un festival de calidad.<\/p><\/div>\n<p>&nbsp;<\/p>\n<p><strong>Atizap\u00e1n, Estado de M\u00e9xico<\/strong>.- Sin lugar a duda, el \u201cXV Festival Internacional de las Artes Luminaria 2016\u201d, que se realiza en el municipio, se ha consolidado como uno de los festivales culturales m\u00e1s importantes del Valle de M\u00e9xico y del pa\u00eds, pues en su d\u00e9cimo primer d\u00eda reuni\u00f3 a m\u00e1s de 73 mil personas en sus diferentes sedes.<\/p>\n<p>La locura invadi\u00f3 el deportivo Ignacio Zaragoza, cuando el rock mexicano, a cargo de \u201cLira N\u00b4Roll\u201d se dej\u00f3 escuchar con los temas de anta\u00f1o que le dieran fama. \u201cMar\u00eda\u201d, \u201cEl perdedor\u201d, \u201cQuiero mi vida cambiar\u201d, \u201cRecuerdos\u201d y \u201cCuarto para las dos\u201d, encendieron el furor entre los asistentes que no dejaban de cantar a garganta abierta.<\/p>\n<p>Alrededor de las 10 de la noche, la famosa banda mexicana de rock \u201cEl TRI\u201d, liderada por Alex Lora, aument\u00f3 el \u00e9xtasis de los m\u00e1s de 50 mil asistentes cuando comenzaron a tocar temas \u201cTriste canci\u00f3n de amor\u201d, \u201cLas piedras rodantes\u201d, \u201cMetro Balderas\u201d, \u201cOye cantinero\u201d y \u201cNi\u00f1o sin amor\u201d, entre\u00a0 otros \u00e9xitos.<\/p>\n<p>Fue necesario montar un estricto operativo de vigilancia en la zona y calles aleda\u00f1as por parte de la polic\u00eda municipal para fortalecer la seguridad, mientras que en los puntos de revisi\u00f3n los oficiales examinaban morrales y bolsas.<\/p>\n<p>De la misma manera, las medidas de seguridad en la sede del Palacio Municipal estuvieron trabajando al m\u00e1ximo para salvaguardad a las m\u00e1s de 11 mil personas que se dieron cita en la presentaci\u00f3n del\u00a0 famoso cantante Jos\u00e9 Mar\u00eda\u00a0Napole\u00f3n.<\/p>\n<p>La presidenta municipal, Ana Mar\u00eda Balderas Trejo, mencion\u00f3 que el r\u00e9cord de asistencia registrado en ese d\u00eda, es una muestra clara de que \u201cLuminaria\u201d es un festival de calidad e incluyente, que goza de prestigio nacional e internacional, pero sobre todo del reconocimiento de los atizapenses.<\/p>\n<p>&nbsp;<\/p>\n","protected":false},"excerpt":{"rendered":"<p>Sin lugar a duda, el \u201cXV Festival Internacional de las Artes Luminaria 2016\u201d, que se realiza en el municipio, se ha consolidado como uno de los festivales culturales m\u00e1s importantes del Valle de M\u00e9xico y del pa\u00eds, pues en su d\u00e9cimo primer d\u00eda reuni\u00f3 a m\u00e1s de 73 mil personas en sus diferentes sedes.<\/p>\n","protected":false},"author":3,"featured_media":295070,"comment_status":"open","ping_status":"open","sticky":false,"template":"","format":"standard","meta":{"_monsterinsights_skip_tracking":false,"_monsterinsights_sitenote_active":false,"_monsterinsights_sitenote_note":"","_monsterinsights_sitenote_category":0,"footnotes":""},"categories":[35155],"tags":[43675],"class_list":["post-294983","post","type-post","status-publish","format-standard","has-post-thumbnail","hentry","category-estado-de-mexico-estado-de-mexico","tag-estado-de-mexico"],"_links":{"self":[{"href":"https:\/\/www.diarioimagen.net\/index.php?rest_route=\/wp\/v2\/posts\/294983","targetHints":{"allow":["GET"]}}],"collection":[{"href":"https:\/\/www.diarioimagen.net\/index.php?rest_route=\/wp\/v2\/posts"}],"about":[{"href":"https:\/\/www.diarioimagen.net\/index.php?rest_route=\/wp\/v2\/types\/post"}],"author":[{"embeddable":true,"href":"https:\/\/www.diarioimagen.net\/index.php?rest_route=\/wp\/v2\/users\/3"}],"replies":[{"embeddable":true,"href":"https:\/\/www.diarioimagen.net\/index.php?rest_route=%2Fwp%2Fv2%2Fcomments&post=294983"}],"version-history":[{"count":0,"href":"https:\/\/www.diarioimagen.net\/index.php?rest_route=\/wp\/v2\/posts\/294983\/revisions"}],"wp:featuredmedia":[{"embeddable":true,"href":"https:\/\/www.diarioimagen.net\/index.php?rest_route=\/wp\/v2\/media\/295070"}],"wp:attachment":[{"href":"https:\/\/www.diarioimagen.net\/index.php?rest_route=%2Fwp%2Fv2%2Fmedia&parent=294983"}],"wp:term":[{"taxonomy":"category","embeddable":true,"href":"https:\/\/www.diarioimagen.net\/index.php?rest_route=%2Fwp%2Fv2%2Fcategories&post=294983"},{"taxonomy":"post_tag","embeddable":true,"href":"https:\/\/www.diarioimagen.net\/index.php?rest_route=%2Fwp%2Fv2%2Ftags&post=294983"}],"curies":[{"name":"wp","href":"https:\/\/api.w.org\/{rel}","templated":true}]}}