{"id":294993,"date":"2016-10-24T00:05:54","date_gmt":"2016-10-24T05:05:54","guid":{"rendered":"http:\/\/www.diarioimagen.net\/?p=294993"},"modified":"2016-10-24T06:58:30","modified_gmt":"2016-10-24T11:58:30","slug":"termina-curso-de-capacitacion-a-servidores-publicos-en-c-izcalli","status":"publish","type":"post","link":"https:\/\/www.diarioimagen.net\/?p=294993","title":{"rendered":"Termina curso de capacitaci\u00f3n a servidores p\u00fablicos en C. Izcalli"},"content":{"rendered":"<ul>\n<li><strong><em>Campa\u00f1a de sensibilizaci\u00f3n sobre DH<\/em><\/strong><\/li>\n<\/ul>\n<p>&nbsp;<\/p>\n<div id=\"attachment_295081\" style=\"width: 470px\" class=\"wp-caption aligncenter\"><a href=\"http:\/\/www.diarioimagen.net\/?attachment_id=295081\" rel=\"attachment wp-att-295081\"><img loading=\"lazy\" decoding=\"async\" aria-describedby=\"caption-attachment-295081\" class=\"size-large wp-image-295081\" src=\"http:\/\/www.diarioimagen.net\/wp-content\/uploads\/2016\/10\/CUAUTITLAN-2981-460x259.jpg\" alt=\"Concluy\u00f3 el cuarto curso del Programa Anual de Capacitaci\u00f3n para Servidores P\u00fablicos de Cuautitl\u00e1n Izcalli.\" width=\"460\" height=\"259\" srcset=\"https:\/\/www.diarioimagen.net\/wp-content\/uploads\/2016\/10\/CUAUTITLAN-2981-460x259.jpg 460w, https:\/\/www.diarioimagen.net\/wp-content\/uploads\/2016\/10\/CUAUTITLAN-2981-240x135.jpg 240w, https:\/\/www.diarioimagen.net\/wp-content\/uploads\/2016\/10\/CUAUTITLAN-2981-235x132.jpg 235w, https:\/\/www.diarioimagen.net\/wp-content\/uploads\/2016\/10\/CUAUTITLAN-2981-202x114.jpg 202w, https:\/\/www.diarioimagen.net\/wp-content\/uploads\/2016\/10\/CUAUTITLAN-2981-350x196.jpg 350w, https:\/\/www.diarioimagen.net\/wp-content\/uploads\/2016\/10\/CUAUTITLAN-2981-220x123.jpg 220w, https:\/\/www.diarioimagen.net\/wp-content\/uploads\/2016\/10\/CUAUTITLAN-2981-237x132.jpg 237w, https:\/\/www.diarioimagen.net\/wp-content\/uploads\/2016\/10\/CUAUTITLAN-2981.jpg 480w\" sizes=\"auto, (max-width: 460px) 100vw, 460px\" \/><\/a><p id=\"caption-attachment-295081\" class=\"wp-caption-text\">Concluy\u00f3 el cuarto curso del Programa Anual de Capacitaci\u00f3n para Servidores P\u00fablicos de Cuautitl\u00e1n Izcalli.<\/p><\/div>\n<p>&nbsp;<\/p>\n<p><strong>Cuautitl\u00e1n Izcalli, Estado de M\u00e9xico<\/strong>.- Con \u00e9xito finaliz\u00f3 el cuarto curso del Programa Anual de Capacitaci\u00f3n para Servidores P\u00fablicos de esta ciudad, que efectu\u00f3 la Comisi\u00f3n de Derechos Humanos del Estado de M\u00e9xico en coordinaci\u00f3n con la Defensor\u00eda Municipal, con el objetivo de sensibilizar a los empleados respecto a sus obligaciones y garant\u00edas, y as\u00ed garantizar una mejor labor de \u00e9stos para la ciudadan\u00eda.<\/p>\n<p>Mar\u00eda de Lourdes Machuca Monroy, titular de la Defensor\u00eda Municipal de Derechos Humanos de Cuautitl\u00e1n Izcalli, destac\u00f3 la importancia de estas pl\u00e1ticas en las que \u201cse trata de sensibilizar a los izcallenses asumiendo de manera correcta sus obligaciones y derechos con los que cuenta en los diversos roles de la vida, ya sea como estudiantes, empleado, padre, madre o hijo\u201d.<\/p>\n<p>En el marco de estas capacitaciones, las ni\u00f1as y ni\u00f1os del Instituto Educativo Madame Curie, S.C., recibieron un curso con el tema, \u201cValores y Derechos Humanos de las Ni\u00f1as y los Ni\u00f1os\u201d; as\u00ed mismo con los adolescentes de esta misma instituci\u00f3n, se desarroll\u00f3 otro evento con la tem\u00e1tica \u201cRiesgos de los Adolescentes en la Sociedad Actual\u201d.<\/p>\n<p>Cabe destacar que dentro de los sectores institucionales se trabaj\u00f3 con el Sistema Municipal DIF de Cuautitl\u00e1n Izcalli, beneficiando a 200 asistentes de esta dependencia que reforzaron su conocimiento respecto a los \u201cDerechos Humanos y el Servicio P\u00fablico\u201d.<\/p>\n<p>&nbsp;<\/p>\n","protected":false},"excerpt":{"rendered":"<p>Con \u00e9xito finaliz\u00f3 el cuarto curso del Programa Anual de Capacitaci\u00f3n para Servidores P\u00fablicos de esta ciudad, que efectu\u00f3 la Comisi\u00f3n de Derechos Humanos del Estado de M\u00e9xico en coordinaci\u00f3n con la Defensor\u00eda Municipal, con el objetivo de sensibilizar a los empleados respecto a sus obligaciones y garant\u00edas, y as\u00ed garantizar una mejor labor de \u00e9stos para la ciudadan\u00eda.<\/p>\n","protected":false},"author":3,"featured_media":295081,"comment_status":"open","ping_status":"open","sticky":false,"template":"","format":"standard","meta":{"_monsterinsights_skip_tracking":false,"_monsterinsights_sitenote_active":false,"_monsterinsights_sitenote_note":"","_monsterinsights_sitenote_category":0,"footnotes":""},"categories":[35155],"tags":[25972,971,43675,2575],"class_list":["post-294993","post","type-post","status-publish","format-standard","has-post-thumbnail","hentry","category-estado-de-mexico-estado-de-mexico","tag-capacitacion","tag-cuautitlan-izcalli","tag-estado-de-mexico","tag-servidores-publicos"],"_links":{"self":[{"href":"https:\/\/www.diarioimagen.net\/index.php?rest_route=\/wp\/v2\/posts\/294993","targetHints":{"allow":["GET"]}}],"collection":[{"href":"https:\/\/www.diarioimagen.net\/index.php?rest_route=\/wp\/v2\/posts"}],"about":[{"href":"https:\/\/www.diarioimagen.net\/index.php?rest_route=\/wp\/v2\/types\/post"}],"author":[{"embeddable":true,"href":"https:\/\/www.diarioimagen.net\/index.php?rest_route=\/wp\/v2\/users\/3"}],"replies":[{"embeddable":true,"href":"https:\/\/www.diarioimagen.net\/index.php?rest_route=%2Fwp%2Fv2%2Fcomments&post=294993"}],"version-history":[{"count":0,"href":"https:\/\/www.diarioimagen.net\/index.php?rest_route=\/wp\/v2\/posts\/294993\/revisions"}],"wp:featuredmedia":[{"embeddable":true,"href":"https:\/\/www.diarioimagen.net\/index.php?rest_route=\/wp\/v2\/media\/295081"}],"wp:attachment":[{"href":"https:\/\/www.diarioimagen.net\/index.php?rest_route=%2Fwp%2Fv2%2Fmedia&parent=294993"}],"wp:term":[{"taxonomy":"category","embeddable":true,"href":"https:\/\/www.diarioimagen.net\/index.php?rest_route=%2Fwp%2Fv2%2Fcategories&post=294993"},{"taxonomy":"post_tag","embeddable":true,"href":"https:\/\/www.diarioimagen.net\/index.php?rest_route=%2Fwp%2Fv2%2Ftags&post=294993"}],"curies":[{"name":"wp","href":"https:\/\/api.w.org\/{rel}","templated":true}]}}