{"id":295000,"date":"2016-10-24T00:06:36","date_gmt":"2016-10-24T05:06:36","guid":{"rendered":"http:\/\/www.diarioimagen.net\/?p=295000"},"modified":"2016-10-24T07:08:03","modified_gmt":"2016-10-24T12:08:03","slug":"inicio-uaem-vinculos-con-consulado-de-mexico-en-san-antonio-texas","status":"publish","type":"post","link":"https:\/\/www.diarioimagen.net\/?p=295000","title":{"rendered":"Inici\u00f3 UAEM v\u00ednculos con consulado de M\u00e9xico en San Antonio, Texas"},"content":{"rendered":"<p><a href=\"http:\/\/www.diarioimagen.net\/?attachment_id=295088\" rel=\"attachment wp-att-295088\"><img loading=\"lazy\" decoding=\"async\" class=\"aligncenter size-large wp-image-295088\" src=\"http:\/\/www.diarioimagen.net\/wp-content\/uploads\/2016\/10\/UAEM-2981-460x259.jpg\" alt=\"uaem-2981\" width=\"460\" height=\"259\" srcset=\"https:\/\/www.diarioimagen.net\/wp-content\/uploads\/2016\/10\/UAEM-2981-460x259.jpg 460w, https:\/\/www.diarioimagen.net\/wp-content\/uploads\/2016\/10\/UAEM-2981-240x135.jpg 240w, https:\/\/www.diarioimagen.net\/wp-content\/uploads\/2016\/10\/UAEM-2981-235x132.jpg 235w, https:\/\/www.diarioimagen.net\/wp-content\/uploads\/2016\/10\/UAEM-2981-202x114.jpg 202w, https:\/\/www.diarioimagen.net\/wp-content\/uploads\/2016\/10\/UAEM-2981-350x196.jpg 350w, https:\/\/www.diarioimagen.net\/wp-content\/uploads\/2016\/10\/UAEM-2981-220x123.jpg 220w, https:\/\/www.diarioimagen.net\/wp-content\/uploads\/2016\/10\/UAEM-2981-237x132.jpg 237w, https:\/\/www.diarioimagen.net\/wp-content\/uploads\/2016\/10\/UAEM-2981.jpg 480w\" sizes=\"auto, (max-width: 460px) 100vw, 460px\" \/><\/a><\/p>\n<p>&nbsp;<\/p>\n<p>El rector de la Universidad Aut\u00f3noma del Estado de M\u00e9xico (UAEM), Jorge Olvera Garc\u00eda, sostuvo una reuni\u00f3n de trabajo con el c\u00f3nsul de M\u00e9xico en San Antonio, Texas, H\u00e9ctor Velasco Monroy, e inici\u00f3 los trabajos de vinculaci\u00f3n con esta sede diplom\u00e1tica, que permitir\u00e1n a la instituci\u00f3n mexiquense extender los servicios que presta a los migrantes mexicanos que radican en Estados Unidos.<\/p>\n<p>&nbsp;<\/p>\n","protected":false},"excerpt":{"rendered":"<p>El rector de la Universidad Aut\u00f3noma del Estado de M\u00e9xico (UAEM), Jorge Olvera Garc\u00eda, sostuvo una reuni\u00f3n de trabajo con el c\u00f3nsul de M\u00e9xico en San Antonio, Texas, H\u00e9ctor Velasco Monroy, e inici\u00f3 los trabajos de vinculaci\u00f3n con esta sede diplom\u00e1tica, que permitir\u00e1n a la instituci\u00f3n mexiquense extender los servicios que presta a los migrantes mexicanos que radican en Estados Unidos.<\/p>\n","protected":false},"author":3,"featured_media":295088,"comment_status":"open","ping_status":"open","sticky":false,"template":"","format":"standard","meta":{"_monsterinsights_skip_tracking":false,"_monsterinsights_sitenote_active":false,"_monsterinsights_sitenote_note":"","_monsterinsights_sitenote_category":0,"footnotes":""},"categories":[35155],"tags":[11723,1491],"class_list":["post-295000","post","type-post","status-publish","format-standard","has-post-thumbnail","hentry","category-estado-de-mexico-estado-de-mexico","tag-san-antonio","tag-uaem"],"_links":{"self":[{"href":"https:\/\/www.diarioimagen.net\/index.php?rest_route=\/wp\/v2\/posts\/295000","targetHints":{"allow":["GET"]}}],"collection":[{"href":"https:\/\/www.diarioimagen.net\/index.php?rest_route=\/wp\/v2\/posts"}],"about":[{"href":"https:\/\/www.diarioimagen.net\/index.php?rest_route=\/wp\/v2\/types\/post"}],"author":[{"embeddable":true,"href":"https:\/\/www.diarioimagen.net\/index.php?rest_route=\/wp\/v2\/users\/3"}],"replies":[{"embeddable":true,"href":"https:\/\/www.diarioimagen.net\/index.php?rest_route=%2Fwp%2Fv2%2Fcomments&post=295000"}],"version-history":[{"count":0,"href":"https:\/\/www.diarioimagen.net\/index.php?rest_route=\/wp\/v2\/posts\/295000\/revisions"}],"wp:featuredmedia":[{"embeddable":true,"href":"https:\/\/www.diarioimagen.net\/index.php?rest_route=\/wp\/v2\/media\/295088"}],"wp:attachment":[{"href":"https:\/\/www.diarioimagen.net\/index.php?rest_route=%2Fwp%2Fv2%2Fmedia&parent=295000"}],"wp:term":[{"taxonomy":"category","embeddable":true,"href":"https:\/\/www.diarioimagen.net\/index.php?rest_route=%2Fwp%2Fv2%2Fcategories&post=295000"},{"taxonomy":"post_tag","embeddable":true,"href":"https:\/\/www.diarioimagen.net\/index.php?rest_route=%2Fwp%2Fv2%2Ftags&post=295000"}],"curies":[{"name":"wp","href":"https:\/\/api.w.org\/{rel}","templated":true}]}}