{"id":295299,"date":"2016-10-25T00:06:03","date_gmt":"2016-10-25T05:06:03","guid":{"rendered":"http:\/\/www.diarioimagen.net\/?p=295299"},"modified":"2016-10-26T02:03:21","modified_gmt":"2016-10-26T07:03:21","slug":"dialogo-de-sordos","status":"publish","type":"post","link":"https:\/\/www.diarioimagen.net\/?p=295299","title":{"rendered":"Di\u00e1logo de sordos"},"content":{"rendered":"<h2>Detr\u00e1s del Poder<\/h2>\n<h5>Jos\u00e9 Antonio L\u00f3pez Sosa<\/h5>\n<p>&nbsp;<\/p>\n<p>En Venezuela se augura un di\u00e1logo que no llevar\u00e1 a ning\u00fan lado. El Estado Vaticano ha sido el mediador para que en Isla Margarita se sienten oficialistas y opositores a discutir y a negociar una salida para el terrible conflicto econ\u00f3mico, pol\u00edtico y social que cada d\u00eda arrecia en el pa\u00eds.<\/p>\n<p>Ahora bien, \u00bfc\u00f3mo puede existir di\u00e1logo cuando el gobierno ha echado atr\u00e1s un derecho democr\u00e1tico de la oposici\u00f3n?, me refiero al referendo revocatorio. El propio Hugo Ch\u00e1vez se someti\u00f3 a uno donde sali\u00f3 airoso.<\/p>\n<p>Un di\u00e1logo se establece cuando hay condiciones de equidad sobre la mesa, en este caso no las hay. Para iniciar el di\u00e1logo el gobierno venezolano debiera poner fin a esa intenci\u00f3n de frenar a como d\u00e9 lugar ese referendo.<\/p>\n<p>Tambi\u00e9n debemos destacar que en Venezuela, la oposici\u00f3n no trabaja sistem\u00e1ticamente a favor de la ciudadan\u00eda, existen intereses mezquinos que desv\u00edan la visi\u00f3n original que su proyecto tuvo al lograr la mayor\u00eda en la Asamblea Nacional. La oposici\u00f3n tambi\u00e9n est\u00e1 sacando ventaja pol\u00edtica del hecho, sobre todo ciertos liderazgos que consideran el momento de hacerse notar, bajo el pretexto de la crisis.<\/p>\n<p>Si el gobierno de Nicol\u00e1s Maduro no permite el referendo, hablaremos entonces de la instauraci\u00f3n de una aut\u00e9ntica dictadura, donde los valores democr\u00e1ticos que la misma revoluci\u00f3n bolivariana trajo, est\u00e1n siendo desestimados por completo.<\/p>\n<p><em><a href=\"http:\/\/www.lopezsosa.com\" target=\"_blank\">www.lopezsosa.com<\/a><\/em><br \/>\n<em><a href=\"mailto:joseantonio@lopezsosa.com\" target=\"_blank\">joseantonio@lopezsosa.com<\/a><\/em><br \/>\n<em><a href=\"http:\/\/twitter.com\/joseantonio1977\" target=\"_blank\">@joseantonio1977<\/a><\/em><\/p>\n","protected":false},"excerpt":{"rendered":"<p><span style=\"color: #005497;\"><strong>Jos\u00e9 Antonio L\u00f3pez Sosa<\/strong><\/span><\/p>\n","protected":false},"author":3,"featured_media":0,"comment_status":"open","ping_status":"open","sticky":false,"template":"","format":"standard","meta":{"_monsterinsights_skip_tracking":false,"_monsterinsights_sitenote_active":false,"_monsterinsights_sitenote_note":"","_monsterinsights_sitenote_category":0,"footnotes":""},"categories":[637],"tags":[638,43690,43674],"class_list":["post-295299","post","type-post","status-publish","format-standard","hentry","category-jose-antonio-lopez-sosa","tag-detras-del-poder","tag-jose-antonio-lopez-sosa","tag-opinion"],"_links":{"self":[{"href":"https:\/\/www.diarioimagen.net\/index.php?rest_route=\/wp\/v2\/posts\/295299","targetHints":{"allow":["GET"]}}],"collection":[{"href":"https:\/\/www.diarioimagen.net\/index.php?rest_route=\/wp\/v2\/posts"}],"about":[{"href":"https:\/\/www.diarioimagen.net\/index.php?rest_route=\/wp\/v2\/types\/post"}],"author":[{"embeddable":true,"href":"https:\/\/www.diarioimagen.net\/index.php?rest_route=\/wp\/v2\/users\/3"}],"replies":[{"embeddable":true,"href":"https:\/\/www.diarioimagen.net\/index.php?rest_route=%2Fwp%2Fv2%2Fcomments&post=295299"}],"version-history":[{"count":0,"href":"https:\/\/www.diarioimagen.net\/index.php?rest_route=\/wp\/v2\/posts\/295299\/revisions"}],"wp:attachment":[{"href":"https:\/\/www.diarioimagen.net\/index.php?rest_route=%2Fwp%2Fv2%2Fmedia&parent=295299"}],"wp:term":[{"taxonomy":"category","embeddable":true,"href":"https:\/\/www.diarioimagen.net\/index.php?rest_route=%2Fwp%2Fv2%2Fcategories&post=295299"},{"taxonomy":"post_tag","embeddable":true,"href":"https:\/\/www.diarioimagen.net\/index.php?rest_route=%2Fwp%2Fv2%2Ftags&post=295299"}],"curies":[{"name":"wp","href":"https:\/\/api.w.org\/{rel}","templated":true}]}}