{"id":295388,"date":"2016-10-25T19:00:15","date_gmt":"2016-10-26T00:00:15","guid":{"rendered":"http:\/\/www.diarioimagen.net\/?p=295388"},"modified":"2016-10-27T00:48:40","modified_gmt":"2016-10-27T05:48:40","slug":"instalan-consejo-de-premiacion-de-la-presea-estado-de-mexico-2016","status":"publish","type":"post","link":"https:\/\/www.diarioimagen.net\/?p=295388","title":{"rendered":"Instalan Consejo de Premiaci\u00f3n de la Presea Estado de M\u00e9xico 2016"},"content":{"rendered":"<ul>\n<li><em><strong>Jos\u00e9 Manzur y Ana Lilia Herrera Anzaldo<\/strong><\/em><\/li>\n<\/ul>\n<p>&nbsp;<\/p>\n<div id=\"attachment_295389\" style=\"width: 470px\" class=\"wp-caption aligncenter\"><a href=\"http:\/\/www.diarioimagen.net\/?attachment_id=295389\" rel=\"attachment wp-att-295389\"><img loading=\"lazy\" decoding=\"async\" aria-describedby=\"caption-attachment-295389\" class=\"size-large wp-image-295389\" src=\"http:\/\/www.diarioimagen.net\/wp-content\/uploads\/2016\/10\/PRESEA26-portal-460x268.jpg\" alt=\"El secretario General de Gobierno, Jos\u00e9 Manzur y la secretaria de Educaci\u00f3n, Ana Lilia Herrera, instalaron el Consejo de Premiaci\u00f3n de la Presea Estado de M\u00e9xico 2016.\" width=\"460\" height=\"268\" srcset=\"https:\/\/www.diarioimagen.net\/wp-content\/uploads\/2016\/10\/PRESEA26-portal-460x268.jpg 460w, https:\/\/www.diarioimagen.net\/wp-content\/uploads\/2016\/10\/PRESEA26-portal-240x140.jpg 240w, https:\/\/www.diarioimagen.net\/wp-content\/uploads\/2016\/10\/PRESEA26-portal.jpg 480w\" sizes=\"auto, (max-width: 460px) 100vw, 460px\" \/><\/a><p id=\"caption-attachment-295389\" class=\"wp-caption-text\">El secretario General de Gobierno, Jos\u00e9 Manzur y la secretaria de Educaci\u00f3n, Ana Lilia Herrera, instalaron el Consejo de Premiaci\u00f3n de la Presea Estado de M\u00e9xico 2016.<\/p><\/div>\n<p>&nbsp;<\/p>\n<p><strong>Toluca, Estado de M\u00e9xico<\/strong>.- Al destacar que el Estado de M\u00e9xico es una tierra grande, de instituciones s\u00f3lidas y con oportunidades de desarrollo para sus habitantes, el secretario General de Gobierno, Jos\u00e9 Manzur Quiroga y la secretaria de Educaci\u00f3n, Ana Lilia Herrera Anzaldo, instalaron el Consejo de Premiaci\u00f3n de la Presea Estado de M\u00e9xico 2016, de conformidad con lo dispuesto en el reglamento del M\u00e9rito Civil estatal.<\/p>\n<p>Con esta acci\u00f3n, inician formalmente las actividades para otorgar este galard\u00f3n, el m\u00e1ximo que otorgan los poderes p\u00fablicos de la entidad a mujeres, hombres e instituciones ejemplares, por su talento, esfuerzo y dedicaci\u00f3n para el beneficio de la sociedad mexiquense.<\/p>\n<p>\u201cReconozco a los miembros de este consejo la solidaridad para preservar la identidad estatal y les externamos que el gobierno del doctor Eruviel \u00c1vila valora permanentemente el trabajo en esta tarea para distinguir p\u00fablicamente a hombres y mujeres cuya obra constituye un ejemplo para todos\u201d, subray\u00f3 Manzur Quiroga.<\/p>\n<p>A su vez, la titular de la Secretar\u00eda de Educaci\u00f3n dio a conocer el cronograma y las actividades del proceso de premiaci\u00f3n, e inform\u00f3 que \u00e9stas concluir\u00e1n el pr\u00f3ximo 2 de marzo de 2017, con la ceremonia de entrega de la Presea.<\/p>\n<p>Se\u00f1al\u00f3 que se otorgar\u00e1n 17 denominaciones a los mexiquenses participantes, con excepci\u00f3n de la Presea \u201cJos\u00e9 Mar\u00eda Luis Mora\u201d, que se confiere a quienes no sean oriundos ni habitantes del Estado de M\u00e9xico.<\/p>\n<p>Por su parte, el coordinador general de Comunicaci\u00f3n Social, Luis Alejandro Echegaray Su\u00e1rez, present\u00f3 los elementos que se incluir\u00e1n en el programa de difusi\u00f3n, tanto de la convocatoria, como del proceso de la estrategia de comunicaci\u00f3n y manifest\u00f3 que en lo que se refiere a la promoci\u00f3n a trav\u00e9s de redes sociales su buscar\u00e1 posicionar este galard\u00f3n al mantener un contacto m\u00e1s directo con la ciudadan\u00eda.<\/p>\n<p>Los miembros de este Consejo de Premiaci\u00f3n son: los secretarios Jos\u00e9 Manzur Quiroga y Ana Lilia Herrera Anzaldo, quienes fungen como presidente y secretaria de este \u00f3rgano, respectivamente, mientras que los consejeros propietarios son el titular de la Secretar\u00eda de Finanzas, Joaqu\u00edn Castillo Torres; los diputados Cruz Juvenal Roa S\u00e1nchez y Mar\u00eda P\u00e9rez L\u00f3pez, representantes de la LIX Legislatura local; as\u00ed como Juan Manuel T\u00e9llez Mart\u00ednez y Joel Alfonso Sierra Palacios, representantes del Tribunal Superior de Justicia del Estado de M\u00e9xico.<\/p>\n<p>La publicaci\u00f3n de la convocatoria se llevar\u00e1 acabo a m\u00e1s tardar el pr\u00f3ximo 31 de octubre, mientras que el registro de candidaturas ser\u00e1 del 1 de noviembre de 2016 al 31 de enero de 2017.<\/p>\n","protected":false},"excerpt":{"rendered":"<p>Al destacar que el Estado de M\u00e9xico es una tierra grande, de instituciones s\u00f3lidas y con oportunidades de desarrollo para sus habitantes, el secretario General de Gobierno, Jos\u00e9 Manzur Quiroga y la secretaria de Educaci\u00f3n, Ana Lilia Herrera Anzaldo, instalaron el Consejo de Premiaci\u00f3n de la Presea Estado de M\u00e9xico 2016, de conformidad con lo dispuesto en el reglamento del M\u00e9rito Civil estatal.<\/p>\n","protected":false},"author":5,"featured_media":295389,"comment_status":"open","ping_status":"open","sticky":false,"template":"","format":"standard","meta":{"_monsterinsights_skip_tracking":false,"_monsterinsights_sitenote_active":false,"_monsterinsights_sitenote_note":"","_monsterinsights_sitenote_category":0,"footnotes":""},"categories":[35155],"tags":[3314,43675,29182,452],"class_list":["post-295388","post","type-post","status-publish","format-standard","has-post-thumbnail","hentry","category-estado-de-mexico-estado-de-mexico","tag-ana-lilia-herrera-anzaldo","tag-estado-de-mexico","tag-jose-manzur-quiroga","tag-toluca"],"_links":{"self":[{"href":"https:\/\/www.diarioimagen.net\/index.php?rest_route=\/wp\/v2\/posts\/295388","targetHints":{"allow":["GET"]}}],"collection":[{"href":"https:\/\/www.diarioimagen.net\/index.php?rest_route=\/wp\/v2\/posts"}],"about":[{"href":"https:\/\/www.diarioimagen.net\/index.php?rest_route=\/wp\/v2\/types\/post"}],"author":[{"embeddable":true,"href":"https:\/\/www.diarioimagen.net\/index.php?rest_route=\/wp\/v2\/users\/5"}],"replies":[{"embeddable":true,"href":"https:\/\/www.diarioimagen.net\/index.php?rest_route=%2Fwp%2Fv2%2Fcomments&post=295388"}],"version-history":[{"count":0,"href":"https:\/\/www.diarioimagen.net\/index.php?rest_route=\/wp\/v2\/posts\/295388\/revisions"}],"wp:featuredmedia":[{"embeddable":true,"href":"https:\/\/www.diarioimagen.net\/index.php?rest_route=\/wp\/v2\/media\/295389"}],"wp:attachment":[{"href":"https:\/\/www.diarioimagen.net\/index.php?rest_route=%2Fwp%2Fv2%2Fmedia&parent=295388"}],"wp:term":[{"taxonomy":"category","embeddable":true,"href":"https:\/\/www.diarioimagen.net\/index.php?rest_route=%2Fwp%2Fv2%2Fcategories&post=295388"},{"taxonomy":"post_tag","embeddable":true,"href":"https:\/\/www.diarioimagen.net\/index.php?rest_route=%2Fwp%2Fv2%2Ftags&post=295388"}],"curies":[{"name":"wp","href":"https:\/\/api.w.org\/{rel}","templated":true}]}}