{"id":295464,"date":"2016-10-26T00:06:57","date_gmt":"2016-10-26T05:06:57","guid":{"rendered":"http:\/\/www.diarioimagen.net\/?p=295464"},"modified":"2016-10-26T04:07:17","modified_gmt":"2016-10-26T09:07:17","slug":"invita-el-gobierno-de-atizapan-a-la-exposicion-congreso-constituyente","status":"publish","type":"post","link":"https:\/\/www.diarioimagen.net\/?p=295464","title":{"rendered":"Invita el gobierno de Atizap\u00e1n a la exposici\u00f3n Congreso Constituyente"},"content":{"rendered":"<ul>\n<li><strong><em>Celebran 100 a\u00f1os de la Constituci\u00f3n de 1917<\/em><\/strong><\/li>\n<\/ul>\n<p>&nbsp;<\/p>\n<div id=\"attachment_295559\" style=\"width: 470px\" class=\"wp-caption aligncenter\"><a href=\"http:\/\/www.diarioimagen.net\/?attachment_id=295559\" rel=\"attachment wp-att-295559\"><img loading=\"lazy\" decoding=\"async\" aria-describedby=\"caption-attachment-295559\" class=\"size-large wp-image-295559\" src=\"http:\/\/www.diarioimagen.net\/wp-content\/uploads\/2016\/10\/ATIZAPAN-2983-460x259.jpg\" alt=\"El municipio de Atizap\u00e1n invita al p\u00fablico a visitar la exposici\u00f3n \u201cCongreso Constituyente\u201d, en el Museo Adolfo L\u00f3pez Mateos.\" width=\"460\" height=\"259\" srcset=\"https:\/\/www.diarioimagen.net\/wp-content\/uploads\/2016\/10\/ATIZAPAN-2983-460x259.jpg 460w, https:\/\/www.diarioimagen.net\/wp-content\/uploads\/2016\/10\/ATIZAPAN-2983-240x135.jpg 240w, https:\/\/www.diarioimagen.net\/wp-content\/uploads\/2016\/10\/ATIZAPAN-2983-235x132.jpg 235w, https:\/\/www.diarioimagen.net\/wp-content\/uploads\/2016\/10\/ATIZAPAN-2983-202x114.jpg 202w, https:\/\/www.diarioimagen.net\/wp-content\/uploads\/2016\/10\/ATIZAPAN-2983-350x196.jpg 350w, https:\/\/www.diarioimagen.net\/wp-content\/uploads\/2016\/10\/ATIZAPAN-2983-220x123.jpg 220w, https:\/\/www.diarioimagen.net\/wp-content\/uploads\/2016\/10\/ATIZAPAN-2983-237x132.jpg 237w, https:\/\/www.diarioimagen.net\/wp-content\/uploads\/2016\/10\/ATIZAPAN-2983.jpg 480w\" sizes=\"auto, (max-width: 460px) 100vw, 460px\" \/><\/a><p id=\"caption-attachment-295559\" class=\"wp-caption-text\">El municipio de Atizap\u00e1n invita al p\u00fablico a visitar la exposici\u00f3n \u201cCongreso Constituyente\u201d, en el Museo Adolfo L\u00f3pez Mateos.<\/p><\/div>\n<p>&nbsp;<\/p>\n<p><strong>Atizap\u00e1n, Estado de M\u00e9xico<\/strong>.- Con la finalidad de difundir y dar a conocer entre los habitantes la celebraci\u00f3n del Centenario de la Constituci\u00f3n Pol\u00edtica de los Estados Unidos Mexicanos de 1917, el municipio invita al p\u00fablico en general a visitar la exposici\u00f3n \u201cCongreso Constituyente\u201d, que se llevar\u00e1 a cabo del 21 de octubre al 16 de noviembre en el Museo Adolfo L\u00f3pez Mateos.<\/p>\n<p>La presidenta municipal, Ana Mar\u00eda Balderas Trejo, mencion\u00f3 que Atizap\u00e1n se une a los festejos del centenario de nuestra Carta Magna, y detall\u00f3 que la obra est\u00e1 compuesta por 22 im\u00e1genes provenientes del Archivo General de la Naci\u00f3n, adem\u00e1s de contar con material hist\u00f3rico por parte de la Legislatura del Estado de M\u00e9xico, como el tintero y la campana de sesiones.<\/p>\n<p>\u201cDec\u00eda Napole\u00f3n Bonaparte, que aquel que no conoce su historia est\u00e1 condenado a repetirla. Por eso, para los atizapenses representa un gran honor albergar tan importante exposici\u00f3n, que trata temas fundamentales para nuestra sociedad como\u00a0los\u00a0derechos humanos\u00a0y las\u00a0garant\u00edas individuales\u201d,\u00a0 expres\u00f3 la mun\u00edcipe.<\/p>\n<p>Por su parte, Cristian Reynaldo, expositor de la obra, inform\u00f3 que se pueden apreciar \u00a0dos facsimilares, uno de la Constituci\u00f3n Federal de 1917 y otro de la Constituci\u00f3n Estatal del mismo a\u00f1o, as\u00ed como dos curules y dos pupitres de finales del siglo pasado.<\/p>\n<p>\u201cSe realiza este a\u00f1o\u00a0 para celebrar el centenario de la instalaci\u00f3n del Congreso Constituyente y arranca con los festejos para el 2017. En esta exposici\u00f3n se resalta la participaci\u00f3n de los 12 diputados mexiquenses que representaron a la entidad en la ciudad de Quer\u00e9taro\u201d.<\/p>\n<p>Desde el 5 de febrero, la exposici\u00f3n ha recorrido los municipios de Chalco, Chimalhuac\u00e1n, Nezahualc\u00f3yotl, Ecatepec, Texcoco, Tec\u00e1mac, Cuautitl\u00e1n y Tlalnepantla, actualmente Atizap\u00e1n, para posteriormente seguir su viaje a\u00a0 Atlacomulco, Temascaltepec y Tenancingo, para concluir el 5 de febrero del pr\u00f3ximo a\u00f1o en la ciudad de Toluca de Lerdo.<\/p>\n<p>&nbsp;<\/p>\n","protected":false},"excerpt":{"rendered":"<p>Con la finalidad de difundir y dar a conocer entre los habitantes la celebraci\u00f3n del Centenario de la Constituci\u00f3n Pol\u00edtica de los Estados Unidos Mexicanos de 1917, el municipio invita al p\u00fablico en general a visitar la exposici\u00f3n \u201cCongreso Constituyente\u201d, que se llevar\u00e1 a cabo del 21 de octubre al 16 de noviembre en el Museo Adolfo L\u00f3pez Mateos.<\/p>\n","protected":false},"author":3,"featured_media":295559,"comment_status":"open","ping_status":"open","sticky":false,"template":"","format":"standard","meta":{"_monsterinsights_skip_tracking":false,"_monsterinsights_sitenote_active":false,"_monsterinsights_sitenote_note":"","_monsterinsights_sitenote_category":0,"footnotes":""},"categories":[35155],"tags":[969,48615,43675,46918],"class_list":["post-295464","post","type-post","status-publish","format-standard","has-post-thumbnail","hentry","category-estado-de-mexico-estado-de-mexico","tag-atizapan","tag-congreso-constituyente","tag-estado-de-mexico","tag-exposicion"],"_links":{"self":[{"href":"https:\/\/www.diarioimagen.net\/index.php?rest_route=\/wp\/v2\/posts\/295464","targetHints":{"allow":["GET"]}}],"collection":[{"href":"https:\/\/www.diarioimagen.net\/index.php?rest_route=\/wp\/v2\/posts"}],"about":[{"href":"https:\/\/www.diarioimagen.net\/index.php?rest_route=\/wp\/v2\/types\/post"}],"author":[{"embeddable":true,"href":"https:\/\/www.diarioimagen.net\/index.php?rest_route=\/wp\/v2\/users\/3"}],"replies":[{"embeddable":true,"href":"https:\/\/www.diarioimagen.net\/index.php?rest_route=%2Fwp%2Fv2%2Fcomments&post=295464"}],"version-history":[{"count":0,"href":"https:\/\/www.diarioimagen.net\/index.php?rest_route=\/wp\/v2\/posts\/295464\/revisions"}],"wp:featuredmedia":[{"embeddable":true,"href":"https:\/\/www.diarioimagen.net\/index.php?rest_route=\/wp\/v2\/media\/295559"}],"wp:attachment":[{"href":"https:\/\/www.diarioimagen.net\/index.php?rest_route=%2Fwp%2Fv2%2Fmedia&parent=295464"}],"wp:term":[{"taxonomy":"category","embeddable":true,"href":"https:\/\/www.diarioimagen.net\/index.php?rest_route=%2Fwp%2Fv2%2Fcategories&post=295464"},{"taxonomy":"post_tag","embeddable":true,"href":"https:\/\/www.diarioimagen.net\/index.php?rest_route=%2Fwp%2Fv2%2Ftags&post=295464"}],"curies":[{"name":"wp","href":"https:\/\/api.w.org\/{rel}","templated":true}]}}