{"id":295469,"date":"2016-10-26T00:04:09","date_gmt":"2016-10-26T05:04:09","guid":{"rendered":"http:\/\/www.diarioimagen.net\/?p=295469"},"modified":"2016-10-26T04:08:30","modified_gmt":"2016-10-26T09:08:30","slug":"habitantes-de-tres-localidades-de-metepec-estrenan-calles-renovadas","status":"publish","type":"post","link":"https:\/\/www.diarioimagen.net\/?p=295469","title":{"rendered":"Habitantes de tres localidades de Metepec estrenan calles renovadas"},"content":{"rendered":"<ul>\n<li><strong><em>Inversi\u00f3n a trav\u00e9s de SCT, superior a los 5.3 mdp<\/em><\/strong><\/li>\n<\/ul>\n<p>&nbsp;<\/p>\n<div id=\"attachment_295562\" style=\"width: 470px\" class=\"wp-caption aligncenter\"><a href=\"http:\/\/www.diarioimagen.net\/?attachment_id=295562\" rel=\"attachment wp-att-295562\"><img loading=\"lazy\" decoding=\"async\" aria-describedby=\"caption-attachment-295562\" class=\"size-large wp-image-295562\" src=\"http:\/\/www.diarioimagen.net\/wp-content\/uploads\/2016\/10\/METEPEC-2983-460x259.jpg\" alt=\"El alcalde David L\u00f3pez C\u00e1rdenas, y el director general del Centro SCT M\u00e9xico, Alejandro Lambret\u00f3n, entregaron la renovaci\u00f3n de tres calles.\" width=\"460\" height=\"259\" srcset=\"https:\/\/www.diarioimagen.net\/wp-content\/uploads\/2016\/10\/METEPEC-2983-460x259.jpg 460w, https:\/\/www.diarioimagen.net\/wp-content\/uploads\/2016\/10\/METEPEC-2983-240x135.jpg 240w, https:\/\/www.diarioimagen.net\/wp-content\/uploads\/2016\/10\/METEPEC-2983-235x132.jpg 235w, https:\/\/www.diarioimagen.net\/wp-content\/uploads\/2016\/10\/METEPEC-2983-202x114.jpg 202w, https:\/\/www.diarioimagen.net\/wp-content\/uploads\/2016\/10\/METEPEC-2983-350x196.jpg 350w, https:\/\/www.diarioimagen.net\/wp-content\/uploads\/2016\/10\/METEPEC-2983-220x123.jpg 220w, https:\/\/www.diarioimagen.net\/wp-content\/uploads\/2016\/10\/METEPEC-2983-237x132.jpg 237w, https:\/\/www.diarioimagen.net\/wp-content\/uploads\/2016\/10\/METEPEC-2983.jpg 480w\" sizes=\"auto, (max-width: 460px) 100vw, 460px\" \/><\/a><p id=\"caption-attachment-295562\" class=\"wp-caption-text\">El alcalde David L\u00f3pez C\u00e1rdenas, y el director general del Centro SCT M\u00e9xico, Alejandro Lambret\u00f3n, entregaron la renovaci\u00f3n de tres calles.<\/p><\/div>\n<p>&nbsp;<\/p>\n<p><strong>Metepec, Estado de M\u00e9xico<\/strong>.-\u00a0En gira de trabajo,\u00a0el alcalde, David L\u00f3pez C\u00e1rdenas y el director general del Centro SCT M\u00e9xico, Alejandro Lambret\u00f3n Narro, entregaron la renovaci\u00f3n de tres calles en igual n\u00famero de comunidades, las cuales tuvieron una inversi\u00f3n federal de 5 millones 350 mil pesos.<\/p>\n<p>Con la presencia del coordinador de Entidades Federativas de la Presidencia de la Rep\u00fablica, Felipe Serrano Llarena y del representante del gobierno estatal en la demarcaci\u00f3n, Ismael Ord\u00f3\u00f1ez Hern\u00e1ndez, el mun\u00edcipe agradeci\u00f3 la colaboraci\u00f3n y disposici\u00f3n de los niveles de gobierno para materializar las acciones que demanda la ciudadan\u00eda.<\/p>\n<p>Las obras inauguradas, fueron la reconstrucci\u00f3n de las calles 20 de Noviembre en la comunidad de San Salvador Tizatlalli, Puerto M\u00e9xico de San Jer\u00f3nimo Chicahualco y la 5 de Febrero, en la colonia agr\u00edcola Bellavista; en total se remozaron casi mil 500 metros de longitud.<\/p>\n<p>\u201cLas v\u00edas que hoy reciben las y los vecinos de Metepec en los tres pueblos emblem\u00e1ticos, son de gran relevancia, pues en ellas confluyen centros escolares, comercios y son de importante conectividad con otras arterias, por lo que su demanda es alta y por tanto era una solicitud atenderlas con atingencia. As\u00ed lo hicimos y continuaremos con otras de esta magnitud\u201d, destac\u00f3 David L\u00f3pez C\u00e1rdenas.<\/p>\n<p>Lambret\u00f3n Narro se\u00f1al\u00f3 que el Estado de M\u00e9xico ha sido una de las entidades con amplia inversi\u00f3n en comunicaciones, entre ellas, refiri\u00f3 la ampliaci\u00f3n de la carretera Toluca-Jilotepec, la construcci\u00f3n de la autopista La Marquesa, la infraestructura del tren interurbano M\u00e9xico-Toluca y el nuevo aeropuerto, por mencionar algunas.<\/p>\n<p>Reconoci\u00f3 la disposici\u00f3n del gobernador, Eruviel \u00c1vila Villegas, por ser impulsor de la red carretera, la cual, ha generado una mayor conectividad en el Estado de M\u00e9xico.<\/p>\n<p>&nbsp;<\/p>\n","protected":false},"excerpt":{"rendered":"<p>En gira de trabajo, el alcalde, David L\u00f3pez C\u00e1rdenas y el director general del Centro SCT M\u00e9xico, Alejandro Lambret\u00f3n Narro, entregaron la renovaci\u00f3n de tres calles en igual n\u00famero de comunidades, las cuales tuvieron una inversi\u00f3n federal de 5 millones 350 mil pesos.<\/p>\n","protected":false},"author":3,"featured_media":295562,"comment_status":"open","ping_status":"open","sticky":false,"template":"","format":"standard","meta":{"_monsterinsights_skip_tracking":false,"_monsterinsights_sitenote_active":false,"_monsterinsights_sitenote_note":"","_monsterinsights_sitenote_category":0,"footnotes":""},"categories":[35155],"tags":[50283,43675,876],"class_list":["post-295469","post","type-post","status-publish","format-standard","has-post-thumbnail","hentry","category-estado-de-mexico-estado-de-mexico","tag-calles","tag-estado-de-mexico","tag-metepec"],"_links":{"self":[{"href":"https:\/\/www.diarioimagen.net\/index.php?rest_route=\/wp\/v2\/posts\/295469","targetHints":{"allow":["GET"]}}],"collection":[{"href":"https:\/\/www.diarioimagen.net\/index.php?rest_route=\/wp\/v2\/posts"}],"about":[{"href":"https:\/\/www.diarioimagen.net\/index.php?rest_route=\/wp\/v2\/types\/post"}],"author":[{"embeddable":true,"href":"https:\/\/www.diarioimagen.net\/index.php?rest_route=\/wp\/v2\/users\/3"}],"replies":[{"embeddable":true,"href":"https:\/\/www.diarioimagen.net\/index.php?rest_route=%2Fwp%2Fv2%2Fcomments&post=295469"}],"version-history":[{"count":0,"href":"https:\/\/www.diarioimagen.net\/index.php?rest_route=\/wp\/v2\/posts\/295469\/revisions"}],"wp:featuredmedia":[{"embeddable":true,"href":"https:\/\/www.diarioimagen.net\/index.php?rest_route=\/wp\/v2\/media\/295562"}],"wp:attachment":[{"href":"https:\/\/www.diarioimagen.net\/index.php?rest_route=%2Fwp%2Fv2%2Fmedia&parent=295469"}],"wp:term":[{"taxonomy":"category","embeddable":true,"href":"https:\/\/www.diarioimagen.net\/index.php?rest_route=%2Fwp%2Fv2%2Fcategories&post=295469"},{"taxonomy":"post_tag","embeddable":true,"href":"https:\/\/www.diarioimagen.net\/index.php?rest_route=%2Fwp%2Fv2%2Ftags&post=295469"}],"curies":[{"name":"wp","href":"https:\/\/api.w.org\/{rel}","templated":true}]}}