{"id":295475,"date":"2016-10-26T00:01:06","date_gmt":"2016-10-26T05:01:06","guid":{"rendered":"http:\/\/www.diarioimagen.net\/?p=295475"},"modified":"2016-10-26T06:04:56","modified_gmt":"2016-10-26T11:04:56","slug":"la-presencia-en-mexico-de-spaincares-es-para-ensenar-la-experiencia-espanola-en-el-terreno-de-salud-pero-tambien-aprender-lo-que-se-hace-en-mexico","status":"publish","type":"post","link":"https:\/\/www.diarioimagen.net\/?p=295475","title":{"rendered":"La presencia en M\u00e9xico de <em>Spaincares<\/em> es para \u201cense\u00f1ar la experiencia espa\u00f1ola en el terreno de salud, pero tambi\u00e9n aprender lo que se hace en M\u00e9xico"},"content":{"rendered":"<h2>De cinco estrellas<\/h2>\n<h5>Victoria Gonz\u00e1lez Prado<\/h5>\n<p>&nbsp;<\/p>\n<ul>\n<li><em><strong>Con una inversi\u00f3n de 12 millones de d\u00f3lares se renov\u00f3 el <\/strong><\/em><strong>Riu Palace Las Am\u00e9ricas<\/strong><em><strong> de Canc\u00fan, que ya abri\u00f3 sus puertas<\/strong><\/em><\/li>\n<\/ul>\n<p><em>\u00a0<\/em><\/p>\n<div id=\"attachment_295569\" style=\"width: 470px\" class=\"wp-caption aligncenter\"><a href=\"http:\/\/www.diarioimagen.net\/?attachment_id=295569\" rel=\"attachment wp-att-295569\"><img loading=\"lazy\" decoding=\"async\" aria-describedby=\"caption-attachment-295569\" class=\"size-large wp-image-295569\" src=\"http:\/\/www.diarioimagen.net\/wp-content\/uploads\/2016\/10\/turismo-2983-460x259.jpg\" alt=\"\u00cd\u00f1igo Valcaneras, Luis Fern\u00e1ndez-Cid, Carlos Espinosa de los Monteros e Isabel Alonso Pi\u00f1ar.\" width=\"460\" height=\"259\" srcset=\"https:\/\/www.diarioimagen.net\/wp-content\/uploads\/2016\/10\/turismo-2983-460x259.jpg 460w, https:\/\/www.diarioimagen.net\/wp-content\/uploads\/2016\/10\/turismo-2983-240x135.jpg 240w, https:\/\/www.diarioimagen.net\/wp-content\/uploads\/2016\/10\/turismo-2983-480x270.jpg 480w, https:\/\/www.diarioimagen.net\/wp-content\/uploads\/2016\/10\/turismo-2983-235x132.jpg 235w, https:\/\/www.diarioimagen.net\/wp-content\/uploads\/2016\/10\/turismo-2983-202x114.jpg 202w, https:\/\/www.diarioimagen.net\/wp-content\/uploads\/2016\/10\/turismo-2983-350x196.jpg 350w, https:\/\/www.diarioimagen.net\/wp-content\/uploads\/2016\/10\/turismo-2983-220x123.jpg 220w, https:\/\/www.diarioimagen.net\/wp-content\/uploads\/2016\/10\/turismo-2983-237x132.jpg 237w, https:\/\/www.diarioimagen.net\/wp-content\/uploads\/2016\/10\/turismo-2983.jpg 700w\" sizes=\"auto, (max-width: 460px) 100vw, 460px\" \/><\/a><p id=\"caption-attachment-295569\" class=\"wp-caption-text\">\u00cd\u00f1igo Valcaneras, Luis Fern\u00e1ndez-Cid, Carlos Espinosa de los Monteros e Isabel Alonso Pi\u00f1ar.<\/p><\/div>\n<p>&nbsp;<\/p>\n<p><em>Spaincares<\/em> nace como una alianza estrat\u00e9gica espa\u00f1ola, entre la industria tur\u00edstica y el sector sanitario privado, para ofrecer a los usuarios todos los servicios necesarios en sus desplazamientos por motivos de salud.<\/p>\n<p>Adem\u00e1s de ofrecer servicios de salud en hospitales, balnearios o centros de dependencia, como soluciones de alojamiento y descanso en el territorio espa\u00f1ol, sin olvidar otras actividades tur\u00edsticas complementarias, como restauraci\u00f3n, transporte convencional o medicalizado, actividades culturales o de ocio.<\/p>\n<p>As\u00ed, <em>Spaincares <\/em>ofrece un producto global y competitivo que cubre todas las necesidades de los pacientes durante el viaje y todo ello avalado por el Ministerio de Industria, Energ\u00eda y Turismo de Espa\u00f1a. Tambi\u00e9n ofrece servicios <em>online, <\/em>donde se puede encontrar toda la oferta de salud y tur\u00edstica e incluso contratarla por esa v\u00eda.<\/p>\n<p>Para presentar a detalle los beneficios del Cluster Espa\u00f1ol de Turismo de Salud en Espa\u00f1a, llegaron a la Ciudad de M\u00e9xico el presidente de <em>Spaincares<\/em>, \u00cd\u00f1igo <strong>Valcaneras <\/strong>y el alto comisionado para la Marca Espa\u00f1a, <strong>Carlos Espinosa de los Monteros<\/strong>, quienes estuvieron acompa\u00f1ados por el embajador de Espa\u00f1a en M\u00e9xico, <strong>Luis Fern\u00e1ndez-Cid de las Alas Pumari\u00f1o, <\/strong>y\u00a0 por la directora de la Oficina Espa\u00f1ola de Turismo,<strong> Isabel Alonso Pi\u00f1ar.<\/strong><\/p>\n<p>Estuvieron presentes tambi\u00e9n representantes de aseguradoras, residencias para personas mayores,<\/p>\n<p><em>Spaincares,<\/em> re\u00fane de momento a 100 empresas, con la intenci\u00f3n de colocar al pa\u00eds como destino de referencia del turismo m\u00e9dico en el mundo, gracias al reconocimiento internacional de sus redes tur\u00edstica y m\u00e9dica y, adem\u00e1s, el apoyo del gobierno.<\/p>\n<p>El embajador de Espa\u00f1a en M\u00e9xico, al hacer uso de la palabra, asegur\u00f3 que la competitividad espa\u00f1ola en turismo cuenta con la \u2018fidelidad\u2019 de sus visitantes y la importancia de <em>Spaincares,<\/em> es contar con el apoyo de la Marca Espa\u00f1a.<\/p>\n<p>Record\u00f3 que Espa\u00f1a es el tercer pa\u00eds receptor de visitantes del mundo, con 70 millones anuales -46 millones de habitantes-, gracias a su oferta hist\u00f3rica, cultural, de patrimonio, clima y playas.<\/p>\n<p><strong>Luis Fern\u00e1ndez-Cid<\/strong> concluy\u00f3, recordando la importancia del aspecto \u201ccultural y an\u00edmico\u201d a la hora de que los mexicanos decidan como destino de turismo m\u00e9dico a Espa\u00f1a, pa\u00eds que ha homologado en los \u00faltimos a\u00f1os 2,500 t\u00edtulos de m\u00e9dicos de M\u00e9xico.<\/p>\n<p>A\u00f1adi\u00f3 que \u201cno s\u00f3lo no se necesita visado para entrar a Espa\u00f1a, sino que cualquier mexicano se encuentra en casa en Espa\u00f1a como le pasa a cualquier espa\u00f1ol en M\u00e9xico\u201d.<\/p>\n<p>En su oportunidad, \u00cd\u00f1igo <strong>Valcaneras<\/strong> record\u00f3 que el turismo m\u00e9dico, como se conoce al desplazamiento de los pacientes desde su naci\u00f3n de origen a otro pa\u00eds para recibir tratamiento m\u00e9dico, es una \u201cindustria creciente a nivel mundial y ya hay m\u00e1s de 80 pa\u00edses que tienen una pol\u00edtica activa por parte de sus gobiernos para posicionarse en ese campo\u201d.<\/p>\n<p>De igual forma, reconoci\u00f3 que pese a su buen desempe\u00f1o, \u201cno es del todo conocido el nivel del sistema de salud de Espa\u00f1a, al que se dedica el 9 por ciento del Producto Interior Bruto (PIB) y que coloca a esta naci\u00f3n en el tercer lugar de un <em>r\u00e1nking<\/em> elaborado recientemente sobre la materia por la revista <em>Bloomberg.<\/em><\/p>\n<p><em>Spaincares<\/em> se cre\u00f3 desde hace tres a\u00f1os, es fruto de \u201cuna colaboraci\u00f3n p\u00fablica y privada\u201d, como queda de manifiesto por el apoyo que Marca Espa\u00f1a est\u00e1 dando a la iniciativa, indic\u00f3.<\/p>\n<p>Por su parte, el alto comisionado <strong>Espinosa de los Monteros<\/strong>, asegur\u00f3 que el turismo de salud es \u201cun secreto bastante bien guardado que conocen los espa\u00f1oles y que empiezan a conocer sus vecinos de Europa y \u00c1frica\u201d.<\/p>\n<p>\u201cDispone de un entorno favorable para los tratamientos, una dieta mediterr\u00e1nea, unida a la sanidad y una calidad de vida, por lo que se ha situado como el segundo pa\u00eds en esperanza de vida media (82 a\u00f1os) despu\u00e9s de Jap\u00f3n.<\/p>\n<p>Tambi\u00e9n dijo que su presencia en M\u00e9xico de alguna forma es para \u201cense\u00f1ar la experiencia espa\u00f1ola en el terreno de salud, pero tambi\u00e9n aprender de lo que se hace en M\u00e9xico, un pa\u00eds del que no ser\u00e1 f\u00e1cil atraer turismo de salud, por la cercan\u00eda con Estados Unidos\u201d.<\/p>\n<p>Al respecto, \u00cd\u00f1igo <strong>Valcaneras<\/strong> asegur\u00f3 que \u201clos procedimientos en Espa\u00f1a, sobre todo los m\u00e1s complejos, cuestan menos de la mitad que en Estados Unidos\u201d.<\/p>\n<p>Lo anterior, a mi parecer, sin contar con el costo del billete de avi\u00f3n, estancia y\u00a0 gastos inherentes a este tipo de viajes.<\/p>\n<p>Cabe se\u00f1alar que <em>Spaincares<\/em> es la marca comercial del Cl\u00faster Espa\u00f1ol de Turismo de Salud, que agrupa a las entidades tur\u00edsticas y de salud m\u00e1s representativas del pa\u00eds: Federaci\u00f3n Nacional de Cl\u00ednicas Privadas (FNCP), Asociaci\u00f3n Nacional de Balnearios (ANBAL), Federaci\u00f3n Empresarial de la Dependencia (FED), Confederaci\u00f3n Espa\u00f1ola de Hoteles y Alojamientos Tur\u00edsticos (CEHAT) y Confederaci\u00f3n Espa\u00f1ola de Agencias de Viajes (CEAV).<\/p>\n<p>\u2730\u2730\u2730\u2730\u2730 Con una inversi\u00f3n de 12 millones de d\u00f3lares, inversi\u00f3n que forma parte del plan estrat\u00e9gico de la cadena que tiene como objetivo renovar todos sus hoteles para aumentar la calidad de su oferta, hace unos d\u00edas abri\u00f3 el <em>Riu Palace Las Am\u00e9ricas<\/em> de Canc\u00fan.<\/p>\n<p>Una de las principales novedades es que el hotel es el primero de la cadena en Canc\u00fan y Rivera Maya reservado para mayores de 18 a\u00f1os. Este cambio lo convierte en la elecci\u00f3n ideal para una escapada rom\u00e1ntica de pareja o para grupos de amigos.<\/p>\n<p>El hotel, construido en 2004 a orillas de\u00a0<strong>Playa de Canc\u00fan<\/strong>, mantiene algunos de sus elementos m\u00e1s singulares como sus columnas, l\u00e1mparas de cristal, ornamentos de madera y recubrimientos de m\u00e1rmol.<\/p>\n<p>Su nuevo estilo es fresco y contempor\u00e1neo gracias a la introducci\u00f3n de nuevos materiales, colores y dise\u00f1os en sus 372 habitaciones y en las zonas comunes como el <em>lobby<\/em> y los restaurantes.<\/p>\n<p><strong><em>\u201c<\/em><\/strong><strong>Adults Only<\/strong><strong><em>\u201d<\/em><\/strong> la cadena ha introducido servicios exclusivos como valor a\u00f1adido: una copa de cava de bienvenida, conserjer\u00eda, bata de ba\u00f1o y las opciones, de pago para acceder a una carta especial de vinos y a una cena rom\u00e1ntica en la playa. Hay wifi gratis en todo el hotel, incluida la piscina y la zona de la playa, y licores <em>premium<\/em> en todos los bares y dispensadores de las habitaciones.<\/p>\n<p>Como novedades adicionales, el\u00a0<strong>Riu Palace Las Am\u00e9ricas<\/strong>\u00a0ha introducido en el <em>lobby<\/em> una zona dedicada a la pasteler\u00eda y a los helados, llamada Capuchino, y el <em>bar Lounge<\/em> 24, con <em>snacks <\/em>y bebidas por la noche. Se ampli\u00f3 el \u00e1rea del restaurante <em>buffet<\/em> y la terraza para comidas y cenas a la brisa del mar. Se renovaron piscinas y zonas ajardinadas.<\/p>\n<p><em><a href=\"mailto:victoriagprado@gmail.com\" target=\"_blank\">victoriagprado@gmail.com<\/a><\/em><br \/>\n<em> Twitter: <a href=\"https:\/\/twitter.com\/victoriagprado\" target=\"_blank\">@victoriagprado<\/a><\/em><\/p>\n","protected":false},"excerpt":{"rendered":"<p><em>Spaincares<\/em> nace como una alianza estrat\u00e9gica espa\u00f1ola, entre la industria tur\u00edstica y el sector sanitario privado, para ofrecer a los usuarios todos los servicios necesarios en sus desplazamientos por motivos de salud.<\/p>\n","protected":false},"author":3,"featured_media":295569,"comment_status":"open","ping_status":"open","sticky":false,"template":"","format":"standard","meta":{"_monsterinsights_skip_tracking":false,"_monsterinsights_sitenote_active":false,"_monsterinsights_sitenote_note":"","_monsterinsights_sitenote_category":0,"footnotes":""},"categories":[11],"tags":[107,43674,43681,106],"class_list":["post-295475","post","type-post","status-publish","format-standard","has-post-thumbnail","hentry","category-turismo","tag-de-cinco-estrellas","tag-opinion","tag-turismo","tag-victoria-gonzalez-prado"],"_links":{"self":[{"href":"https:\/\/www.diarioimagen.net\/index.php?rest_route=\/wp\/v2\/posts\/295475","targetHints":{"allow":["GET"]}}],"collection":[{"href":"https:\/\/www.diarioimagen.net\/index.php?rest_route=\/wp\/v2\/posts"}],"about":[{"href":"https:\/\/www.diarioimagen.net\/index.php?rest_route=\/wp\/v2\/types\/post"}],"author":[{"embeddable":true,"href":"https:\/\/www.diarioimagen.net\/index.php?rest_route=\/wp\/v2\/users\/3"}],"replies":[{"embeddable":true,"href":"https:\/\/www.diarioimagen.net\/index.php?rest_route=%2Fwp%2Fv2%2Fcomments&post=295475"}],"version-history":[{"count":0,"href":"https:\/\/www.diarioimagen.net\/index.php?rest_route=\/wp\/v2\/posts\/295475\/revisions"}],"wp:featuredmedia":[{"embeddable":true,"href":"https:\/\/www.diarioimagen.net\/index.php?rest_route=\/wp\/v2\/media\/295569"}],"wp:attachment":[{"href":"https:\/\/www.diarioimagen.net\/index.php?rest_route=%2Fwp%2Fv2%2Fmedia&parent=295475"}],"wp:term":[{"taxonomy":"category","embeddable":true,"href":"https:\/\/www.diarioimagen.net\/index.php?rest_route=%2Fwp%2Fv2%2Fcategories&post=295475"},{"taxonomy":"post_tag","embeddable":true,"href":"https:\/\/www.diarioimagen.net\/index.php?rest_route=%2Fwp%2Fv2%2Ftags&post=295475"}],"curies":[{"name":"wp","href":"https:\/\/api.w.org\/{rel}","templated":true}]}}