{"id":295502,"date":"2016-10-26T00:14:37","date_gmt":"2016-10-26T05:14:37","guid":{"rendered":"http:\/\/www.diarioimagen.net\/?p=295502"},"modified":"2016-10-26T04:13:46","modified_gmt":"2016-10-26T09:13:46","slug":"rechaza-la-cns-violacion-de-derechos-de-el-chapo","status":"publish","type":"post","link":"https:\/\/www.diarioimagen.net\/?p=295502","title":{"rendered":"Rechaza la CNS violaci\u00f3n de derechos de <em>El Chapo<\/em>"},"content":{"rendered":"<ul>\n<li><strong><em>Su esposa, Emma Coronel, dice que su salud empeora<\/em><\/strong><\/li>\n<\/ul>\n<p>&nbsp;<\/p>\n<div id=\"attachment_295572\" style=\"width: 470px\" class=\"wp-caption aligncenter\"><a href=\"http:\/\/www.diarioimagen.net\/?attachment_id=295572\" rel=\"attachment wp-att-295572\"><img loading=\"lazy\" decoding=\"async\" aria-describedby=\"caption-attachment-295572\" class=\"size-large wp-image-295572\" src=\"http:\/\/www.diarioimagen.net\/wp-content\/uploads\/2016\/10\/chapo-2983-460x259.jpg\" alt=\"El comisionado nacional de Seguridad, Renato Sales, rechaz\u00f3 que Joaqu\u00edn \u201cEl Chapo\u201d Guzm\u00e1n est\u00e9 sometido a actos de tortura.\" width=\"460\" height=\"259\" srcset=\"https:\/\/www.diarioimagen.net\/wp-content\/uploads\/2016\/10\/chapo-2983-460x259.jpg 460w, https:\/\/www.diarioimagen.net\/wp-content\/uploads\/2016\/10\/chapo-2983-240x135.jpg 240w, https:\/\/www.diarioimagen.net\/wp-content\/uploads\/2016\/10\/chapo-2983-235x132.jpg 235w, https:\/\/www.diarioimagen.net\/wp-content\/uploads\/2016\/10\/chapo-2983-202x114.jpg 202w, https:\/\/www.diarioimagen.net\/wp-content\/uploads\/2016\/10\/chapo-2983-350x196.jpg 350w, https:\/\/www.diarioimagen.net\/wp-content\/uploads\/2016\/10\/chapo-2983-220x123.jpg 220w, https:\/\/www.diarioimagen.net\/wp-content\/uploads\/2016\/10\/chapo-2983-237x132.jpg 237w, https:\/\/www.diarioimagen.net\/wp-content\/uploads\/2016\/10\/chapo-2983.jpg 480w\" sizes=\"auto, (max-width: 460px) 100vw, 460px\" \/><\/a><p id=\"caption-attachment-295572\" class=\"wp-caption-text\">El comisionado nacional de Seguridad, Renato Sales, rechaz\u00f3 que Joaqu\u00edn \u201cEl Chapo\u201d Guzm\u00e1n est\u00e9 sometido a actos de tortura.<\/p><\/div>\n<p>&nbsp;<\/p>\n<p>Renato Sales, comisionado nacional de Seguridad, rechaz\u00f3 tajante que Joaqu\u00edn \u201cEl Chapo\u201d Guzm\u00e1n est\u00e9 sometido a actos de tortura, discriminaci\u00f3n y cualquier tipo de violaci\u00f3n a los derechos humanos y enumer\u00f3 el informe que se emiti\u00f3 recientemente respecto al n\u00famero de visitas y encuentros con sus abogados.<\/p>\n<p>Hizo notar que inclusive Guzm\u00e1n Loera goza de cabal salud y est\u00e1 dispuesto a que la Comisi\u00f3n Nacional de los Derechos Humanos supervise las condiciones en que se encuentra, a fin de que la queja ante esa instituci\u00f3n sea sustanciada.<\/p>\n<p>\u201cNo hay tal enfermedad de \u201cEl Chapo\u201d, ni f\u00edsica ni mental y puso como ejemplo las visitas de la propia Emma Coronel. Lo que pasa es que todos cuantos visitan a \u201cEl Chapo\u201d tienen vigilancia especial, lo que no implica tratos denigrantes, sino m\u00e1s bien reducido acceso a las comunicaciones y tr\u00e1nsito\u201d.<\/p>\n<p>Sobre la emboscada al comboy militar en Culiac\u00e1n Renato Sales record\u00f3 que el pasado s\u00e1bado se dio una conferencia encabezada por el titular de la SEIDO, Gustavo Salas, en la que se afirm\u00f3 que el ataque fue atribu\u00eddo al C\u00e1rtel de Sinaloa, espec\u00edficamente a los hijos de Guzm\u00e1n Loera, Iv\u00e1n Archivaldo y Alfredo Guzm\u00e1n Salazar.<\/p>\n<p>Hizo notar que no se han dado nombres ni confirmaciones que fuera ese grupo y no se hizo porque se tiene que respetar la secrec\u00eda de las indagatorias.<\/p>\n<p>Y sobre la detenci\u00f3n de Felipe Flores, ex director de la polic\u00eda de Iguala, indic\u00f3 que hasta el momento no se tiene ninguna declaraci\u00f3mn con informaci\u00f3n nueva sobre el paradero de los 43 normalistas desaparecidos.<\/p>\n<p style=\"text-align: center;\"><strong>Su esposa sostiene que s\u00ed est\u00e1 enfermo<\/strong><\/p>\n<p>Por su parte, Emma Coronel, esposa de Guzm\u00e1n Loera, visit\u00f3 ayer la PGR, para pedir que se le otorgue asistencia m\u00e9dica a su marido, pues asegur\u00f3 que su salud decae cada vez m\u00e1s.<\/p>\n<p>Hizo notar que Guzm\u00e1n Loera se siente tan mal de salud que considera que no llega a diciembre vivo, y por lo cual no le interesa lo de su extradici\u00f3n a Estados Unidos.<\/p>\n<p>La mujer coment\u00f3 a las afueras de la PGR que desea que le den a su marido el mismo trato que a cualquier interno; \u201cque le permitan las visitas completas y salir al patio a que le d\u00e9 el sol\u201d. Yo lo veo peor, ya se le olvidan las cosas, se siente ido, las facciones de su cara no son de una persona sana\u201d.<\/p>\n<p>Consider\u00f3 que \u201cEl Chapo\u201d jam\u00e1s atentar\u00eda contra su vida, por eso no baja de peso, \u00e9l sigue comiendo. Acerca de los medicamentos que toma su esposo, dijo que cuatro son para el dolor de cabeza: antidepresivos y ansiol\u00edticos.<\/p>\n<p>&nbsp;<\/p>\n","protected":false},"excerpt":{"rendered":"<p>Renato Sales, comisionado nacional de Seguridad, rechaz\u00f3 tajante que Joaqu\u00edn \u201cEl Chapo\u201d Guzm\u00e1n est\u00e9 sometido a actos de tortura, discriminaci\u00f3n y cualquier tipo de violaci\u00f3n a los derechos humanos y enumer\u00f3 el informe que se emiti\u00f3 recientemente respecto al n\u00famero de visitas y encuentros con sus abogados.<\/p>\n","protected":false},"author":3,"featured_media":295572,"comment_status":"open","ping_status":"open","sticky":false,"template":"","format":"standard","meta":{"_monsterinsights_skip_tracking":false,"_monsterinsights_sitenote_active":false,"_monsterinsights_sitenote_note":"","_monsterinsights_sitenote_category":0,"footnotes":""},"categories":[7],"tags":[27196,2765,43692,43677,3350],"class_list":["post-295502","post","type-post","status-publish","format-standard","has-post-thumbnail","hentry","category-seguridad","tag-cns","tag-joaquin-el-chapo-guzman-loera","tag-salud","tag-seguridad","tag-violacion"],"_links":{"self":[{"href":"https:\/\/www.diarioimagen.net\/index.php?rest_route=\/wp\/v2\/posts\/295502","targetHints":{"allow":["GET"]}}],"collection":[{"href":"https:\/\/www.diarioimagen.net\/index.php?rest_route=\/wp\/v2\/posts"}],"about":[{"href":"https:\/\/www.diarioimagen.net\/index.php?rest_route=\/wp\/v2\/types\/post"}],"author":[{"embeddable":true,"href":"https:\/\/www.diarioimagen.net\/index.php?rest_route=\/wp\/v2\/users\/3"}],"replies":[{"embeddable":true,"href":"https:\/\/www.diarioimagen.net\/index.php?rest_route=%2Fwp%2Fv2%2Fcomments&post=295502"}],"version-history":[{"count":0,"href":"https:\/\/www.diarioimagen.net\/index.php?rest_route=\/wp\/v2\/posts\/295502\/revisions"}],"wp:featuredmedia":[{"embeddable":true,"href":"https:\/\/www.diarioimagen.net\/index.php?rest_route=\/wp\/v2\/media\/295572"}],"wp:attachment":[{"href":"https:\/\/www.diarioimagen.net\/index.php?rest_route=%2Fwp%2Fv2%2Fmedia&parent=295502"}],"wp:term":[{"taxonomy":"category","embeddable":true,"href":"https:\/\/www.diarioimagen.net\/index.php?rest_route=%2Fwp%2Fv2%2Fcategories&post=295502"},{"taxonomy":"post_tag","embeddable":true,"href":"https:\/\/www.diarioimagen.net\/index.php?rest_route=%2Fwp%2Fv2%2Ftags&post=295502"}],"curies":[{"name":"wp","href":"https:\/\/api.w.org\/{rel}","templated":true}]}}