{"id":295617,"date":"2016-10-26T16:00:20","date_gmt":"2016-10-26T21:00:20","guid":{"rendered":"http:\/\/www.diarioimagen.net\/?p=295617"},"modified":"2016-10-28T01:58:10","modified_gmt":"2016-10-28T06:58:10","slug":"trasladan-relampagos-a-paciente-de-chilpancingo-a-toluca","status":"publish","type":"post","link":"https:\/\/www.diarioimagen.net\/?p=295617","title":{"rendered":"Trasladan Rel\u00e1mpagos a paciente de Chilpancingo a Toluca"},"content":{"rendered":"<ul>\n<li><strong>Paciente con lesi\u00f3n medular<\/strong><\/li>\n<\/ul>\n<p>&nbsp;<\/p>\n<div id=\"attachment_295618\" style=\"width: 470px\" class=\"wp-caption aligncenter\"><a href=\"http:\/\/www.diarioimagen.net\/?attachment_id=295618\" rel=\"attachment wp-att-295618\"><img loading=\"lazy\" decoding=\"async\" aria-describedby=\"caption-attachment-295618\" class=\"size-large wp-image-295618\" src=\"http:\/\/www.diarioimagen.net\/wp-content\/uploads\/2016\/10\/RELAMPAGOS27-portal-460x268.jpg\" alt=\"Rel\u00e1mpagos trasladaron de Chilpancingo, Guerrero, al Centro M\u00e9dico ISSEMyM en Toluca, a un hombre de 22 a\u00f1os con una lesi\u00f3n medular aguda.\" width=\"460\" height=\"268\" srcset=\"https:\/\/www.diarioimagen.net\/wp-content\/uploads\/2016\/10\/RELAMPAGOS27-portal-460x268.jpg 460w, https:\/\/www.diarioimagen.net\/wp-content\/uploads\/2016\/10\/RELAMPAGOS27-portal-240x140.jpg 240w, https:\/\/www.diarioimagen.net\/wp-content\/uploads\/2016\/10\/RELAMPAGOS27-portal.jpg 480w\" sizes=\"auto, (max-width: 460px) 100vw, 460px\" \/><\/a><p id=\"caption-attachment-295618\" class=\"wp-caption-text\">Rel\u00e1mpagos trasladaron de Chilpancingo, Guerrero, al Centro M\u00e9dico ISSEMyM en Toluca, a un hombre de 22 a\u00f1os con una lesi\u00f3n medular aguda.<\/p><\/div>\n<p>&nbsp;<\/p>\n<p><strong>Toluca, Estado de M\u00e9xico<\/strong>.- A bordo de la aeronave de Rescate 3 con matr\u00edcula XC-EGD elementos de la Unidad de Rescate A\u00e9reo Rel\u00e1mpagos, trasladaron de Chilpancingo, Guerrero, al Centro M\u00e9dico ISSEMyM en la ciudad de Toluca, a un hombre de 22 a\u00f1os de edad con una lesi\u00f3n medular aguda (shock medular), paciente que labora en el \u00e1rea de parques y jardines del ayuntamiento de San Antonio La Isla, quien sufri\u00f3 un accidente vehicular.<\/p>\n<p>Bruno Barajas, param\u00e9dico rescatista del Grupo Rel\u00e1mpagos, indic\u00f3 que debido al trauma raquimedular que presentaba el paciente, era necesario ser trasladado en las mejores condiciones y atendido en un hospital de especialidad para su tratamiento, por lo que en compa\u00f1\u00eda de los capitanes Narno Rivera y Juan Manuel Ram\u00edrez se realiz\u00f3 el traslado del paciente.<\/p>\n<p>En lo que va del a\u00f1o, la Unidad de Rescate A\u00e9reo ha realizado 531 ambulancias a\u00e9reas, 76 c\u00f3digos mater, 54 traslados de \u00f3rganos y plasmas de sangre, 27 traslados de reci\u00e9n nacidos en incubadora, 21 rescates con gr\u00faa, 18 apoyos a incendios forestales, 10 operaciones policiacas y traslado de personas intoxicadas, as\u00ed como cuatro apoyos a la poblaci\u00f3n en desastres naturales y con equipo de visi\u00f3n nocturna.<\/p>\n<p>&nbsp;<\/p>\n","protected":false},"excerpt":{"rendered":"<p>A bordo de la aeronave de Rescate 3 con matr\u00edcula XC-EGD elementos de la Unidad de Rescate A\u00e9reo Rel\u00e1mpagos, trasladaron de Chilpancingo, Guerrero, al Centro M\u00e9dico ISSEMyM en la ciudad de Toluca, a un hombre de 22 a\u00f1os de edad con una lesi\u00f3n medular aguda (shock medular), paciente que labora en el \u00e1rea de parques y jardines del ayuntamiento de San Antonio La Isla, quien sufri\u00f3 un accidente vehicular.<\/p>\n","protected":false},"author":5,"featured_media":295618,"comment_status":"open","ping_status":"open","sticky":false,"template":"","format":"standard","meta":{"_monsterinsights_skip_tracking":false,"_monsterinsights_sitenote_active":false,"_monsterinsights_sitenote_note":"","_monsterinsights_sitenote_category":0,"footnotes":""},"categories":[35155],"tags":[8099,43675,699,42775,452],"class_list":["post-295617","post","type-post","status-publish","format-standard","has-post-thumbnail","hentry","category-estado-de-mexico-estado-de-mexico","tag-chilpancingo","tag-estado-de-mexico","tag-issemym","tag-relampagos","tag-toluca"],"_links":{"self":[{"href":"https:\/\/www.diarioimagen.net\/index.php?rest_route=\/wp\/v2\/posts\/295617","targetHints":{"allow":["GET"]}}],"collection":[{"href":"https:\/\/www.diarioimagen.net\/index.php?rest_route=\/wp\/v2\/posts"}],"about":[{"href":"https:\/\/www.diarioimagen.net\/index.php?rest_route=\/wp\/v2\/types\/post"}],"author":[{"embeddable":true,"href":"https:\/\/www.diarioimagen.net\/index.php?rest_route=\/wp\/v2\/users\/5"}],"replies":[{"embeddable":true,"href":"https:\/\/www.diarioimagen.net\/index.php?rest_route=%2Fwp%2Fv2%2Fcomments&post=295617"}],"version-history":[{"count":0,"href":"https:\/\/www.diarioimagen.net\/index.php?rest_route=\/wp\/v2\/posts\/295617\/revisions"}],"wp:featuredmedia":[{"embeddable":true,"href":"https:\/\/www.diarioimagen.net\/index.php?rest_route=\/wp\/v2\/media\/295618"}],"wp:attachment":[{"href":"https:\/\/www.diarioimagen.net\/index.php?rest_route=%2Fwp%2Fv2%2Fmedia&parent=295617"}],"wp:term":[{"taxonomy":"category","embeddable":true,"href":"https:\/\/www.diarioimagen.net\/index.php?rest_route=%2Fwp%2Fv2%2Fcategories&post=295617"},{"taxonomy":"post_tag","embeddable":true,"href":"https:\/\/www.diarioimagen.net\/index.php?rest_route=%2Fwp%2Fv2%2Ftags&post=295617"}],"curies":[{"name":"wp","href":"https:\/\/api.w.org\/{rel}","templated":true}]}}