{"id":295620,"date":"2016-10-27T00:06:26","date_gmt":"2016-10-27T05:06:26","guid":{"rendered":"http:\/\/www.diarioimagen.net\/?p=295620"},"modified":"2016-10-28T02:28:10","modified_gmt":"2016-10-28T07:28:10","slug":"en-edomex-se-redoblara-el-trabajo-por-la-educacion-jose-manzur","status":"publish","type":"post","link":"https:\/\/www.diarioimagen.net\/?p=295620","title":{"rendered":"Se redoblar\u00e1 el trabajo por la educaci\u00f3n: Jos\u00e9 Manzur"},"content":{"rendered":"<ul>\n<li><strong><em>Entrega la Presea al M\u00e9rito Sindical 2016 a profesores destacados<\/em><\/strong><\/li>\n<\/ul>\n<p>&nbsp;<\/p>\n<div id=\"attachment_295621\" style=\"width: 470px\" class=\"wp-caption aligncenter\"><a href=\"http:\/\/www.diarioimagen.net\/?attachment_id=295621\" rel=\"attachment wp-att-295621\"><img loading=\"lazy\" decoding=\"async\" aria-describedby=\"caption-attachment-295621\" class=\"wp-image-295621 size-large\" src=\"http:\/\/www.diarioimagen.net\/wp-content\/uploads\/2016\/10\/MANZUR27-portal-460x268.jpg\" alt=\"El secretario de Gobierno, Jos\u00e9 Manzur, inaugur\u00f3 el Cuadrag\u00e9simo Primer Consejo Estatal Ordinario del Sindicato de Maestros al Servicio del Estado de M\u00e9xico.\" width=\"460\" height=\"268\" srcset=\"https:\/\/www.diarioimagen.net\/wp-content\/uploads\/2016\/10\/MANZUR27-portal-460x268.jpg 460w, https:\/\/www.diarioimagen.net\/wp-content\/uploads\/2016\/10\/MANZUR27-portal-240x140.jpg 240w, https:\/\/www.diarioimagen.net\/wp-content\/uploads\/2016\/10\/MANZUR27-portal.jpg 480w\" sizes=\"auto, (max-width: 460px) 100vw, 460px\" \/><\/a><p id=\"caption-attachment-295621\" class=\"wp-caption-text\">El secretario general de Gobierno, Jos\u00e9 Manzur, inaugur\u00f3 el Cuadrag\u00e9simo Primer Consejo Estatal Ordinario del Sindicato de Maestros al Servicio del Estado de M\u00e9xico.<\/p><\/div>\n<p>&nbsp;<\/p>\n<p><strong>Toluca, Estado de M\u00e9xico<\/strong>.- Al inaugurar el Cuadrag\u00e9simo Primer Consejo Estatal Ordinario del Sindicato de Maestros al Servicio del Estado de M\u00e9xico (SMSEM), el secretario general de Gobierno, Jos\u00e9 Manzur Quiroga, subray\u00f3 que siendo la educaci\u00f3n el eje rector de la actual administraci\u00f3n, en este \u00faltimo a\u00f1o de gesti\u00f3n, en el gobierno del Estado de M\u00e9xico se redoblar\u00e1 el trabajo para consolidar las acciones emprendidas en esta materia.<\/p>\n<p>Afirm\u00f3 que en el Edomex, ocho de cada diez pesos se destinan a la atenci\u00f3n de los temas prioritarios en educaci\u00f3n, mientras que en cuanto a infraestructura educativa, se han mejorado m\u00e1s de 3 mil planteles con el programa \u201cEscuelas al CIEN\u201d y se han construido o rehabilitado m\u00e1s de nueve mil espacios.<\/p>\n<p>Al entregar la Presea al M\u00e9rito Sindical 2016 a profesores destacados, Jos\u00e9 Manzur afirm\u00f3 que el hecho de que m\u00e1s de 4 millones de estudiantes que tiene la entidad lleguen todos los d\u00edas a sus escuelas y que frente a ellos est\u00e9 un maestro listo para educar, implica un gran esfuerzo, por lo que expres\u00f3 su reconocimiento a nombre del Ejecutivo mexiquense, al secretario general del SMSEM, Abraham Saron\u00e9 Campos, quien agradeci\u00f3 la disposici\u00f3n del gobernador Eruviel \u00c1vila por impulsar la mejora del magisterio estatal.<\/p>\n<p>Acompa\u00f1ado de la secretaria del Trabajo, Alejandra del Moral Vela, y de la subsecretaria general de Educaci\u00f3n, Elizabeth Vilchis P\u00e9rez, el secretario general de Gobierno inform\u00f3 que se ha implementado una permanente pol\u00edtica social para fomentar la calidad del aprendizaje acorde a las actuales exigencias, con apoyos directos a los alumnos m\u00e1s destacados como la entrega de 87 mil laptops y m\u00e1s de un mill\u00f3n 300 mil becas.<\/p>\n","protected":false},"excerpt":{"rendered":"<p>Al inaugurar el Cuadrag\u00e9simo Primer Consejo Estatal Ordinario del Sindicato de Maestros al Servicio del Estado de M\u00e9xico (SMSEM), el secretario general de Gobierno, Jos\u00e9 Manzur Quiroga, subray\u00f3 que siendo la educaci\u00f3n el eje rector de la actual administraci\u00f3n, en este \u00faltimo a\u00f1o de gesti\u00f3n, en el gobierno del Estado de M\u00e9xico se redoblar\u00e1 el trabajo para consolidar las acciones emprendidas en esta materia.<\/p>\n","protected":false},"author":5,"featured_media":295621,"comment_status":"open","ping_status":"open","sticky":false,"template":"","format":"standard","meta":{"_monsterinsights_skip_tracking":false,"_monsterinsights_sitenote_active":false,"_monsterinsights_sitenote_note":"","_monsterinsights_sitenote_category":0,"footnotes":""},"categories":[5],"tags":[68,48650,43675,54321,452],"class_list":["post-295620","post","type-post","status-publish","format-standard","has-post-thumbnail","hentry","category-estado-de-mexico","tag-edomex","tag-escuelas-al-cien","tag-estado-de-mexico","tag-jose-manzur","tag-toluca"],"_links":{"self":[{"href":"https:\/\/www.diarioimagen.net\/index.php?rest_route=\/wp\/v2\/posts\/295620","targetHints":{"allow":["GET"]}}],"collection":[{"href":"https:\/\/www.diarioimagen.net\/index.php?rest_route=\/wp\/v2\/posts"}],"about":[{"href":"https:\/\/www.diarioimagen.net\/index.php?rest_route=\/wp\/v2\/types\/post"}],"author":[{"embeddable":true,"href":"https:\/\/www.diarioimagen.net\/index.php?rest_route=\/wp\/v2\/users\/5"}],"replies":[{"embeddable":true,"href":"https:\/\/www.diarioimagen.net\/index.php?rest_route=%2Fwp%2Fv2%2Fcomments&post=295620"}],"version-history":[{"count":0,"href":"https:\/\/www.diarioimagen.net\/index.php?rest_route=\/wp\/v2\/posts\/295620\/revisions"}],"wp:featuredmedia":[{"embeddable":true,"href":"https:\/\/www.diarioimagen.net\/index.php?rest_route=\/wp\/v2\/media\/295621"}],"wp:attachment":[{"href":"https:\/\/www.diarioimagen.net\/index.php?rest_route=%2Fwp%2Fv2%2Fmedia&parent=295620"}],"wp:term":[{"taxonomy":"category","embeddable":true,"href":"https:\/\/www.diarioimagen.net\/index.php?rest_route=%2Fwp%2Fv2%2Fcategories&post=295620"},{"taxonomy":"post_tag","embeddable":true,"href":"https:\/\/www.diarioimagen.net\/index.php?rest_route=%2Fwp%2Fv2%2Ftags&post=295620"}],"curies":[{"name":"wp","href":"https:\/\/api.w.org\/{rel}","templated":true}]}}