{"id":295623,"date":"2016-10-27T00:10:17","date_gmt":"2016-10-27T05:10:17","guid":{"rendered":"http:\/\/www.diarioimagen.net\/?p=295623"},"modified":"2016-10-27T05:44:41","modified_gmt":"2016-10-27T10:44:41","slug":"apoyara-dif-del-estado-de-mexico-a-victimas-de-delito","status":"publish","type":"post","link":"https:\/\/www.diarioimagen.net\/?p=295623","title":{"rendered":"Apoyar\u00e1 el DIFEM a v\u00edctimas de delito"},"content":{"rendered":"<ul>\n<li><strong><em>En procesos de impartici\u00f3n de justicia<\/em><\/strong><\/li>\n<\/ul>\n<p>&nbsp;<\/p>\n<div id=\"attachment_295624\" style=\"width: 470px\" class=\"wp-caption aligncenter\"><a href=\"http:\/\/www.diarioimagen.net\/?attachment_id=295624\" rel=\"attachment wp-att-295624\"><img loading=\"lazy\" decoding=\"async\" aria-describedby=\"caption-attachment-295624\" class=\"size-large wp-image-295624\" src=\"http:\/\/www.diarioimagen.net\/wp-content\/uploads\/2016\/10\/DIFEM27-portal-460x268.jpg\" alt=\"Isis \u00c1vila Mu\u00f1oz, presidenta honoraria del DIFEM y Jos\u00e9 Manzur Quiroga, secretario general de Gobierno, atestiguaron la firma del convenio.\" width=\"460\" height=\"268\" srcset=\"https:\/\/www.diarioimagen.net\/wp-content\/uploads\/2016\/10\/DIFEM27-portal-460x268.jpg 460w, https:\/\/www.diarioimagen.net\/wp-content\/uploads\/2016\/10\/DIFEM27-portal-240x140.jpg 240w, https:\/\/www.diarioimagen.net\/wp-content\/uploads\/2016\/10\/DIFEM27-portal.jpg 480w\" sizes=\"auto, (max-width: 460px) 100vw, 460px\" \/><\/a><p id=\"caption-attachment-295624\" class=\"wp-caption-text\">Isis \u00c1vila Mu\u00f1oz, presidenta honoraria del DIFEM y Jos\u00e9 Manzur Quiroga, secretario general de Gobierno, atestiguaron la firma del convenio.<\/p><\/div>\n<p>&nbsp;<\/p>\n<p><strong>Toluca, Estado de M\u00e9xico<\/strong>.- A fin de prevenir, procurar, proteger y restituir el pleno ejercicio de los derechos constitucionales y humanos de quienes fueron v\u00edctimas de delito, as\u00ed como de sus familiares, el DIF Estado de M\u00e9xico y la Comisi\u00f3n Ejecutiva Estatal de Atenci\u00f3n a V\u00edctimas del Delito, firmaron\u00a0 un convenio de colaboraci\u00f3n con el que se capacitar\u00e1 a servidores p\u00fablicos de ambas instituciones y se acercar\u00e1n servicios integrales para atender a v\u00edctimas.<\/p>\n<p>Isis \u00c1vila Mu\u00f1oz, presidenta honoraria del DIF mexiquense y Jos\u00e9 Manzur Quiroga, secretario general de Gobierno, atestiguaron la firma del convenio que fue signado por Carolina Alan\u00eds Moreno, directora general del DIFEM y Mar\u00eda Isabel S\u00e1nchez Olgu\u00edn, comisionada Ejecutiva Estatal de Atenci\u00f3n a V\u00edctimas del Estado de M\u00e9xico.<\/p>\n<p>Isis \u00c1vila explic\u00f3 que los funcionarios ser\u00e1n capacitados en materia jur\u00eddica en sus diferentes vertientes: civil, familiar, penal, laboral, as\u00ed como en materia de derechos humanos, orientaci\u00f3n m\u00e9dica o psicol\u00f3gica.<\/p>\n<p>\u201cEste convenio permitir\u00e1 unir esfuerzos entre instituciones gubernamentales, asociaciones civiles y sociedad, para reconstruir vidas, sue\u00f1os y proyectos\u201d, se\u00f1al\u00f3.<\/p>\n<p>Explic\u00f3 que el DIFEM canalizar\u00e1 a las v\u00edctimas del delito a la Cl\u00ednica de Salud Mental \u201cRam\u00f3n de la Fuente\u201d; facilitar\u00e1 el acceso de ni\u00f1as, ni\u00f1os y adolescentes a los Centros de Asistencia a la Ni\u00f1ez, a fin de alejarlos de la violencia, maltrato y abuso; agilizar\u00e1 la orientaci\u00f3n jur\u00eddica a trav\u00e9s del Centro de Prevenci\u00f3n y Atenci\u00f3n al Maltrato y la Familia (CEPAMYF), y apoyar\u00e1 con programas de asistencia social a las v\u00edctimas.<\/p>\n","protected":false},"excerpt":{"rendered":"<p>A fin de prevenir, procurar, proteger y restituir el pleno ejercicio de los derechos constitucionales y humanos de quienes fueron v\u00edctimas de delito, as\u00ed como de sus familiares, el DIF Estado de M\u00e9xico y la Comisi\u00f3n Ejecutiva Estatal de Atenci\u00f3n a V\u00edctimas del Delito, firmaron un convenio de colaboraci\u00f3n con el que se capacitar\u00e1 a servidores p\u00fablicos de ambas instituciones y se acercar\u00e1n servicios integrales para atender a v\u00edctimas.<\/p>\n","protected":false},"author":5,"featured_media":295624,"comment_status":"open","ping_status":"open","sticky":false,"template":"","format":"standard","meta":{"_monsterinsights_skip_tracking":false,"_monsterinsights_sitenote_active":false,"_monsterinsights_sitenote_note":"","_monsterinsights_sitenote_category":0,"footnotes":""},"categories":[5],"tags":[2954,43675,28207,29182,452],"class_list":["post-295623","post","type-post","status-publish","format-standard","has-post-thumbnail","hentry","category-estado-de-mexico","tag-dif","tag-estado-de-mexico","tag-isis-avila-munoz","tag-jose-manzur-quiroga","tag-toluca"],"_links":{"self":[{"href":"https:\/\/www.diarioimagen.net\/index.php?rest_route=\/wp\/v2\/posts\/295623","targetHints":{"allow":["GET"]}}],"collection":[{"href":"https:\/\/www.diarioimagen.net\/index.php?rest_route=\/wp\/v2\/posts"}],"about":[{"href":"https:\/\/www.diarioimagen.net\/index.php?rest_route=\/wp\/v2\/types\/post"}],"author":[{"embeddable":true,"href":"https:\/\/www.diarioimagen.net\/index.php?rest_route=\/wp\/v2\/users\/5"}],"replies":[{"embeddable":true,"href":"https:\/\/www.diarioimagen.net\/index.php?rest_route=%2Fwp%2Fv2%2Fcomments&post=295623"}],"version-history":[{"count":0,"href":"https:\/\/www.diarioimagen.net\/index.php?rest_route=\/wp\/v2\/posts\/295623\/revisions"}],"wp:featuredmedia":[{"embeddable":true,"href":"https:\/\/www.diarioimagen.net\/index.php?rest_route=\/wp\/v2\/media\/295624"}],"wp:attachment":[{"href":"https:\/\/www.diarioimagen.net\/index.php?rest_route=%2Fwp%2Fv2%2Fmedia&parent=295623"}],"wp:term":[{"taxonomy":"category","embeddable":true,"href":"https:\/\/www.diarioimagen.net\/index.php?rest_route=%2Fwp%2Fv2%2Fcategories&post=295623"},{"taxonomy":"post_tag","embeddable":true,"href":"https:\/\/www.diarioimagen.net\/index.php?rest_route=%2Fwp%2Fv2%2Ftags&post=295623"}],"curies":[{"name":"wp","href":"https:\/\/api.w.org\/{rel}","templated":true}]}}