{"id":295692,"date":"2016-10-27T00:05:19","date_gmt":"2016-10-27T05:05:19","guid":{"rendered":"http:\/\/www.diarioimagen.net\/?p=295692"},"modified":"2016-10-27T05:29:31","modified_gmt":"2016-10-27T10:29:31","slug":"en-tultepec-se-alistan-para-el-paseo-de-los-farolitos","status":"publish","type":"post","link":"https:\/\/www.diarioimagen.net\/?p=295692","title":{"rendered":"En Tultepec se alistan para el \u201cPaseo de los Farolitos\u201d"},"content":{"rendered":"<ul>\n<li><strong><em>Tradicional procesi\u00f3n el \u00faltimo d\u00eda de octubre<\/em><\/strong><\/li>\n<\/ul>\n<p>&nbsp;<\/p>\n<div id=\"attachment_295795\" style=\"width: 470px\" class=\"wp-caption aligncenter\"><a href=\"http:\/\/www.diarioimagen.net\/?attachment_id=295795\" rel=\"attachment wp-att-295795\"><img loading=\"lazy\" decoding=\"async\" aria-describedby=\"caption-attachment-295795\" class=\"size-large wp-image-295795\" src=\"http:\/\/www.diarioimagen.net\/wp-content\/uploads\/2016\/10\/TULTEPEC-2984-460x259.jpg\" alt=\"Tultepec se prepara para celebrar el tradicional \u201cPaseo de los Muertitos\u201d el \u00faltimo d\u00eda de octubre.\" width=\"460\" height=\"259\" srcset=\"https:\/\/www.diarioimagen.net\/wp-content\/uploads\/2016\/10\/TULTEPEC-2984-460x259.jpg 460w, https:\/\/www.diarioimagen.net\/wp-content\/uploads\/2016\/10\/TULTEPEC-2984-240x135.jpg 240w, https:\/\/www.diarioimagen.net\/wp-content\/uploads\/2016\/10\/TULTEPEC-2984-235x132.jpg 235w, https:\/\/www.diarioimagen.net\/wp-content\/uploads\/2016\/10\/TULTEPEC-2984-202x114.jpg 202w, https:\/\/www.diarioimagen.net\/wp-content\/uploads\/2016\/10\/TULTEPEC-2984-350x196.jpg 350w, https:\/\/www.diarioimagen.net\/wp-content\/uploads\/2016\/10\/TULTEPEC-2984-220x123.jpg 220w, https:\/\/www.diarioimagen.net\/wp-content\/uploads\/2016\/10\/TULTEPEC-2984-237x132.jpg 237w, https:\/\/www.diarioimagen.net\/wp-content\/uploads\/2016\/10\/TULTEPEC-2984.jpg 480w\" sizes=\"auto, (max-width: 460px) 100vw, 460px\" \/><\/a><p id=\"caption-attachment-295795\" class=\"wp-caption-text\">Tultepec se prepara para celebrar el tradicional \u201cPaseo de los Muertitos\u201d el \u00faltimo d\u00eda de octubre.<\/p><\/div>\n<p>&nbsp;<\/p>\n<p><strong>Tultepec, Estado de M\u00e9xico<\/strong>.- Como cada a\u00f1o, desde 1875, Tultepec se prepara para celebrar el tradicional \u201cPaseo de los Muertitos\u201d, tambi\u00e9n conocido como \u201cPaseo de los Farolitos\u201d, iniciado por do\u00f1a Juanita Solano, oriunda del municipio, quien siendo catequista hizo la invitaci\u00f3n a todos los ni\u00f1os para que, acompa\u00f1ados de sus familiares, realizaran una procesi\u00f3n el \u00faltimo d\u00eda de octubre.<\/p>\n<p>Juana Antonieta Z\u00fa\u00f1iga Urb\u00e1n, la cronista municipal, explic\u00f3 que el objetivo era guiar con una candela encendida (farol), las almas de los ni\u00f1os que han muerto y que no recuerdan el camino a casa de sus familiares, \u201cquienes de acuerdo con la creencia, los vienen a visitar el 31 de octubre de cada a\u00f1o a partir de las 12:00 horas, retir\u00e1ndose a la misma hora del 1 de noviembre\u201d.<\/p>\n<p>Dijo que cuando en 1955 falleci\u00f3 don Mardonio, otro de los iniciadores de esta tradici\u00f3n, dej\u00f3 la encomienda del \u201cPaseo de los Muertitos\u201d a los hijos de do\u00f1a Cristina Silva, dirigidos por el hijo mayor, Don V\u00edctor Manuel Urb\u00e1n Silva y su hermano Agust\u00edn.<\/p>\n<p>Antes de morir en 1970, don Manuel dej\u00f3 a cargo de la tradici\u00f3n a sus hijos, Marta y Fausto Urb\u00e1n Velasco, integrantes de la familia que conform\u00f3 con Carmen Velasco Guzm\u00e1n, quienes junto con otras personas del pueblo contin\u00faan aportando con entusiasmo los recursos que hacen posible seguir esta tradici\u00f3n de devoci\u00f3n y respeto. \u00a0Esta tradici\u00f3n se lleva a cabo el \u00faltimo d\u00eda de octubre a las 18:00 horas; antes part\u00eda del pante\u00f3n, ubicado en San Mart\u00edn, hasta el centro del pueblo.<\/p>\n<p>Actualmente, el recorrido inicia con m\u00fasica en la zona centro por las principales calles y avenidas del primer cuadro, hasta regresar a la explanada municipal.<\/p>\n<p>Muchos de los participantes, la gran mayor\u00eda familias completas de \u00e9ste y otros municipios, llevan consigo un farol hecho con papel china, carrizo y una vela en el centro para guiar a sus casas las almas de los ni\u00f1os difuntos, donde la creatividad se hace visible en cada farol con cajas de muerto, cruces y calaveras, entre otros.<\/p>\n<p>&nbsp;<\/p>\n","protected":false},"excerpt":{"rendered":"<p>Como cada a\u00f1o, desde 1875, Tultepec se prepara para celebrar el tradicional \u201cPaseo de los Muertitos\u201d, tambi\u00e9n conocido como \u201cPaseo de los Farolitos\u201d, iniciado por do\u00f1a Juanita Solano, oriunda del municipio, quien siendo catequista hizo la invitaci\u00f3n a todos los ni\u00f1os para que, acompa\u00f1ados de sus familiares, realizaran una procesi\u00f3n el \u00faltimo d\u00eda de octubre.<\/p>\n","protected":false},"author":3,"featured_media":295795,"comment_status":"open","ping_status":"open","sticky":false,"template":"","format":"standard","meta":{"_monsterinsights_skip_tracking":false,"_monsterinsights_sitenote_active":false,"_monsterinsights_sitenote_note":"","_monsterinsights_sitenote_category":0,"footnotes":""},"categories":[35155],"tags":[43675,3802],"class_list":["post-295692","post","type-post","status-publish","format-standard","has-post-thumbnail","hentry","category-estado-de-mexico-estado-de-mexico","tag-estado-de-mexico","tag-tultepec"],"_links":{"self":[{"href":"https:\/\/www.diarioimagen.net\/index.php?rest_route=\/wp\/v2\/posts\/295692","targetHints":{"allow":["GET"]}}],"collection":[{"href":"https:\/\/www.diarioimagen.net\/index.php?rest_route=\/wp\/v2\/posts"}],"about":[{"href":"https:\/\/www.diarioimagen.net\/index.php?rest_route=\/wp\/v2\/types\/post"}],"author":[{"embeddable":true,"href":"https:\/\/www.diarioimagen.net\/index.php?rest_route=\/wp\/v2\/users\/3"}],"replies":[{"embeddable":true,"href":"https:\/\/www.diarioimagen.net\/index.php?rest_route=%2Fwp%2Fv2%2Fcomments&post=295692"}],"version-history":[{"count":0,"href":"https:\/\/www.diarioimagen.net\/index.php?rest_route=\/wp\/v2\/posts\/295692\/revisions"}],"wp:featuredmedia":[{"embeddable":true,"href":"https:\/\/www.diarioimagen.net\/index.php?rest_route=\/wp\/v2\/media\/295795"}],"wp:attachment":[{"href":"https:\/\/www.diarioimagen.net\/index.php?rest_route=%2Fwp%2Fv2%2Fmedia&parent=295692"}],"wp:term":[{"taxonomy":"category","embeddable":true,"href":"https:\/\/www.diarioimagen.net\/index.php?rest_route=%2Fwp%2Fv2%2Fcategories&post=295692"},{"taxonomy":"post_tag","embeddable":true,"href":"https:\/\/www.diarioimagen.net\/index.php?rest_route=%2Fwp%2Fv2%2Ftags&post=295692"}],"curies":[{"name":"wp","href":"https:\/\/api.w.org\/{rel}","templated":true}]}}