{"id":295927,"date":"2016-10-28T00:01:06","date_gmt":"2016-10-28T05:01:06","guid":{"rendered":"http:\/\/www.diarioimagen.net\/?p=295927"},"modified":"2016-10-30T23:32:17","modified_gmt":"2016-10-31T05:32:17","slug":"el-desfile-del-dia-de-muertos-y-el-gran-premio-formula-1-son-los-principales-atractivos-para-este-fin-de-semana","status":"publish","type":"post","link":"https:\/\/www.diarioimagen.net\/?p=295927","title":{"rendered":"El desfile del D\u00eda de Muertos y el Gran Premio F\u00f3rmula 1 son los principales atractivos para este fin de semana"},"content":{"rendered":"<h2>De cinco estrellas<\/h2>\n<h5>Victoria Gonz\u00e1lez Prado<\/h5>\n<p>&nbsp;<\/p>\n<ul>\n<li><strong><em>Dos vuelos diarios de la Ciudad de M\u00e9xico-Los \u00c1ngeles con <\/em>Interjet<em>, impulsar\u00e1n el comercio, los negocios y el turismo entre ambos destinos<\/em><\/strong><\/li>\n<\/ul>\n<p>&nbsp;<\/p>\n<div id=\"attachment_295970\" style=\"width: 470px\" class=\"wp-caption aligncenter\"><a href=\"http:\/\/www.diarioimagen.net\/?attachment_id=295970\" rel=\"attachment wp-att-295970\"><img loading=\"lazy\" decoding=\"async\" aria-describedby=\"caption-attachment-295970\" class=\"size-large wp-image-295970\" src=\"http:\/\/www.diarioimagen.net\/wp-content\/uploads\/2016\/10\/turismo-2985-460x259.jpg\" alt=\"Alejandro Sober\u00f3n y Enrique de la Madrid.\" width=\"460\" height=\"259\" srcset=\"https:\/\/www.diarioimagen.net\/wp-content\/uploads\/2016\/10\/turismo-2985-460x259.jpg 460w, https:\/\/www.diarioimagen.net\/wp-content\/uploads\/2016\/10\/turismo-2985-240x135.jpg 240w, https:\/\/www.diarioimagen.net\/wp-content\/uploads\/2016\/10\/turismo-2985-235x132.jpg 235w, https:\/\/www.diarioimagen.net\/wp-content\/uploads\/2016\/10\/turismo-2985-202x114.jpg 202w, https:\/\/www.diarioimagen.net\/wp-content\/uploads\/2016\/10\/turismo-2985-350x196.jpg 350w, https:\/\/www.diarioimagen.net\/wp-content\/uploads\/2016\/10\/turismo-2985-220x123.jpg 220w, https:\/\/www.diarioimagen.net\/wp-content\/uploads\/2016\/10\/turismo-2985-237x132.jpg 237w, https:\/\/www.diarioimagen.net\/wp-content\/uploads\/2016\/10\/turismo-2985.jpg 480w\" sizes=\"auto, (max-width: 460px) 100vw, 460px\" \/><\/a><p id=\"caption-attachment-295970\" class=\"wp-caption-text\">Alejandro Sober\u00f3n y Enrique de la Madrid.<\/p><\/div>\n<p>&nbsp;<\/p>\n<p>Ser\u00e1 ma\u00f1ana s\u00e1bado cuando se celebre por primera vez el desfile de D\u00eda de Muertos en la Ciudad de M\u00e9xico, que partir\u00e1 del \u00c1ngel de la Independencia al Z\u00f3calo y tendr\u00e1 una duraci\u00f3n de tres a cuatro horas y se presentar\u00e1n carros aleg\u00f3ricos, mojigangas y marionetas, entre otros.<\/p>\n<p>Este desfile tendr\u00e1 una longitud de 648 metros y estar\u00e1 compuesto por tres ejes tem\u00e1ticos, se\u00f1al\u00f3 <strong>Enrique de la Madrid<\/strong>, titular de Turismo federal.<\/p>\n<p>El objetivo, indic\u00f3, es crear un producto tur\u00edstico innovador y la intenci\u00f3n es que el desfile sea permanente, con sede en la capital del pa\u00eds o que sea itinerante, afirm\u00f3 <strong>De la Madrid<\/strong> en conferencia de prensa, junto con el director general de Corporaci\u00f3n Interamericana de Entretenimiento (CIE), <strong>Alejandro Sober\u00f3n<\/strong>, quien dijo que el Gran Premio de F\u00f3rmula 1 tambi\u00e9n ser\u00e1 este fin de semana.<\/p>\n<p>En el caso del desfile, el titular de la Sectur dijo que est\u00e1 impulsado por el gobierno federal y erogar\u00e1 alrededor de 30 millones de pesos.<\/p>\n<p>El desfile busca dar a conocer la tradici\u00f3n del D\u00eda de Muertos y estar\u00e1 dividido en tres segmentos: dos a cargo del gobierno capitalino y uno por el gobierno federal, denominado \u201cPa\u2019l Pante\u00f3n: Fiesta y Algarab\u00eda\u201d, organizado por el Consejo de Promoci\u00f3n Tur\u00edstica de M\u00e9xico (CPTM), que resume la historia de la tradici\u00f3n de la celebraci\u00f3n del D\u00eda de Muertos.<\/p>\n<p>Al referirse a la F\u00f3rmula 1, dijo que tendr\u00e1 un impacto econ\u00f3mico directo de 16.7 millones de d\u00f3lares. Una ocupaci\u00f3n hotelera de 71.73 por ciento y visitar\u00e1n la ciudad alrededor de 165 mil personas, dijo <strong>De la Madrid,<\/strong> quien adem\u00e1s asegur\u00f3: \u201cnos daremos por bien servidos si los resultados son iguales a los del a\u00f1o pasado, que se rebasaron todas las expectativas\u201d.<\/p>\n<p>En el desfile se contar\u00e1 con la iconograf\u00eda de <strong>Jos\u00e9 Guadalupe Posada<\/strong>, por lo que \u201cestar\u00e1n todos los personajes que lo hicieron famoso: las\u00a0calaveras amorosas, la calavera chocarrera, la Adelita, la Catrina y el Catr\u00edn\u201d.<\/p>\n<p>Se trata, dijo, de una celebraci\u00f3n ancestral que habla de este Patrimonio Intangible de la Humanidad que pondr\u00e1 al pa\u00eds en el mapa y permitir\u00e1 que m\u00e1s personas nos visiten y conozcan la tradici\u00f3n en otros lugares de la Rep\u00fablica Mexicana como Cozumel, Campeche, Chiapas, Guanajuato, Oaxaca.<\/p>\n<p><strong>De la Madrid<\/strong> detall\u00f3 que 164 mil turistas presenciar\u00e1n el festival que adem\u00e1s se ha promovido en Canad\u00e1 y otros destinos \u2018calentado el ambiente\u2019 para que m\u00e1s gente visite la Ciudad de M\u00e9xico durante la celebraci\u00f3n y capitalizar el evento.<\/p>\n<p>Al referirse a la realizaci\u00f3n del Gran Premio F\u00f3rmula 1, record\u00f3 que el a\u00f1o pasado hubo 336 mil 174 espectadores, 134 mil 850 el d\u00eda de la carrera y fue considerado el Mejor Evento del 2015. Todo ello se tradujo, a\u00f1adi\u00f3, en 78.7% de ocupaci\u00f3n un 12% m\u00e1s que el a\u00f1o anterior. 62 mil turistas extranjeros y 70% nacionales, muchos de ellos procedentes del interior del pa\u00eds.<\/p>\n<p>\u201cLo que hace tan atractiva a la F1 en M\u00e9xico somos los mexicanos, nuestra pasi\u00f3n; es una raz\u00f3n m\u00e1s para que vengan a visitarnos al pa\u00eds\u201d, dijo el\u00a0 funcionario<\/p>\n<p><strong>Alejandro Sober\u00f3n<\/strong>, al hacer uso de la palabra y asegur\u00f3 que ya est\u00e1n agotados los boletos para el Gran Premio y que para esta versi\u00f3n habr\u00e1 25% m\u00e1s medios internacionales acreditados.<\/p>\n<p>Asimismo, se\u00f1al\u00f3 que la carrera de M\u00e9xico ser\u00e1 importante porque puede ser el escenario para que el alem\u00e1n Nico Roseberg, de Mercedes, se proclame campe\u00f3n del mundo.<\/p>\n<p>Destac\u00f3 tambi\u00e9n la trayectoria, este a\u00f1o, del piloto mexicano <strong>Sergio \u201cCheco\u201d P\u00e9rez<\/strong>, quien est\u00e1 en s\u00e9ptimo lugar en la clasificaci\u00f3n de pilotos y bajo su liderazgo su escuder\u00eda <em>Force India<\/em>,\u00a0 disputa el cuarto lugar del campeonato de constructores. \u201cCheco\u201d tiene una temporada extraordinaria; adem\u00e1s espero que <strong>Esteban Guti\u00e9rrez<\/strong> (piloto mexicano de la escuder\u00eda <em>Hass<\/em>) nos d\u00e9 muchas satisfacciones\u201d, coment\u00f3 el directivo.<\/p>\n<p>Al referirse a la derrama generada, <strong>Sober\u00f3n<\/strong> dijo que fue de 12 mil 500 millones de pesos. Se generaron 12 mil 500 empleos y para el Gran Premio que inicia hoy y ser\u00e1 todo el fin de semana, habr\u00e1 m\u00e1s de 8 mil personas trabajando.<\/p>\n<p>En este a\u00f1o, el Gran Premio F\u00f3rmula 1, contar\u00e1 con 22 pilotos.<\/p>\n<p>\u2730\u2730\u2730\u2730\u2730 La Ciudad de M\u00e9xico y Los \u00c1ngeles, California, ahora est\u00e1n unidos con la nueva ruta de Interjet, que ofrece dos vuelos diarios.<\/p>\n<p><strong>Gabriela Jim\u00e9nez<\/strong>, directora de Relaciones Institucionales de la aerol\u00ednea, dijo \u201cestamos muy agradecidos con nuestros clientes por su preferencia. En febrero iniciamos operaciones al Aeropuerto Internacional de Los \u00c1ngeles y hoy volamos desde ese aeropuerto a destinos representativos como Guadalajara, Canc\u00fan y la Ciudad de M\u00e9xico. El nuevo vuelo impulsar\u00e1 el comercio, los negocios y el turismo entre ambos destinos y estrechar\u00e1 los lazos entre estas dos grandes urbes\u201d.<\/p>\n<p>Por su parte, el c\u00f3nsul general de M\u00e9xico en Los \u00c1ngeles, <strong>Carlos Garc\u00eda de Alba<\/strong>, indic\u00f3 \u201cla cristalizaci\u00f3n de este nuevo puente de contacto y comunicaci\u00f3n entre la Ciudad de M\u00e9xico y Los \u00c1ngeles es un hecho que muestra la amplia y din\u00e1mica relaci\u00f3n entre estas importantes metr\u00f3polis, hermanadas en la cultura\u00a0 historia, negocios, turismo, innovaci\u00f3n, y muchos otros temas de vanguardia. Damos la bienvenida a este nuevo logro, fruto de las acciones conjuntas llevadas a cabo durante la pasada visita del alcalde <strong>Eric Garcetti<\/strong> a M\u00e9xico en 2014\u201d.<\/p>\n<p><strong>Felipe Cusnir<\/strong>, <em>Deputy Director of International Trade<\/em>, de la Oficina del alcalde de ciudad de Los \u00c1ngeles, coment\u00f3 \u201ccuando el alcalde <strong>Garcetti<\/strong> viaj\u00f3 a M\u00e9xico en 2014, se reuni\u00f3 con la directiva de Interjet y trataron la especial relaci\u00f3n de Los \u00c1ngeles con M\u00e9xico, nuestro mayor mercado del turismo, con cerca de 1.8 millones de visitantes en 2015. A principios de este a\u00f1o celebramos el primer vuelo de Interjet a LAX, y hoy este nuevo vuelo a la Ciudad de M\u00e9xico ampliar\u00e1 a\u00fan m\u00e1s nuestros lazos personales, profesionales y culturales. Vamos a seguir trabajando con la l\u00ednea a\u00e9rea, con el consulado y con todos nuestros socios para aumentar a\u00fan m\u00e1s el turismo y el comercio entre las regiones\u201d.<\/p>\n<p>El director del Consejo de Promoci\u00f3n Tur\u00edstica de M\u00e9xico en Los \u00c1ngeles, <strong>Jorge Gamboa Patr\u00f3n<\/strong>, mencion\u00f3 que \u201cLas iniciativas y la gran vis\u00f3n comercial con la que Interjet ha iniciado sus operaciones en esta la m\u00e1s activa plaza para los destinos de M\u00e9xico, han logrado una apertura a rutas que es de suma importancia para los consumidores y diferentes actores de los segmentos del mercado. En el CPTM Los \u00c1ngeles, apoyaremos como siempre los trabajos de promoci\u00f3n para lograr grandes avances. Les deseamos el mayor de los \u00e9xitos\u201d.<\/p>\n<p>Desde el pasado 20 de octubre,\u00a0esta nueva ruta se suma a las 15 operadas actualmente por la aerol\u00ednea entre M\u00e9xico y Estados Unidos hacia destinos como Dallas-Fort Worth, Houston, Las Vegas, Los \u00c1ngeles, Miami, Nueva York, San Antonio y Orlando-Sanford.<\/p>\n<p>Las dos frecuencias diarias, son operadas con aviones <em>Airbus A-320<\/em> equipados con la m\u00e1s alta tecnolog\u00eda, lo que representa una oferta semanal de 4,200 asientos, los boletos ya est\u00e1n a la venta con una tarifa de introducci\u00f3n incluyendo impuestos desde 259 d\u00f3lares vuelo redondo.<\/p>\n<p><em><a href=\"mailto:victoriagprado@gmail.com\" target=\"_blank\">victoriagprado@gmail.com<\/a><\/em><br \/>\n<em> Twitter: <a href=\"https:\/\/twitter.com\/victoriagprado\" target=\"_blank\">@victoriagprado<\/a><\/em><\/p>\n","protected":false},"excerpt":{"rendered":"<p>Ser\u00e1 ma\u00f1ana s\u00e1bado cuando se celebre por primera vez el desfile de D\u00eda de Muertos en la Ciudad de M\u00e9xico, que partir\u00e1 del \u00c1ngel de la Independencia al Z\u00f3calo y tendr\u00e1 una duraci\u00f3n de tres a cuatro horas y se presentar\u00e1n carros aleg\u00f3ricos, mojigangas y marionetas, entre otros. <\/p>\n","protected":false},"author":3,"featured_media":295970,"comment_status":"open","ping_status":"open","sticky":false,"template":"","format":"standard","meta":{"_monsterinsights_skip_tracking":false,"_monsterinsights_sitenote_active":false,"_monsterinsights_sitenote_note":"","_monsterinsights_sitenote_category":0,"footnotes":""},"categories":[11],"tags":[107,43674,43681,106],"class_list":["post-295927","post","type-post","status-publish","format-standard","has-post-thumbnail","hentry","category-turismo","tag-de-cinco-estrellas","tag-opinion","tag-turismo","tag-victoria-gonzalez-prado"],"_links":{"self":[{"href":"https:\/\/www.diarioimagen.net\/index.php?rest_route=\/wp\/v2\/posts\/295927","targetHints":{"allow":["GET"]}}],"collection":[{"href":"https:\/\/www.diarioimagen.net\/index.php?rest_route=\/wp\/v2\/posts"}],"about":[{"href":"https:\/\/www.diarioimagen.net\/index.php?rest_route=\/wp\/v2\/types\/post"}],"author":[{"embeddable":true,"href":"https:\/\/www.diarioimagen.net\/index.php?rest_route=\/wp\/v2\/users\/3"}],"replies":[{"embeddable":true,"href":"https:\/\/www.diarioimagen.net\/index.php?rest_route=%2Fwp%2Fv2%2Fcomments&post=295927"}],"version-history":[{"count":0,"href":"https:\/\/www.diarioimagen.net\/index.php?rest_route=\/wp\/v2\/posts\/295927\/revisions"}],"wp:featuredmedia":[{"embeddable":true,"href":"https:\/\/www.diarioimagen.net\/index.php?rest_route=\/wp\/v2\/media\/295970"}],"wp:attachment":[{"href":"https:\/\/www.diarioimagen.net\/index.php?rest_route=%2Fwp%2Fv2%2Fmedia&parent=295927"}],"wp:term":[{"taxonomy":"category","embeddable":true,"href":"https:\/\/www.diarioimagen.net\/index.php?rest_route=%2Fwp%2Fv2%2Fcategories&post=295927"},{"taxonomy":"post_tag","embeddable":true,"href":"https:\/\/www.diarioimagen.net\/index.php?rest_route=%2Fwp%2Fv2%2Ftags&post=295927"}],"curies":[{"name":"wp","href":"https:\/\/api.w.org\/{rel}","templated":true}]}}