{"id":296083,"date":"2016-10-30T18:00:16","date_gmt":"2016-10-31T00:00:16","guid":{"rendered":"http:\/\/www.diarioimagen.net\/?p=296083"},"modified":"2016-10-31T07:41:33","modified_gmt":"2016-10-31T13:41:33","slug":"expresa-eruviel-avila-reconocimiento-a-la-nueva-de-la-seccion-36-del-snte","status":"publish","type":"post","link":"https:\/\/www.diarioimagen.net\/?p=296083","title":{"rendered":"Expresa Eruviel \u00c1vila reconocimiento a la nueva de la secci\u00f3n 36 del SNTE"},"content":{"rendered":"<ul>\n<li><em><strong>Refrenda respeto al gremio docente<\/strong><\/em><\/li>\n<\/ul>\n<p>&nbsp;<\/p>\n<div id=\"attachment_296084\" style=\"width: 470px\" class=\"wp-caption aligncenter\"><a href=\"http:\/\/www.diarioimagen.net\/?attachment_id=296084\" rel=\"attachment wp-att-296084\"><img loading=\"lazy\" decoding=\"async\" aria-describedby=\"caption-attachment-296084\" class=\"size-large wp-image-296084\" src=\"http:\/\/www.diarioimagen.net\/wp-content\/uploads\/2016\/10\/ERUVIEL31-PORTAL-460x268.jpg\" alt=\"El gobernador Eruviel \u00c1vila Villegas refrend\u00f3 su respeto al gremio docente del Estado de M\u00e9xico.\" width=\"460\" height=\"268\" srcset=\"https:\/\/www.diarioimagen.net\/wp-content\/uploads\/2016\/10\/ERUVIEL31-PORTAL-460x268.jpg 460w, https:\/\/www.diarioimagen.net\/wp-content\/uploads\/2016\/10\/ERUVIEL31-PORTAL-240x140.jpg 240w, https:\/\/www.diarioimagen.net\/wp-content\/uploads\/2016\/10\/ERUVIEL31-PORTAL.jpg 480w\" sizes=\"auto, (max-width: 460px) 100vw, 460px\" \/><\/a><p id=\"caption-attachment-296084\" class=\"wp-caption-text\">El gobernador Eruviel \u00c1vila Villegas refrend\u00f3 su respeto al gremio docente del Estado de M\u00e9xico.<\/p><\/div>\n<p>&nbsp;<\/p>\n<p><strong>Toluca, Estado de M\u00e9xico<\/strong>.- El gobernador Eruviel \u00c1vila Villegas expres\u00f3 su reconocimiento a la nueva dirigencia de la secci\u00f3n 36 del Sindicato Nacional de Trabajadores de la Educaci\u00f3n (SNTE), que encabeza Rigoberto Vargas Cervantes como secretario general, junto con quien la administraci\u00f3n estatal trabajar\u00e1 para seguir haciendo realidad la reforma educativa.<\/p>\n<p>\u201cEn el Gobierno del Estado de M\u00e9xico reconocemos la vocaci\u00f3n inquebrantable que tienen los maestros para contribuir en la preparaci\u00f3n de ni\u00f1os y j\u00f3venes, que los hace un pilar del desarrollo social de M\u00e9xico, por ello deseamos el mayor de los \u00e9xitos a Rigoberto Vargas\u00bb, manifest\u00f3.<\/p>\n<p>El mandatario estatal refrend\u00f3 su respeto al gremio docente y sostuvo que un gobierno comprometido con el desarrollo, es un gobierno aliado de los maestros, por lo que reiter\u00f3 la disposici\u00f3n de hacer equipo con el magisterio.<\/p>\n<p>Eruviel \u00c1vila garantiz\u00f3 un di\u00e1logo permanente para alcanzar las metas que se traduzcan en una educaci\u00f3n de calidad, como lo establece la reforma educativa y como se impulsa en el Estado de M\u00e9xico, pues la educaci\u00f3n transforma vidas y es la mejor inversi\u00f3n que se puede realizar.<\/p>\n<p>Destac\u00f3 que el Estado de M\u00e9xico tiene el sistema educativo m\u00e1s grande del pa\u00eds, con m\u00e1s de 4.8 millones de alumnos, de ah\u00ed la importancia en el papel que juegan todos los d\u00edas los maestros mexiquenses.<\/p>\n","protected":false},"excerpt":{"rendered":"<p>El gobernador Eruviel \u00c1vila Villegas expres\u00f3 su reconocimiento a la nueva dirigencia de la secci\u00f3n 36 del Sindicato Nacional de Trabajadores de la Educaci\u00f3n (SNTE), que encabeza Rigoberto Vargas Cervantes como secretario general, junto con quien la administraci\u00f3n estatal trabajar\u00e1 para seguir haciendo realidad la reforma educativa.<\/p>\n","protected":false},"author":5,"featured_media":296084,"comment_status":"open","ping_status":"open","sticky":false,"template":"","format":"standard","meta":{"_monsterinsights_skip_tracking":false,"_monsterinsights_sitenote_active":false,"_monsterinsights_sitenote_note":"","_monsterinsights_sitenote_category":0,"footnotes":""},"categories":[5],"tags":[43675,2044,452],"class_list":["post-296083","post","type-post","status-publish","format-standard","has-post-thumbnail","hentry","category-estado-de-mexico","tag-estado-de-mexico","tag-snte","tag-toluca"],"_links":{"self":[{"href":"https:\/\/www.diarioimagen.net\/index.php?rest_route=\/wp\/v2\/posts\/296083","targetHints":{"allow":["GET"]}}],"collection":[{"href":"https:\/\/www.diarioimagen.net\/index.php?rest_route=\/wp\/v2\/posts"}],"about":[{"href":"https:\/\/www.diarioimagen.net\/index.php?rest_route=\/wp\/v2\/types\/post"}],"author":[{"embeddable":true,"href":"https:\/\/www.diarioimagen.net\/index.php?rest_route=\/wp\/v2\/users\/5"}],"replies":[{"embeddable":true,"href":"https:\/\/www.diarioimagen.net\/index.php?rest_route=%2Fwp%2Fv2%2Fcomments&post=296083"}],"version-history":[{"count":0,"href":"https:\/\/www.diarioimagen.net\/index.php?rest_route=\/wp\/v2\/posts\/296083\/revisions"}],"wp:featuredmedia":[{"embeddable":true,"href":"https:\/\/www.diarioimagen.net\/index.php?rest_route=\/wp\/v2\/media\/296084"}],"wp:attachment":[{"href":"https:\/\/www.diarioimagen.net\/index.php?rest_route=%2Fwp%2Fv2%2Fmedia&parent=296083"}],"wp:term":[{"taxonomy":"category","embeddable":true,"href":"https:\/\/www.diarioimagen.net\/index.php?rest_route=%2Fwp%2Fv2%2Fcategories&post=296083"},{"taxonomy":"post_tag","embeddable":true,"href":"https:\/\/www.diarioimagen.net\/index.php?rest_route=%2Fwp%2Fv2%2Ftags&post=296083"}],"curies":[{"name":"wp","href":"https:\/\/api.w.org\/{rel}","templated":true}]}}