{"id":296086,"date":"2016-10-31T00:07:36","date_gmt":"2016-10-31T06:07:36","guid":{"rendered":"http:\/\/www.diarioimagen.net\/?p=296086"},"modified":"2016-11-01T00:26:45","modified_gmt":"2016-11-01T06:26:45","slug":"registra-edomex-avances-en-acciones-de-inclusion-social","status":"publish","type":"post","link":"https:\/\/www.diarioimagen.net\/?p=296086","title":{"rendered":"Avances en acciones de inclusi\u00f3n social: Eruviel \u00c1vila"},"content":{"rendered":"<ul>\n<li><strong><em>Se superan carencias en alimentaci\u00f3n, vivienda, salud y educaci\u00f3n<\/em><\/strong><\/li>\n<\/ul>\n<h6>Jos\u00e9 Luis Monta\u00f1ez<\/h6>\n<div id=\"attachment_296087\" style=\"width: 470px\" class=\"wp-caption aligncenter\"><a href=\"http:\/\/www.diarioimagen.net\/?attachment_id=296087\" rel=\"attachment wp-att-296087\"><img loading=\"lazy\" decoding=\"async\" aria-describedby=\"caption-attachment-296087\" class=\"wp-image-296087 size-large\" src=\"http:\/\/www.diarioimagen.net\/wp-content\/uploads\/2016\/10\/INCLUSION31-PORTAL-460x268.jpg\" alt=\"Eruviel \u00c1vila present\u00f3 los diversos programas que los mexiquenses tienen a su alcance, como los tratamientos para combatir el c\u00e1ncer, seguros de vida para jefas de familia, entre otros.\" width=\"460\" height=\"268\" srcset=\"https:\/\/www.diarioimagen.net\/wp-content\/uploads\/2016\/10\/INCLUSION31-PORTAL-460x268.jpg 460w, https:\/\/www.diarioimagen.net\/wp-content\/uploads\/2016\/10\/INCLUSION31-PORTAL-240x140.jpg 240w, https:\/\/www.diarioimagen.net\/wp-content\/uploads\/2016\/10\/INCLUSION31-PORTAL.jpg 480w\" sizes=\"auto, (max-width: 460px) 100vw, 460px\" \/><\/a><p id=\"caption-attachment-296087\" class=\"wp-caption-text\">Eruviel \u00c1vila Villegas destac\u00f3 tratamientos para combatir el c\u00e1ncer, seguros de vida para jefas de familia, entre otros.<\/p><\/div>\n<p>&nbsp;<\/p>\n<p><strong>Coatepec Harinas, Estado de M\u00e9xico<\/strong>.- El gobernador Eruviel \u00c1vila Villegas destac\u00f3 el trabajo que el gobierno estatal realiza, en coordinaci\u00f3n con autoridades federales y estatales, en materia de inclusi\u00f3n social, que ha permitido alcanzar importantes avances para superar carencias relacionadas con alimentaci\u00f3n, vivienda, salud, educaci\u00f3n, entre otras, en atenci\u00f3n tambi\u00e9n a las recomendaciones del Consejo Nacional de Evaluaci\u00f3n de la Pol\u00edtica de Desarrollo Social (Coneval).<\/p>\n<p>Por ejemplo, expuso que el 90 por ciento de los recursos que reciben los beneficiarios de la tarjeta La Efectiva, son empleados para cuestiones alimentarias; m\u00e1s de 3 millones y medio de personas se han incorporado a programas\u00a0 sociales vigentes; m\u00e1s de un mill\u00f3n de mexiquenses se han afiliado al Seguro Popular y 450 mil estudiantes de preparatoria y universidad ya cuentan con seguridad social.<\/p>\n<p>En la Unidad Deportiva de Coatepec Harinas, ante Fernando Serrano Llarena, representante de la Oficina de la Presidencia de la Rep\u00fablica, el gobernador indic\u00f3 que tambi\u00e9n se han tenido acciones para mejorar las viviendas y, a la fecha, se han construido m\u00e1s de 6 mil pisos firmes y 4 mil m\u00e1s est\u00e1n en proceso; 8 mil techos de l\u00e1mina fueron sustituidos por otros de concreto;\u00a0 en tanto que\u00a0 4 mil 700 cuartos se han construido y 10 mil 300\u00a0 est\u00e1n en edificaci\u00f3n.<\/p>\n<p>Por ello, afirm\u00f3 que los apoyos que miles de familias mexiquenses reciben a trav\u00e9s de los programas federales, estatales o municipales, continuar\u00e1n entreg\u00e1ndose de forma incondicional y sin interrupciones, pues contribuyen a mejorar la vida de los beneficiarios.<\/p>\n<p>\u201cRequerimos de los programas sociales federales, estatales y municipales para superar estas carencias, y en la pr\u00f3xima evaluaci\u00f3n que va a llevar a cabo el Coneval, yo estoy cierto que producto de esta campa\u00f1a p\u00fablica, transparente, incondicional, nos va a ir mucho mejor a la hora en que se nos eval\u00fae, y estoy cierto que vamos a reducir los rezagos en diferentes materias\u201d.<\/p>\n","protected":false},"excerpt":{"rendered":"<p><span style=\"color: #005497;\">Jos\u00e9 Luis Monta\u00f1ez<\/span><br \/>\n<br \/>El gobernador Eruviel \u00c1vila Villegas destac\u00f3 el trabajo que el gobierno estatal realiza, en coordinaci\u00f3n con autoridades federales y estatales, en materia de inclusi\u00f3n social, que ha permitido alcanzar importantes avances para superar carencias relacionadas con alimentaci\u00f3n, vivienda, salud, educaci\u00f3n, entre otras, en atenci\u00f3n tambi\u00e9n a las recomendaciones del Consejo Nacional de Evaluaci\u00f3n de la Pol\u00edtica de Desarrollo Social (Coneval).<\/p>\n","protected":false},"author":5,"featured_media":296087,"comment_status":"open","ping_status":"open","sticky":false,"template":"","format":"standard","meta":{"_monsterinsights_skip_tracking":false,"_monsterinsights_sitenote_active":false,"_monsterinsights_sitenote_note":"","_monsterinsights_sitenote_category":0,"footnotes":""},"categories":[5],"tags":[3724,43675],"class_list":["post-296086","post","type-post","status-publish","format-standard","has-post-thumbnail","hentry","category-estado-de-mexico","tag-coatepec-harinas","tag-estado-de-mexico"],"_links":{"self":[{"href":"https:\/\/www.diarioimagen.net\/index.php?rest_route=\/wp\/v2\/posts\/296086","targetHints":{"allow":["GET"]}}],"collection":[{"href":"https:\/\/www.diarioimagen.net\/index.php?rest_route=\/wp\/v2\/posts"}],"about":[{"href":"https:\/\/www.diarioimagen.net\/index.php?rest_route=\/wp\/v2\/types\/post"}],"author":[{"embeddable":true,"href":"https:\/\/www.diarioimagen.net\/index.php?rest_route=\/wp\/v2\/users\/5"}],"replies":[{"embeddable":true,"href":"https:\/\/www.diarioimagen.net\/index.php?rest_route=%2Fwp%2Fv2%2Fcomments&post=296086"}],"version-history":[{"count":0,"href":"https:\/\/www.diarioimagen.net\/index.php?rest_route=\/wp\/v2\/posts\/296086\/revisions"}],"wp:featuredmedia":[{"embeddable":true,"href":"https:\/\/www.diarioimagen.net\/index.php?rest_route=\/wp\/v2\/media\/296087"}],"wp:attachment":[{"href":"https:\/\/www.diarioimagen.net\/index.php?rest_route=%2Fwp%2Fv2%2Fmedia&parent=296086"}],"wp:term":[{"taxonomy":"category","embeddable":true,"href":"https:\/\/www.diarioimagen.net\/index.php?rest_route=%2Fwp%2Fv2%2Fcategories&post=296086"},{"taxonomy":"post_tag","embeddable":true,"href":"https:\/\/www.diarioimagen.net\/index.php?rest_route=%2Fwp%2Fv2%2Ftags&post=296086"}],"curies":[{"name":"wp","href":"https:\/\/api.w.org\/{rel}","templated":true}]}}