{"id":296147,"date":"2016-10-31T00:09:38","date_gmt":"2016-10-31T06:09:38","guid":{"rendered":"http:\/\/www.diarioimagen.net\/?p=296147"},"modified":"2016-10-31T02:58:51","modified_gmt":"2016-10-31T08:58:51","slug":"genera-horario-de-verano-ahorros-por-mas-de-220-mdp","status":"publish","type":"post","link":"https:\/\/www.diarioimagen.net\/?p=296147","title":{"rendered":"Genera Horario de Verano ahorros por m\u00e1s de 220 mdp"},"content":{"rendered":"<h2>Arco Norte<\/h2>\n<h5>Jos\u00e9 Luis Monta\u00f1ez Aguilar<\/h5>\n<p>&nbsp;<\/p>\n<p><a href=\"http:\/\/www.diarioimagen.net\/?attachment_id=296252\" rel=\"attachment wp-att-296252\"><img loading=\"lazy\" decoding=\"async\" class=\"aligncenter size-large wp-image-296252\" src=\"http:\/\/www.diarioimagen.net\/wp-content\/uploads\/2016\/10\/arco-2986-460x259.jpg\" alt=\"arco-2986\" width=\"460\" height=\"259\" srcset=\"https:\/\/www.diarioimagen.net\/wp-content\/uploads\/2016\/10\/arco-2986-460x259.jpg 460w, https:\/\/www.diarioimagen.net\/wp-content\/uploads\/2016\/10\/arco-2986-240x135.jpg 240w, https:\/\/www.diarioimagen.net\/wp-content\/uploads\/2016\/10\/arco-2986-235x132.jpg 235w, https:\/\/www.diarioimagen.net\/wp-content\/uploads\/2016\/10\/arco-2986-202x114.jpg 202w, https:\/\/www.diarioimagen.net\/wp-content\/uploads\/2016\/10\/arco-2986-350x196.jpg 350w, https:\/\/www.diarioimagen.net\/wp-content\/uploads\/2016\/10\/arco-2986-220x123.jpg 220w, https:\/\/www.diarioimagen.net\/wp-content\/uploads\/2016\/10\/arco-2986-237x132.jpg 237w, https:\/\/www.diarioimagen.net\/wp-content\/uploads\/2016\/10\/arco-2986.jpg 480w\" sizes=\"auto, (max-width: 460px) 100vw, 460px\" \/><\/a><\/p>\n<p>&nbsp;<\/p>\n<p>En este a\u00f1o 2016, el Horario de Verano permiti\u00f3 un ahorro de 165.2 gigawatts por hora (GWH) en el Estado de M\u00e9xico, inform\u00f3 Armando \u00c1lvarez Reyes, director general de Electrificaci\u00f3n de la Secretar\u00eda de Infraestructura.<\/p>\n<p>El menor consumo de energ\u00eda, explic\u00f3 el funcionario p\u00fablico, si se tradujera en dinero, representar\u00eda un ahorro de 220.7 millones de pesos, considerando un costo promedio de la energ\u00eda el\u00e9ctrica de $1.3782 pesos por kilowatt por hora (KWH); estos ahorros equivalen a la energ\u00eda requerida durante 5 a\u00f1os para todo el alumbrado p\u00fablico de Toluca.<\/p>\n<p>Adem\u00e1s, \u00c1lvarez Reyes indic\u00f3 que el Horario de Verano trae tambi\u00e9n un beneficio ambiental, debido a que los ahorros en el consumo de energ\u00eda representan una disminuci\u00f3n en las emisiones de contaminantes a la atm\u00f3sfera de 468 mil toneladas de bi\u00f3xido de carbono, que representar\u00eda retirar de circulaci\u00f3n 8 millones 621 mil veh\u00edculos en un a\u00f1o.<\/p>\n<p>El beneficio ambiental por los ahorros en el consumo de energ\u00eda el\u00e9ctrica se dejaron de emitir al medio ambiente 83 mil 325 toneladas de bi\u00f3xido de carbono lo que equivale a disminuir 1.5 millones de veh\u00edculos en el Valle de M\u00e9xico durante un a\u00f1o.<\/p>\n<p style=\"text-align: center;\"><strong>Realizan operativo simult\u00e1neo en 54 puntos de Naucalpan<\/strong><\/p>\n<p>Autoridades estatales y federales realizaron un operativo simult\u00e1neo en 19 colonias del municipio de Naucalpan, el cual inici\u00f3 en punto de las 23:00 horas del viernes y concluy\u00f3 alrededor de la 1:00 horas del s\u00e1bado; tuvo por objetivo catear diversos puntos identificados como de narcomenudeo, as\u00ed como revisar bares, establecer puntos de revisi\u00f3n vehicular y verificar las unidades y armamento de la polic\u00eda municipal.<\/p>\n<p>En la movilizaci\u00f3n participaron elementos de las secretar\u00edas de Marina y la Defensa Nacional, Polic\u00eda Federal, Comisi\u00f3n Estatal de Seguridad y la Procuradur\u00eda General de Justicia del Estado de M\u00e9xico, coordinados bajo el mando del Ej\u00e9rcito mexicano. De manera simult\u00e1nea, 54 c\u00e9lulas integradas por efectivos de estas cinco corporaciones, se desplegaron a lo largo de los diversos puntos determinados previamente.<\/p>\n<p>El procurador mexiquense, Alejandro G\u00f3mez S\u00e1nchez, destac\u00f3 la coordinaci\u00f3n entre corporaciones federales y estatales para realizar estas acciones en beneficio de los naucalpenses. Jacqueline Garc\u00eda V\u00e1zquez, presidenta del Consejo de Seguridad P\u00fablica del Estado de M\u00e9xico, y representantes vecinales acompa\u00f1aron al procurador estatal en la supervisi\u00f3n de varias de las c\u00e9lulas.<\/p>\n<p><em><a href=\"mailto:montanezaguilar@gmail.com\" target=\"_blank\">montanezaguilar@gmail.com<\/a><\/em><\/p>\n","protected":false},"excerpt":{"rendered":"<p><span style=\"color: #005497;\">Jos\u00e9 Luis Monta\u00f1ez<\/span><br \/>\n<br \/>\nEn este a\u00f1o 2016, el Horario de Verano permiti\u00f3 un ahorro de 165.2 gigawatts por hora (GWH) en el Estado de M\u00e9xico, inform\u00f3 Armando \u00c1lvarez Reyes, director general de Electrificaci\u00f3n de la Secretar\u00eda de Infraestructura.<\/p>\n","protected":false},"author":3,"featured_media":296252,"comment_status":"open","ping_status":"open","sticky":false,"template":"","format":"standard","meta":{"_monsterinsights_skip_tracking":false,"_monsterinsights_sitenote_active":false,"_monsterinsights_sitenote_note":"","_monsterinsights_sitenote_category":0,"footnotes":""},"categories":[5],"tags":[13284,43704,43674],"class_list":["post-296147","post","type-post","status-publish","format-standard","has-post-thumbnail","hentry","category-estado-de-mexico","tag-arco-norte","tag-jose-luis-montanez-aguilar","tag-opinion"],"_links":{"self":[{"href":"https:\/\/www.diarioimagen.net\/index.php?rest_route=\/wp\/v2\/posts\/296147","targetHints":{"allow":["GET"]}}],"collection":[{"href":"https:\/\/www.diarioimagen.net\/index.php?rest_route=\/wp\/v2\/posts"}],"about":[{"href":"https:\/\/www.diarioimagen.net\/index.php?rest_route=\/wp\/v2\/types\/post"}],"author":[{"embeddable":true,"href":"https:\/\/www.diarioimagen.net\/index.php?rest_route=\/wp\/v2\/users\/3"}],"replies":[{"embeddable":true,"href":"https:\/\/www.diarioimagen.net\/index.php?rest_route=%2Fwp%2Fv2%2Fcomments&post=296147"}],"version-history":[{"count":0,"href":"https:\/\/www.diarioimagen.net\/index.php?rest_route=\/wp\/v2\/posts\/296147\/revisions"}],"wp:featuredmedia":[{"embeddable":true,"href":"https:\/\/www.diarioimagen.net\/index.php?rest_route=\/wp\/v2\/media\/296252"}],"wp:attachment":[{"href":"https:\/\/www.diarioimagen.net\/index.php?rest_route=%2Fwp%2Fv2%2Fmedia&parent=296147"}],"wp:term":[{"taxonomy":"category","embeddable":true,"href":"https:\/\/www.diarioimagen.net\/index.php?rest_route=%2Fwp%2Fv2%2Fcategories&post=296147"},{"taxonomy":"post_tag","embeddable":true,"href":"https:\/\/www.diarioimagen.net\/index.php?rest_route=%2Fwp%2Fv2%2Ftags&post=296147"}],"curies":[{"name":"wp","href":"https:\/\/api.w.org\/{rel}","templated":true}]}}