{"id":296204,"date":"2016-10-31T00:04:23","date_gmt":"2016-10-31T06:04:23","guid":{"rendered":"http:\/\/www.diarioimagen.net\/?p=296204"},"modified":"2016-10-31T04:45:07","modified_gmt":"2016-10-31T10:45:07","slug":"continua-gobierno-tultitlense-con-la-entrega-de-obras-sociales","status":"publish","type":"post","link":"https:\/\/www.diarioimagen.net\/?p=296204","title":{"rendered":"Contin\u00faa gobierno tultitlense con la entrega de obras sociales"},"content":{"rendered":"<ul>\n<li><strong><em>En beneficio del sector educativo\u00a0<\/em><\/strong><\/li>\n<\/ul>\n<p>&nbsp;<\/p>\n<div id=\"attachment_296284\" style=\"width: 470px\" class=\"wp-caption aligncenter\"><a href=\"http:\/\/www.diarioimagen.net\/?attachment_id=296284\" rel=\"attachment wp-att-296284\"><img loading=\"lazy\" decoding=\"async\" aria-describedby=\"caption-attachment-296284\" class=\"size-large wp-image-296284\" src=\"http:\/\/www.diarioimagen.net\/wp-content\/uploads\/2016\/10\/TULTITLAN-2986-460x259.jpg\" alt=\"El alcalde, Jorge Ad\u00e1n Barr\u00f3n Elizalde, inaugur\u00f3 el comedor escolar en la primaria \u201cEstado de M\u00e9xico\u201d.\" width=\"460\" height=\"259\" srcset=\"https:\/\/www.diarioimagen.net\/wp-content\/uploads\/2016\/10\/TULTITLAN-2986-460x259.jpg 460w, https:\/\/www.diarioimagen.net\/wp-content\/uploads\/2016\/10\/TULTITLAN-2986-240x135.jpg 240w, https:\/\/www.diarioimagen.net\/wp-content\/uploads\/2016\/10\/TULTITLAN-2986-235x132.jpg 235w, https:\/\/www.diarioimagen.net\/wp-content\/uploads\/2016\/10\/TULTITLAN-2986-202x114.jpg 202w, https:\/\/www.diarioimagen.net\/wp-content\/uploads\/2016\/10\/TULTITLAN-2986-350x196.jpg 350w, https:\/\/www.diarioimagen.net\/wp-content\/uploads\/2016\/10\/TULTITLAN-2986-220x123.jpg 220w, https:\/\/www.diarioimagen.net\/wp-content\/uploads\/2016\/10\/TULTITLAN-2986-237x132.jpg 237w, https:\/\/www.diarioimagen.net\/wp-content\/uploads\/2016\/10\/TULTITLAN-2986.jpg 480w\" sizes=\"auto, (max-width: 460px) 100vw, 460px\" \/><\/a><p id=\"caption-attachment-296284\" class=\"wp-caption-text\">El alcalde, Jorge Ad\u00e1n Barr\u00f3n Elizalde, inaugur\u00f3 el comedor escolar en la primaria \u201cEstado de M\u00e9xico\u201d.<\/p><\/div>\n<p>&nbsp;<\/p>\n<p><strong>Tultitl\u00e1n, Estado de M\u00e9xico<\/strong>.- Preocupado por elevar la calidad de infraestructura educativa en Tultitl\u00e1n, el presidente municipal, Jorge Ad\u00e1n Barr\u00f3n Elizalde, en colaboraci\u00f3n con la Direcci\u00f3n General de Obras P\u00fablicas, llevaron a cabo la inauguraci\u00f3n \u00a0del comedor escolar en la primaria \u201cEstado de M\u00e9xico\u201d y construcci\u00f3n de techado en el jard\u00edn de ni\u00f1os \u201cEnriqueta Camarillo\u201d ambos planteles ubicados en el fraccionamiento Fuentes del Valle.<\/p>\n<p>El alcalde se\u00f1al\u00f3; \u201ccontinuamos apoyando a los planteles educativos de Tultitl\u00e1n, ya que para la actual administraci\u00f3n, la educaci\u00f3n es un tema preponderante, en el cual no se gasta, se invierte\u201d enfatiz\u00f3. De igual manera detall\u00f3 que para el techo se invirtieron 602 mil 811 pesos, lo cual beneficia a 136 estudiantes y 501 mil 212 pesos en la inauguraci\u00f3n del comedor, beneficiando a 800 alumnos.<\/p>\n<p>\u201cNos preocupa salvaguardar la integridad f\u00edsica y emocional de nuestros infantes, ya que el tener un comedor escolar los beneficia a que diario consuman alimentos sanos y balanceados y el tener un arco techo los protege de las inclemencias del clima y as\u00ed puedan realizar actividades f\u00edsicas y culturales\u201d. En tanto, la directora de la primaria \u201cEstado de M\u00e9xico\u201d agradeci\u00f3 al edil por cumplir un compromiso pactado con anterioridad, resaltando la celeridad con la que se realizaron los trabajos, para que el comedor escolar estuviera en \u00f3ptimas condiciones.<\/p>\n","protected":false},"excerpt":{"rendered":"<p>Preocupado por elevar la calidad de infraestructura educativa en Tultitl\u00e1n, el presidente municipal, Jorge Ad\u00e1n Barr\u00f3n Elizalde, en colaboraci\u00f3n con la Direcci\u00f3n General de Obras P\u00fablicas, llevaron a cabo la inauguraci\u00f3n  del comedor escolar en la primaria \u201cEstado de M\u00e9xico\u201d y construcci\u00f3n de techado en el jard\u00edn de ni\u00f1os \u201cEnriqueta Camarillo\u201d ambos planteles ubicados en el fraccionamiento Fuentes del Valle.<\/p>\n","protected":false},"author":3,"featured_media":296284,"comment_status":"open","ping_status":"open","sticky":false,"template":"","format":"standard","meta":{"_monsterinsights_skip_tracking":false,"_monsterinsights_sitenote_active":false,"_monsterinsights_sitenote_note":"","_monsterinsights_sitenote_category":0,"footnotes":""},"categories":[35155],"tags":[43675,578],"class_list":["post-296204","post","type-post","status-publish","format-standard","has-post-thumbnail","hentry","category-estado-de-mexico-estado-de-mexico","tag-estado-de-mexico","tag-tultitlan"],"_links":{"self":[{"href":"https:\/\/www.diarioimagen.net\/index.php?rest_route=\/wp\/v2\/posts\/296204","targetHints":{"allow":["GET"]}}],"collection":[{"href":"https:\/\/www.diarioimagen.net\/index.php?rest_route=\/wp\/v2\/posts"}],"about":[{"href":"https:\/\/www.diarioimagen.net\/index.php?rest_route=\/wp\/v2\/types\/post"}],"author":[{"embeddable":true,"href":"https:\/\/www.diarioimagen.net\/index.php?rest_route=\/wp\/v2\/users\/3"}],"replies":[{"embeddable":true,"href":"https:\/\/www.diarioimagen.net\/index.php?rest_route=%2Fwp%2Fv2%2Fcomments&post=296204"}],"version-history":[{"count":0,"href":"https:\/\/www.diarioimagen.net\/index.php?rest_route=\/wp\/v2\/posts\/296204\/revisions"}],"wp:featuredmedia":[{"embeddable":true,"href":"https:\/\/www.diarioimagen.net\/index.php?rest_route=\/wp\/v2\/media\/296284"}],"wp:attachment":[{"href":"https:\/\/www.diarioimagen.net\/index.php?rest_route=%2Fwp%2Fv2%2Fmedia&parent=296204"}],"wp:term":[{"taxonomy":"category","embeddable":true,"href":"https:\/\/www.diarioimagen.net\/index.php?rest_route=%2Fwp%2Fv2%2Fcategories&post=296204"},{"taxonomy":"post_tag","embeddable":true,"href":"https:\/\/www.diarioimagen.net\/index.php?rest_route=%2Fwp%2Fv2%2Ftags&post=296204"}],"curies":[{"name":"wp","href":"https:\/\/api.w.org\/{rel}","templated":true}]}}